{"id":26785,"date":"2025-10-27T20:26:13","date_gmt":"2025-10-27T20:26:13","guid":{"rendered":"https:\/\/www.europesays.com\/lt\/26785\/"},"modified":"2025-10-27T20:26:13","modified_gmt":"2025-10-27T20:26:13","slug":"volodymyras-zelenskis-ukraina-gaus-papildomu-naikintuvu-mirage-is-prancuzijos-ir-raketu-is-jk","status":"publish","type":"post","link":"https:\/\/www.europesays.com\/lt\/26785\/","title":{"rendered":"Volodymyras Zelenskis: Ukraina gaus papildom\u0173 naikintuv\u0173 \u201eMirage\u201c i\u0161 Pranc\u016bzijos ir raket\u0173 i\u0161 JK"},"content":{"rendered":"<p>D\u0117kodamas JK ir Pranc\u016bzijai, kasdien\u0117je kalboje socialiniuose tinkluose jis teig\u0117, kad \u201ePranc\u016bzija pri\u0117m\u0117 sprendim\u0105 apr\u016bpinti Ukrain\u0105 papildomais naikintuvais \u201eMirage\u201c ir oro gynybos raketomis, o JK ir toliau pad\u0117s mums oro gynybos srityje tiekdama raketas ir gamindama dronus per\u0117m\u0117jus\u201c.<\/p>\n<p>Pary\u017eius vir\u0161garsinius l\u0117ktuvus \u201eMirage\u201c Ukrainai \u0117m\u0117 si\u0173sti \u0161iais metais.<\/p>\n<p>Suomija ir Ispanija taip pat nusprend\u0117 paremti prioritetini\u0173 Ukrainos poreiki\u0173 s\u0105ra\u0161o mechanizm\u0105 (PURL, angl. Priority Ukraine Requirements List) d\u0117l JAV raket\u0173 \u201ePatriot\u201c \u012fsigijimo, sak\u0117 V. Zelenskis.<\/p>\n<p>\u201eSuomija ir Ispanija taip pat pri\u0117m\u0117 naujus sprendimus prisid\u0117ti prie PURL iniciatyvos \u2013 amerikieti\u0161k\u0173 ginkl\u0173, \u012fskaitant raketas \u201ePatriot\u201c, \u012fsigijimo mechanizmo. Dirbame \u0161iuo klausimu visi\u0161kai susitelk\u0119, o m\u016bs\u0173 gynybos susitarimai su Europos partneriais veikia ai\u0161kiai. Rengiame naujus projektus \u2013 bus daugiau bendros ginkl\u0173 gamybos\u201c, \u2013 teig\u0117 Ukrainos prezidentas.<\/p>\n","protected":false},"excerpt":{"rendered":"D\u0117kodamas JK ir Pranc\u016bzijai, kasdien\u0117je kalboje socialiniuose tinkluose jis teig\u0117, kad \u201ePranc\u016bzija pri\u0117m\u0117 sprendim\u0105 apr\u016bpinti Ukrain\u0105 papildomais naikintuvais&hellip;\n","protected":false},"author":2,"featured_media":26786,"comment_status":"","ping_status":"","sticky":false,"template":"","format":"standard","meta":{"footnotes":""},"categories":[15],"tags":[25,30,31,34,35,24,32,33,37,39,36,38,40,23,22,44,28,29,26,27,74,75,76],"class_list":{"0":"post-26785","1":"post","2":"type-post","3":"status-publish","4":"format-standard","5":"has-post-thumbnail","7":"category-pasaulis","8":"tag-antrastes","9":"tag-breaking-news","10":"tag-breakingnews","11":"tag-featured-news","12":"tag-featurednews","13":"tag-headlines","14":"tag-latest-news","15":"tag-latestnews","16":"tag-lietuva","17":"tag-lietuviu","18":"tag-lithuania","19":"tag-lithuanian","20":"tag-lt","21":"tag-naujienos","22":"tag-news","23":"tag-pasaulis","24":"tag-populiariausios-naujienos","25":"tag-populiariausiosnaujienos","26":"tag-top-stories","27":"tag-topstories","28":"tag-world","29":"tag-world-news","30":"tag-worldnews"},"share_on_mastodon":{"url":"https:\/\/pubeurope.com\/@lt\/115448013295701369","error":""},"_links":{"self":[{"href":"https:\/\/www.europesays.com\/lt\/wp-json\/wp\/v2\/posts\/26785","targetHints":{"allow":["GET"]}}],"collection":[{"href":"https:\/\/www.europesays.com\/lt\/wp-json\/wp\/v2\/posts"}],"about":[{"href":"https:\/\/www.europesays.com\/lt\/wp-json\/wp\/v2\/types\/post"}],"author":[{"embeddable":true,"href":"https:\/\/www.europesays.com\/lt\/wp-json\/wp\/v2\/users\/2"}],"replies":[{"embeddable":true,"href":"https:\/\/www.europesays.com\/lt\/wp-json\/wp\/v2\/comments?post=26785"}],"version-history":[{"count":0,"href":"https:\/\/www.europesays.com\/lt\/wp-json\/wp\/v2\/posts\/26785\/revisions"}],"wp:featuredmedia":[{"embeddable":true,"href":"https:\/\/www.europesays.com\/lt\/wp-json\/wp\/v2\/media\/26786"}],"wp:attachment":[{"href":"https:\/\/www.europesays.com\/lt\/wp-json\/wp\/v2\/media?parent=26785"}],"wp:term":[{"taxonomy":"category","embeddable":true,"href":"https:\/\/www.europesays.com\/lt\/wp-json\/wp\/v2\/categories?post=26785"},{"taxonomy":"post_tag","embeddable":true,"href":"https:\/\/www.europesays.com\/lt\/wp-json\/wp\/v2\/tags?post=26785"}],"curies":[{"name":"wp","href":"https:\/\/api.w.org\/{rel}","templated":true}]}}