{"id":26789,"date":"2025-10-27T20:50:13","date_gmt":"2025-10-27T20:50:13","guid":{"rendered":"https:\/\/www.europesays.com\/lt\/26789\/"},"modified":"2025-10-27T20:50:13","modified_gmt":"2025-10-27T20:50:13","slug":"the-economist-putinas-siekia-padalyti-ukraina-i-dvi-dalis-viena-ju-paversti-negyvenama","status":"publish","type":"post","link":"https:\/\/www.europesays.com\/lt\/26789\/","title":{"rendered":"\u201eThe Economist\u201c: Putinas siekia padalyti Ukrain\u0105 \u012f dvi dalis \u2013 vien\u0105 j\u0173 paversti negyvenama"},"content":{"rendered":"<p>Art\u0117jant \u0161altai \u017eiemai V.Putinas bando sunaikinti Ukrain\u0105, sm\u016bgiuodamas elektros tinklams, centriniam \u0161ildymo ir duj\u0173 tiekimo sistemoms. Kremliaus tikslas \u2013 padaryti rytinius \u0161alies regionus negyvenamus, pakenkti pramonei, sukelti panik\u0105 ir masin\u0119 emigracij\u0105.<\/p>\n<p>U\u017e Ukrainos sostin\u0117s rib\u0173 Rusijos d\u0117mesys sutelktas \u012f Sum\u0173, \u010cernihivo ir Charkivo sritis.<\/p>\n<p> <a href=\"https:\/\/s1.15min.lt\/images\/photos\/2025\/10\/06\/original\/karas-ukrainoje-68e389b5adf9c.jpg\" rel=\"content-image nofollow noopener\" title=\"\u201eReuters\u201c\/\u201eScanpix\u201c\/Karas Ukrainoje\" target=\"_blank\"><img decoding=\"async\" alt=\"\u201eReuters\u201c\/\u201eScanpix\u201c\/Karas Ukrainoje\" rel=\"content-image\" src=\"https:\/\/www.europesays.com\/lt\/wp-content\/uploads\/2025\/10\/karas-ukrainoje-68e389b5adf9c.jpg\" style=\"width: auto; height: auto;\"\/><\/a> <\/p>\n<p>\u201eReuters\u201c\/\u201eScanpix\u201c\/Karas Ukrainoje<\/p>\n<p>Pasak \u201eThe Economist\u201c, tikriausiai siekiama padalyti Ukrain\u0105 \u012f dvi dalis. Atkirsti pramoninius rytus, kur vartojimas didesnis, nuo energijos gamybos vakaruose ir sunaikinti elektros energijos tiekimo linijas. Taip Rusija bando paraly\u017eiuoti srautus i\u0161 vakar\u0173 \u012f rytus. Komentare leidinio \u017eurnalistams vienas \u0161altinis vyriausyb\u0117je paai\u0161kino, kad rusai \u201epirmiausia nori atjungti energij\u0105 rytiniam krantui, o ne visai \u0161aliai\u201c.<\/p>\n<p>\u201eKremlius elgiasi dar \u0161al\u010diau ir cini\u0161kiau nei anks\u010diau\u201c, \u2013 ra\u0161o \u201eThe Economist\u201c ir pridur\u0117, kad d\u0117l rus\u0173 atak\u0173 kai kurios vietov\u0117s be elektros liko net kelias dienas.<\/p>\n<p>Ta\u010diau m\u016b\u0161iai ore pasikeit\u0117, parei\u0161k\u0117 \u201eThe Economist\u201c.<\/p>\n<p>\u201eUkraina gerokai patobulino savo oro gynyb\u0105 ir diegia naujas bepilo\u010di\u0173 per\u0117m\u0117j\u0173 technologijas, ta\u010diau Rusija tobulina savo paj\u0117gumus ir kei\u010dia taktik\u0105.<\/p>\n<p>Dabar Kremlius daugiausia d\u0117mesio skiria konkretiems regionams ir atakuoja bangomis, naudodamas naujas bepilo\u010di\u0173 orlaivi\u0173 \u201eShahed\u201c versijas.<\/p>\n<p> <a href=\"https:\/\/s1.15min.lt\/images\/photos\/2025\/10\/10\/original\/ukraine-crisisattack-kyiv-68e8ab2c42e46.jpg\" rel=\"content-image nofollow noopener\" title=\"\u201eReuters\u201c\/\u201eScanpix\u201c\/Karas Ukrainoje\" target=\"_blank\"><img decoding=\"async\" alt=\"\u201eReuters\u201c\/\u201eScanpix\u201c\/Karas Ukrainoje\" rel=\"content-image\" src=\"https:\/\/www.europesays.com\/lt\/wp-content\/uploads\/2025\/10\/ukraine-crisisattack-kyiv-68e8ab2c42e46.jpg\" style=\"width: auto; height: auto;\"\/><\/a> <\/p>\n<p>\u201eReuters\u201c\/\u201eScanpix\u201c\/Karas Ukrainoje<\/p>\n<p>\u0160ie bepilo\u010diai orlaiviai yra greitesni ir tikslesni u\u017e pirmuosius prototipus, kuriuos Iranas pristat\u0117 2022 m., pa\u017eymima leidinyje.<\/p>\n<p>Rusi\u0161ki bepilo\u010diai orlaiviai skrieja didesniu nei 300 km\/val. grei\u010diu, geba apeiti trukdymo sistemas ir atakuoja kitaip \u2013 beveik vertikaliai, kaip raketa. O dabar j\u0173 yra daug daugiau, pabr\u0117\u017e\u0117\u201eThe Economist\u201c, nes Ukrainai da\u017enai tenka atremti 600 ar 700 prie\u0161o dron\u0173 atakas per nakt\u012f.<\/p>\n<p>Apie 60 proc. Ukrainos elektros energijos pagamina atomin\u0117s elektrin\u0117s, o did\u017ei\u0105j\u0105 likusi\u0105 dal\u012f \u2013 hidroelektrin\u0117s ir \u0161ilumin\u0117s elektrin\u0117s. Rusija puola ir elektr\u0105 gaminan\u010dias bendroves, ir j\u0105 skirstan\u010dias. Per tris savaites Rusija atjung\u0117 kelias \u0161ilumines elektrines ir galb\u016bt iki pus\u0117s duj\u0173 gamybos.<\/p>\n<p>Ukrainos elektros energijos tinklas priklauso nuo ma\u017edaug 90 pagrindini\u0173 pasto\u010di\u0173. Jos transformuoja elektrini\u0173 srov\u0119 \u012f \u017eemesn\u0119 \u012ftamp\u0105, skirt\u0105 regioniniams tinklams. Rusija sistemingai atakavo \u0161ias pastotes, taip atskleisdama silpn\u0105sias sistemos vietas.<\/p>\n<p> <a href=\"https:\/\/s1.15min.lt\/images\/photos\/2025\/10\/27\/original\/elektros-tiekimo-nutraukimas-cernihive-68ff752be5b96.jpg\" rel=\"content-image nofollow noopener\" title=\"AFP\/ \u201eScanpix\u201c\/Elektros tiekimo nutraukimas \u010cernihive\" target=\"_blank\"><img decoding=\"async\" alt=\"AFP\/ \u201eScanpix\u201c\/Elektros tiekimo nutraukimas \u010cernihive\" rel=\"content-image\" src=\"https:\/\/www.europesays.com\/lt\/wp-content\/uploads\/2025\/10\/elektros-tiekimo-nutraukimas-cernihive-68ff752be5b96.jpg\" style=\"width: auto; height: auto;\"\/><\/a> <\/p>\n<p>AFP\/ \u201eScanpix\u201c\/Elektros tiekimo nutraukimas \u010cernihive<\/p>\n<p>Sektoriuje nuotaikos ni\u016brios, bet ne pralaim\u0117jimo, ra\u0161o \u201eThe Economist\u201c. \u0160alyje sukauptos \u012frangos atsargos, kuriami nauji padaliniai, kurie sujungia oro gynyb\u0105 ir dronus, kad apsaugot\u0173 svarbiausius objektus. Ta\u010diau tik\u0117tina, kad \u0161i \u017eiema taps atsparumo i\u0161bandymu, kokio dar n\u0117ra buv\u0119, daro i\u0161vad\u0105 straipsnio autoriai.<\/p>\n<p>Pirmadienio nakt\u012f Rusijos paj\u0117gos atakavo energetikos objektus Sum\u0173 srityje, tod\u0117l dalis Sum\u0173 bendruomen\u0117s liko be elektros, prane\u0161\u0117 ukrainie\u010di\u0173 \u017einiasklaida.<\/p>\n<p>Apie avarinius elektros energijos tiekimo sutrikimus taip pat prane\u0161\u0117 \u010cerkas\u0173 ir Charkivo sri\u010di\u0173 regionin\u0117s elektros energijos skirstymo \u012fmon\u0117s.<\/p>\n<p>DTEK taip pat \u012fsp\u0117jo apie avarinius elektros energijos tiekimo sutrikimus Kyji ir Dnipro srityse.<\/p>\n<p>\u201eD\u0117l sud\u0117tingos pad\u0117ties elektros energetikos sistemoje, kuri\u0105 suk\u0117l\u0117 ankstesni\u0173 Rusijos ap\u0161audym\u0173 padariniai, keliuose Ukrainos regionuose priverstinai nutrauktas elektros energijos tiekimas nuo 1 iki 2,5 valandos\u201c, \u2013 teig\u0117 bendrov\u0117 \u201eUkrenerho\u201c.<\/p>\n","protected":false},"excerpt":{"rendered":"Art\u0117jant \u0161altai \u017eiemai V.Putinas bando sunaikinti Ukrain\u0105, sm\u016bgiuodamas elektros tinklams, centriniam \u0161ildymo ir duj\u0173 tiekimo sistemoms. Kremliaus tikslas&hellip;\n","protected":false},"author":2,"featured_media":16048,"comment_status":"","ping_status":"","sticky":false,"template":"","format":"standard","meta":{"footnotes":""},"categories":[15],"tags":[25,30,31,34,35,24,32,33,37,39,36,38,40,23,22,44,28,29,26,27,74,75,76],"class_list":{"0":"post-26789","1":"post","2":"type-post","3":"status-publish","4":"format-standard","5":"has-post-thumbnail","7":"category-pasaulis","8":"tag-antrastes","9":"tag-breaking-news","10":"tag-breakingnews","11":"tag-featured-news","12":"tag-featurednews","13":"tag-headlines","14":"tag-latest-news","15":"tag-latestnews","16":"tag-lietuva","17":"tag-lietuviu","18":"tag-lithuania","19":"tag-lithuanian","20":"tag-lt","21":"tag-naujienos","22":"tag-news","23":"tag-pasaulis","24":"tag-populiariausios-naujienos","25":"tag-populiariausiosnaujienos","26":"tag-top-stories","27":"tag-topstories","28":"tag-world","29":"tag-world-news","30":"tag-worldnews"},"share_on_mastodon":{"url":"https:\/\/pubeurope.com\/@lt\/115448107747776688","error":""},"_links":{"self":[{"href":"https:\/\/www.europesays.com\/lt\/wp-json\/wp\/v2\/posts\/26789","targetHints":{"allow":["GET"]}}],"collection":[{"href":"https:\/\/www.europesays.com\/lt\/wp-json\/wp\/v2\/posts"}],"about":[{"href":"https:\/\/www.europesays.com\/lt\/wp-json\/wp\/v2\/types\/post"}],"author":[{"embeddable":true,"href":"https:\/\/www.europesays.com\/lt\/wp-json\/wp\/v2\/users\/2"}],"replies":[{"embeddable":true,"href":"https:\/\/www.europesays.com\/lt\/wp-json\/wp\/v2\/comments?post=26789"}],"version-history":[{"count":0,"href":"https:\/\/www.europesays.com\/lt\/wp-json\/wp\/v2\/posts\/26789\/revisions"}],"wp:featuredmedia":[{"embeddable":true,"href":"https:\/\/www.europesays.com\/lt\/wp-json\/wp\/v2\/media\/16048"}],"wp:attachment":[{"href":"https:\/\/www.europesays.com\/lt\/wp-json\/wp\/v2\/media?parent=26789"}],"wp:term":[{"taxonomy":"category","embeddable":true,"href":"https:\/\/www.europesays.com\/lt\/wp-json\/wp\/v2\/categories?post=26789"},{"taxonomy":"post_tag","embeddable":true,"href":"https:\/\/www.europesays.com\/lt\/wp-json\/wp\/v2\/tags?post=26789"}],"curies":[{"name":"wp","href":"https:\/\/api.w.org\/{rel}","templated":true}]}}