{"id":267895,"date":"2026-09-03T05:14:17","date_gmt":"2026-09-03T05:14:17","guid":{"rendered":"https:\/\/www.europesays.com\/lt\/267895\/"},"modified":"2026-09-03T05:14:17","modified_gmt":"2026-09-03T05:14:17","slug":"100-euru-dabar-ir-pries-5-metus-nepatikesite-kiek-viskas-pabrango","status":"publish","type":"post","link":"https:\/\/www.europesays.com\/lt\/267895\/","title":{"rendered":"100 eur\u0173 dabar ir prie\u0161 5 metus: nepatik\u0117site, kiek viskas pabrango"},"content":{"rendered":"\n<p>Valstyb\u0117s duomen\u0173 agent\u016bros (VDA) duomenimis, <a href=\"https:\/\/www.tv3.lt\/gaires\/2026-m\" target=\"_blank\" rel=\"nofollow noopener\">2026 m.<\/a> liep\u0105, palyginti su 2021 m. liepa, gyventoj\u0173 perkam\u0173 preki\u0173 ir paslaug\u0173 kain\u0173 lygis <a href=\"https:\/\/www.tv3.lt\/rubrika\/naujienos\/lietuva\" target=\"_blank\" class=\"phrase\" rel=\"nofollow noopener\">Lietuvoje<\/a> buvo 44,9 proc. auk\u0161tesnis.<\/p>\n<p>Paprastai tariant, preki\u0173 ir paslaug\u0173 krep\u0161elis, kuris 2021 m. liep\u0105 kainavo 100 eur\u0173, \u0161i\u0173 met\u0173 liep\u0105 b\u016bt\u0173 kainav\u0119s apie 144,90 euro.<\/p>\n<p>Taigi kas labiausiai pabrango?<\/p>\n<p> 100 eur\u0173 \u201esusitrauk\u0117\u201c iki 69 eur\u0173      <a href=\"https:\/\/www.tv3.lt\/Uploads\/UGallery\/photos\/73\/91\/19\/4f\/7391194f9dadd7aaff648ee738ff969a.jpg\" data-fancybox=\"photos-embed\" data-caption=\"100 eur\u0173 (\u017dygimantas Gedvila\/ BNS nuotr.)\" target=\"_self\" rel=\"nofollow noopener\"> <img decoding=\"async\" class=\"photo-inside-article\" align=\"center\" alt=\"100 eur\u0173 (\u017dygimantas Gedvila\/ BNS nuotr.)\" title=\"100 eur\u0173 (\u017dygimantas Gedvila\/ BNS nuotr.)\" src=\"https:\/\/www.europesays.com\/lt\/wp-content\/uploads\/2026\/09\/7391194f9dadd7aaff648ee738ff969a.jpg\" width=\"684\" height=\"654\" loading=\"lazy\" \/> <\/a>       <\/p>\n<p>Lietuvos banko (LB) vyriausiosios ekonomist\u0117s Lauros Moci\u016bnait\u0117s skai\u010diavimu, 2026 m. antr\u0105j\u012f ketvirt\u012f b\u016bt\u0173 reik\u0117j\u0119 142 eur\u0173, kad j\u0173 <a href=\"https:\/\/www.tv3.lt\/gaires\/perkamoji-galia\" target=\"_blank\" rel=\"nofollow noopener\">perkamoji galia<\/a> atitikt\u0173 100 eur\u0173 2021 m.<\/p>\n<p><a href=\"https:\/\/www.tv3.lt\/gaires\/seb\" target=\"_blank\" rel=\"nofollow noopener\">SEB<\/a> banko <a href=\"https:\/\/www.tv3.lt\/gaires\/ekonomistas\" target=\"_blank\" rel=\"nofollow noopener\">ekonomistas<\/a> Tadas Povilauskas t\u0105 pat\u012f kain\u0173 pokyt\u012f iliustruoja i\u0161 kitos pus\u0117s.<\/p>\n<p>\u201e100 eur\u0173 2021 metais yra vertas 69 eur\u0173 \u0161iandien, skai\u010diuojant pagal tai, kiek pasikeit\u0117 vartotoj\u0173 preki\u0173 ir paslaug\u0173 kainos\u201c, \u2013 sako ekonomistas.<\/p>\n<p>VDA pateikti duomenys rodo, kaip per penkerius metus pasikeit\u0117 preki\u0173 ir paslaug\u0173 kiekis, kur\u012f galima \u012fsigyti u\u017e tuos pa\u010dius 100 eur\u0173.<\/p>\n<p>Pavyzd\u017eiui, 2021 m. liep\u0105 u\u017e 100 eur\u0173 buvo galima nusipirkti apie 61 kg duonos rugini\u0173 milt\u0173 pagrindu, o \u0161i\u0173 met\u0173 liep\u0105 \u2013 jau tik 31 kg. Ry\u0161kus skirtumas matyti ir degalin\u0117se \u2013 u\u017e t\u0105 pa\u010di\u0105 sum\u0105 dyzelino buvo galima \u012fsipilti apie 84 litrus, o dabar \u2013 53 litrus.<\/p>\n<p>           Kai kuri\u0173 preki\u0173 ir paslaug\u0173 kainos i\u0161augo beveik tris kartus <\/p>\n<p>Nepaisant to, kad\u00a0bendras vartotoj\u0173 kain\u0173 lygis per penkerius metus padid\u0117jo 44,9 proc., atskir\u0173 preki\u0173 ir paslaug\u0173 kainos kilo gerokai spar\u010diau.<\/p>\n<p>VDA duomenimis, labiausiai brango kakavos g\u0117rimai \u2013 j\u0173 kainos 2026 m. liep\u0105 buvo 187,2 proc. didesn\u0117s nei 2021 m. liep\u0105. Pagalbos namuose <a href=\"https:\/\/www.tv3.lt\/gaires\/paslaugos\" target=\"_blank\" rel=\"nofollow noopener\">paslaugos<\/a> pabrango 162,4 proc., akmens anglys \u2013 156,4 proc., medienos kuras, \u012fskaitant granules ir briketus, \u2013 133,6 proc., o \u0161ilumos energija \u2013 131,3 proc.<\/p>\n<p>Ry\u0161kiai brango ir poilsis: vie\u0161bu\u010di\u0173 apgyvendinimo paslaug\u0173 kainos i\u0161augo 91,6 proc., atostog\u0173 i\u0161vyk\u0173 \u2013 89,3 proc. Kiau\u0161iniai pabrango 71,3 proc.<\/p>\n<p>LB ekonomist\u0117 L. Moci\u016bnait\u0117 atkreipia d\u0117mes\u012f, kad did\u017eiausias kain\u0173 \u0161uolis neb\u016btinai rei\u0161kia ir did\u017eiausi\u0105 poveik\u012f gyventoj\u0173 piniginei. Svarbu, koki\u0105 dal\u012f savo i\u0161laid\u0173 \u017emon\u0117s skiria konkre\u010diai prekei ar paslaugai.<\/p>\n<p>Pavyzd\u017eiui, paslaugos per \u0161\u012f laikotarp\u012f pabrango apie 48 proc., ta\u010diau jos sudaro vidutini\u0161kai ketvirtadal\u012f vartojimo krep\u0161elio. Tod\u0117l, pasak ekonomist\u0117s, b\u016btent paslaug\u0173 brangimas labiausiai prisid\u0117jo prie perkamosios galios ma\u017e\u0117jimo.<\/p>\n<p>Vis d\u0117lto per penkerius metus brango ne viskas.<\/p>\n<p>VDA duomenimis, garso ir vaizdo pri\u0117mimo, \u012fra\u0161ymo bei atk\u016brimo \u012frenginiai atpigo 23,1 proc., medicinin\u0117s diagnostikos gaminiai \u2013 18,7 proc., stovyklavimo ir lauko rekreacijos \u012frenginiai \u2013 16,2 proc., o mobiliojo ry\u0161io telefon\u0173 \u012franga \u2013 12,4 proc.<\/p>\n<p>    Kod\u0117l kainos taip \u0161oko? <\/p>\n<p>L. Moci\u016bnait\u0117 pabr\u0117\u017eia, kad pastarieji penkeri metai pasaulio ekonomikai buvo i\u0161skirtiniai. Pandemijos padarinius sek\u0117 <a href=\"https:\/\/www.tv3.lt\/rubrika\/naujienos\/uzsienis\/rusija\" target=\"_blank\" class=\"phrase\" rel=\"nofollow noopener\">Rusijos<\/a> prad\u0117tas karas prie\u0161 Ukrain\u0105 ir geopolitiniai neramumai Artimuosiuose Rytuose.<\/p>\n<p>\u0160ie \u012fvykiai trikd\u0117 tiekimo grandines, didino energijos i\u0161tekli\u0173 ir kit\u0173 \u017ealiav\u0173 kainas, o tai atsispind\u0117jo ir vartotoj\u0173 kainose. Ta\u010diau kainas Lietuvoje augino ne tik i\u0161oriniai veiksniai.<\/p>\n<p>        <a href=\"https:\/\/www.tv3.lt\/Uploads\/UGallery\/photos\/c7\/8c\/d9\/e6\/c78cd9e69a81ee3f2a1410708be2089a.jpg\" data-fancybox=\"photos-embed\" data-caption=\"Parduotuv\u0117 BNS Foto\" target=\"_self\" rel=\"nofollow noopener\"> <img decoding=\"async\" class=\"photo-inside-article\" align=\"center\" alt=\"Parduotuv\u0117 BNS Foto\" title=\"Parduotuv\u0117 BNS Foto\" src=\"https:\/\/www.europesays.com\/lt\/wp-content\/uploads\/2026\/09\/c78cd9e69a81ee3f2a1410708be2089a.jpg\" width=\"684\" height=\"654\" loading=\"lazy\" \/> <\/a>       <\/p>\n<p>\u201eBe \u0161i\u0173 i\u0161orini\u0173 veiksni\u0173 spaudim\u0105 kainoms Lietuvoje papildomai didino ir spar\u010diai did\u0117j\u0119 atlyginimai\u201c, \u2013 akcentuoja\u00a0LB ekonomist\u0117.<\/p>\n<p>T. Povilauskas taip pat i\u0161skiria tris pagrindinius veiksnius \u2013 augusius atlyginimus ir darbo s\u0105naudas, karo Ukrainoje sukelt\u0105 energetikos kriz\u0119 bei mokestinius poky\u010dius, ypa\u010d akciz\u0173 didinim\u0105.<\/p>\n<p> Ar i\u0161 ties\u0173 tapome skurdesni? <\/p>\n<p>U\u017e 100 eur\u0173 \u0161iandien galima nusipirkti gerokai ma\u017eiau nei 2021 m., ta\u010diau vien kain\u0173 poky\u010dio nepakanka spr\u0119sti, kaip pasikeit\u0117 gyventoj\u0173 gyvenimo lygis.<\/p>\n<p>LB duomenimis, 2026 m. antr\u0105j\u012f ketvirt\u012f vidutinis m\u0117nesinis bruto darbo u\u017emokestis, palyginti su 2021 m., buvo padid\u0117j\u0119s apie 65 proc., o kainos per atitinkam\u0105 laikotarp\u012f \u2013 apie 42 proc.<\/p>\n<p>Tai rei\u0161kia, kad vidutinis realusis darbo u\u017emokestis augo ir vidutini\u0161kai dirbantieji gal\u0117jo \u012fsigyti daugiau preki\u0173 bei paslaug\u0173 nei prie\u0161 penkerius metus.<\/p>\n<p>Anot T. Povilausko, vidutinis darbo u\u017emokestis po mokes\u010di\u0173 nuo 2021 m. i\u0161augo apie 56 proc., o vidutin\u0117 senatv\u0117s <a href=\"https:\/\/www.tv3.lt\/pensija\" target=\"_blank\" class=\"phrase\" rel=\"nofollow noopener\">pensija<\/a> \u2013 ma\u017edaug 45 proc.<\/p>\n<p>\u201eTai rei\u0161kia, kad pensinink\u0173 perkamoji galia per tuos metus nepakito, dirban\u010di\u0173j\u0173 \u2013 did\u0117jo ir j\u0173 galimyb\u0117s vartoti did\u0117jo\u201c, \u2013 sako ekonomistas.<\/p>\n<p>Vis d\u0117lto tai \u2013 vidutiniai rodikliai. Jei konkretaus \u017emogaus pajamos augo l\u0117\u010diau nei kainos arba didel\u0119 jo i\u0161laid\u0173 dal\u012f sudar\u0117 ypa\u010d spar\u010diai brangusios <a href=\"https:\/\/www.tv3.lt\/gaires\/prekes\" target=\"_blank\" rel=\"nofollow noopener\">prek\u0117s<\/a> ir paslaugos, jo asmenin\u0117 perkamoji galia gal\u0117jo suma\u017e\u0117ti.<\/p>\n<p>T. Povilauskas atkreipia d\u0117mes\u012f \u012f dar vien\u0105 aspekt\u0105, kurio \u012fprastas vartotoj\u0173 kain\u0173 palyginimas neparodo \u2013 b\u016bsto \u012fperkamum\u0105.<\/p>\n<p>Per penkerius metus b\u016bsto kainos gerokai augo, be to, pasikeit\u0117 pal\u016bkan\u0173 norm\u0173 aplinka. 2021 m. \u201eEuribor\u201c dar buvo neigiamas, tod\u0117l, pasak SEB ekonomisto, \u0161iandien b\u016bst\u0105 \u012fsigyti gali b\u016bti sunkiau net ir u\u017edirbant daugiau nei prie\u0161 penkerius metus.<\/p>\n<p>      2027 metais gali prireikti jau 146 eur\u0173 <\/p>\n<p>Kainos tur\u0117t\u0173 augti ir kit\u0105met, ta\u010diau ekonomistai prognozuoja l\u0117tesn\u012f j\u0173 augim\u0105.<\/p>\n<p>LB bir\u017eelio prognoz\u0117se numatoma, kad 2026 m. vidutin\u0117 metin\u0117 <a href=\"https:\/\/www.tv3.lt\/gaires\/infliacija\" target=\"_blank\" rel=\"nofollow noopener\">infliacija<\/a> sieks 5,1 proc., o 2027 m. suma\u017e\u0117s iki 3 proc.<\/p>\n<p>Remdamasi \u0161iomis prognoz\u0117mis, L. Moci\u016bnait\u0117 skai\u010diuoja, kad 2027 m. vidutini\u0161kai reik\u0117t\u0173 146 eur\u0173, kad j\u0173 perkamoji galia atitikt\u0173 100 eur\u0173 2021 m.<\/p>\n<p>SEB prognoz\u0117 kiek auk\u0161tesn\u0117 \u2013 bankas kit\u0105met tikisi ma\u017edaug 3,5 proc. vidutin\u0117s metin\u0117s infliacijos.<\/p>\n<p>T. Povilauskas svarsto, kad gyventoj\u0173 pajamos ir toliau augs spar\u010diau nei kainos, jei nebus didesni\u0173 neigiam\u0173 staigmen\u0173 energetikos rinkoje.<\/p>\n","protected":false},"excerpt":{"rendered":"Valstyb\u0117s duomen\u0173 agent\u016bros (VDA) duomenimis, 2026 m. liep\u0105, palyginti su 2021 m. liepa, gyventoj\u0173 perkam\u0173 preki\u0173 ir paslaug\u0173&hellip;\n","protected":false},"author":2,"featured_media":267896,"comment_status":"","ping_status":"","sticky":false,"template":"","format":"standard","meta":{"footnotes":"","_share_on_mastodon":"0"},"categories":[13],"tags":[38755,25,30,31,57,43,34,35,55,48,24,54,51,49,50,32,33,37,39,36,38,40,45,23,22,44,28,29,53,42,56,47,26,27,41,46,58,52],"class_list":["post-267895","post","type-post","status-publish","format-standard","has-post-thumbnail","category-lietuva","tag-2026-09-03-053000","tag-antrastes","tag-breaking-news","tag-breakingnews","tag-daiktai","tag-dienos-kronika","tag-featured-news","tag-featurednews","tag-gatves-tekstai","tag-gyvenimas","tag-headlines","tag-interneto-pievos","tag-keliones","tag-kultura","tag-laisvalaikis","tag-latest-news","tag-latestnews","tag-lietuva","tag-lietuviu","tag-lithuania","tag-lithuanian","tag-lt","tag-mokslas-ir-it","tag-naujienos","tag-news","tag-pasaulis","tag-populiariausios-naujienos","tag-populiariausiosnaujienos","tag-projektai","tag-rinktiniai-tekstai","tag-simtmecio-portalas","tag-sportas","tag-top-stories","tag-topstories","tag-tv3-lt","tag-verslas","tag-video","tag-zaidimai"],"share_on_mastodon":{"url":"","error":"Validation failed: Text character limit of 500 exceeded"},"_links":{"self":[{"href":"https:\/\/www.europesays.com\/lt\/wp-json\/wp\/v2\/posts\/267895","targetHints":{"allow":["GET"]}}],"collection":[{"href":"https:\/\/www.europesays.com\/lt\/wp-json\/wp\/v2\/posts"}],"about":[{"href":"https:\/\/www.europesays.com\/lt\/wp-json\/wp\/v2\/types\/post"}],"author":[{"embeddable":true,"href":"https:\/\/www.europesays.com\/lt\/wp-json\/wp\/v2\/users\/2"}],"replies":[{"embeddable":true,"href":"https:\/\/www.europesays.com\/lt\/wp-json\/wp\/v2\/comments?post=267895"}],"version-history":[{"count":0,"href":"https:\/\/www.europesays.com\/lt\/wp-json\/wp\/v2\/posts\/267895\/revisions"}],"wp:featuredmedia":[{"embeddable":true,"href":"https:\/\/www.europesays.com\/lt\/wp-json\/wp\/v2\/media\/267896"}],"wp:attachment":[{"href":"https:\/\/www.europesays.com\/lt\/wp-json\/wp\/v2\/media?parent=267895"}],"wp:term":[{"taxonomy":"category","embeddable":true,"href":"https:\/\/www.europesays.com\/lt\/wp-json\/wp\/v2\/categories?post=267895"},{"taxonomy":"post_tag","embeddable":true,"href":"https:\/\/www.europesays.com\/lt\/wp-json\/wp\/v2\/tags?post=267895"}],"curies":[{"name":"wp","href":"https:\/\/api.w.org\/{rel}","templated":true}]}}