{"id":267911,"date":"2026-09-03T05:47:34","date_gmt":"2026-09-03T05:47:34","guid":{"rendered":"https:\/\/www.europesays.com\/lt\/267911\/"},"modified":"2026-09-03T05:47:34","modified_gmt":"2026-09-03T05:47:34","slug":"anyksciu-meras-kelia-eso-audito-ideja-respublika-lt","status":"publish","type":"post","link":"https:\/\/www.europesays.com\/lt\/267911\/","title":{"rendered":"Anyk\u0161\u010di\u0173 meras kelia ESO audito id\u0117j\u0105 &#8211; Respublika.lt"},"content":{"rendered":"<p style=\"text-align: justify;\" class=\"desktop_banner\">\u00a0<\/p>\n<p>Absurdas, bet kai kas sulaukia prane\u0161im\u0173, kad elektra bus atstatyta&#8230; 1899 m. Be elektros lik\u0119 gyventojai pasibais\u0117j\u0119: nereikia nei karo, pakanka stipresnio v\u0117jo ir Lietuvoje kyla chaosas. Anyk\u0161\u010di\u0173 rajono meras K\u0119stutis Tubis taip pat neslepia pyk\u010dio ir sako, kad ESO reikalingas auditas.<\/p>\n<p>Po rugpj\u016b\u010dio pabaigoje \u0161al\u012f nusiaubusios audros elektros tre\u010diadien\u012f dar netur\u0117jo apie 7 t\u016bkst. ESO klient\u0173. Nuo antradienio gyventojai, kuriems po rugpj\u016bt\u012f Lietuv\u0105 nusiaubusios audros elektros tiekimas buvo atkurtas v\u0117liau nei po trij\u0173 par\u0173, gali supaprastinta tvarka kreiptis \u012f \u201eEnergijos skirstymo operatori\u0173&#8221; (ESO) d\u0117l tiesiogini\u0173 nuostoli\u0173 atlyginimo.<\/p>\n<p>Bendrov\u0117s teigimu, gyventojTiesioginiai nuostoliai bus kompensuojami supaprastinta pra\u0161ym\u0173 pateikimo tvarka, juos galima pateikti nuo antradienio, rugs\u0117jo 2 d., per ESO savitarn\u0105, elektroniniu ar paprastu pa\u0161tu, o neturintiems prieigos prie elektronini\u0173 kanal\u0173, ir klient\u0173 aptarnavimo telefonu.<\/p>\n<p>Teikiant pra\u0161ym\u0105 reik\u0117s prid\u0117ti i\u0161laidas pagrind\u017eian\u010dius dokumentus, pavyzd\u017eiui, elektros generatoriaus nuomos, \u012fsigijimo, kuro kvitus, maisto produkt\u0173 pirkimo kvitus.<\/p>\n<p>&#8211; Kokia situacija Anyk\u0161\u010di\u0173 rajone pra\u0117jus daugiau kaip savaitei po audros? &#8211; \u201eVakaro \u017einios&#8221; paklaus\u0117 Anyk\u0161\u010di\u0173 rajono mero K\u0119stu\u010dio TUBIO.<\/p>\n<p><img loading=\"lazy\" decoding=\"async\" src=\"https:\/\/www.europesays.com\/lt\/wp-content\/uploads\/2026\/09\/photo_5476540_1.jpg\" alt=\"\" width=\"580\" height=\"201\"\/><\/p>\n<p>&#8211; Pirmadienio ryte atjungt\u0173 abonent\u0173 vis dar buvo 1506. Tai yra objektai, tad gali b\u016bti, kad realiai yra daugiau \u017emoni\u0173, kurie neturi elektros. Taip pat su generatoriais apr\u016bpinami elektra ir dveji socialiniai namai.<\/p>\n<p>Pirmadien\u012f ryte vis dar buvo sutrikusi vandens tiekimo strukt\u016bra kai kuriuose kaimuose. Taip pat ir nuotek\u0173 tvarkymas. Elektros n\u0117ra ir dvejose socialin\u0117s globos \u012fstaigose.<\/p>\n<p>Tre\u010diadienio duomenimis Anyk\u0161\u010di\u0173 savivaldyb\u0117je fiksuota 301 elektros tiekimo sutrikim\u0173, atjungt\u0173 klient\u0173 skai\u010dius 1 074 vnt. Sutrikimus savivaldyb\u0117je \u0161alina 18 brigad\u0173.<\/p>\n<p>&#8211; Kaip sprend\u017eiate situacijas socialin\u0117s globos \u012fstaigose?<\/p>\n<p>&#8211; Pastat\u0117me generatorius ir ve\u017eame vanden\u012f. Dar pra\u0117jusi\u0105 savait\u0119 kreip\u0117m\u0117s \u012f kra\u0161to apsaugos ministerij\u0105, kuri skyr\u0117 mums 24 karius, i\u0161 kuri\u0173 dalis buvo i\u0161 in\u017einerinio bataliono. Taip pat pasitelk\u0117me savivaldyb\u0117s ugniagesius, kad jie visi kartu pad\u0117t\u0173 \u0161alinti i\u0161vartas prie elektros linij\u0173, kad energetikai gal\u0117t\u0173 atstatin\u0117ti tinkl\u0105. Nes iki tol jie pjov\u0117 med\u017eius, val\u0117si priva\u017eiavimus prie stulp\u0173, o ne atk\u016brin\u0117jo elektr\u0105. Kariai ir ugniagesiai dirbo ir savaitgal\u012f. Kiekvien\u0105 dien\u0105 juos \u012f darb\u0105 i\u0161leid\u017eiu 7:30 val.<\/p>\n<p>Pirmadien\u012f ryte i\u0161siun\u010diau ra\u0161t\u0105 ESO vadovui Renaldui Radvilai, Energetikos ministrui Lukui Savickui ir premjerui Mindaugui Sinkevi\u010diui d\u0117l \u0161ios situacijos.<\/p>\n<p>Esu susir\u016bpin\u0119s, kad tiek daug vartotoj\u0173 m\u016bs\u0173 rajone vis dar neturi elektros. Lyginant su visais vartotojais \u0161alyje, m\u016bs\u0173 rajono vartotojai sudaro beveik 10 proc. Ar tai rei\u0161kia, kad miestuose, kur gyventoj\u0173 daugiau, elektra atstatyta, o m\u016bs\u0173 \u017emon\u0117s ken\u010dia?<\/p>\n<p>Neveikia pieno \u016bkiai, \u016bkininkai negali d\u017eiovinti gr\u016bd\u0173&#8230; Be to, pas mus sudeg\u0117 du namai d\u0117l generatori\u0173. Lengva pasakyti, kad \u017emon\u0117s statyt\u0173si generatorius, bet naudojamas laidas gali b\u016bti per plonas, generatorius gali duoti per daug srov\u0117s. Tai sukelia dar baisesnes problemas nei suged\u0119s maistas. \u017dmon\u0117s prarado namus. Gerai, kad patys ne\u017euvo.<\/p>\n<p>&#8211; Kokios yra \u017emoni\u0173 nuotaikos?<\/p>\n<p>&#8211; Gyventojai labai pikti. Krenta pasitik\u0117jimas ne tik ESO, bet ir valstybe. Gyventojai stebisi, kad valstyb\u0117 visi\u0161kai nepasiruo\u0161usi tokioms situacijoms. Juk ne karas. Ryte pas mane suva\u017eiavo \u017emon\u0117s i\u0161 skirting\u0173 kaim\u0173 ir pra\u0161o daryti ka\u017ek\u0105. Tod\u0117l ir kreipiausi \u012f ESO vadovus ir vald\u017ei\u0105.<\/p>\n<p>Esu \u012fsitikin\u0119s, kad ESO privatizavo savo dukterines \u012fmones, kurios atkurdavo tinkl\u0105, remontuodavo ir tvarkydavo. Visk\u0105 optimizavo tiek, kad nebegali dirbti.<\/p>\n<p>Kur m\u016bs\u0173 darbuotojai nuvyksta \u0161alinti med\u017ei\u0173, pamato, kad ESO darbuotojai valand\u0105 laukia, kol dispe\u010der\u0117 duos jiems leidim\u0105 dirbti vietoje, nes telefono linijos u\u017eimtos. ESO padaliniuose yra visi\u0161kas chaosas. Apie tai reikia kalb\u0117ti atvirai.<\/p>\n<p>Kai i\u0161 Vilniaus atva\u017eiuoja ESO darbuotojai, jie atjungia elektr\u0105 ir patikrina, ar n\u0117ra srov\u0117s, kad b\u016bt\u0173 galima pa\u0161alinti med\u017eius. Tik tiek. Jie neturi teis\u0117s lipti \u012f stulp\u0105, nes yra tik elektros apskait\u0173 grup\u0117s darbuotojai.<\/p>\n<p>O automobili\u0173, kurie atva\u017eiuot\u0173, prikabint\u0173 laidus ir susukt\u0173 &#8211; n\u0117ra. Ir kai sakoma, kad dirba 20 ar 30 brigad\u0173, tai yra darbuotojai su specialia apranga, kurie atjungia elektr\u0105, suvynioja laidus, numeta ir viskas. Man gyventoja pasakojo, kad pro jos namus devynis kartus prava\u017eiavo ESO automobilis, bet elektra neatsirado.<\/p>\n<p>&#8211; Negana to, gyventojai gauna klaidinan\u010dias \u017einutes, kad elektra bus atkurta iki 1899 m. gruod\u017eio 31 d. vidurnak\u010dio. Visi\u0161kas chaosas?<\/p>\n<p>&#8211; Taip, visi\u0161kas chaosas. Jeigu net nepavyksta teising\u0173 dat\u0173 para\u0161yti \u017einut\u0117se&#8230; A\u0161 ir pats prie\u0161 kelias dienas gavau \u017einut\u0119, kad elektra jau atstatyta. Nors energijos n\u0117ra iki \u0161iol. Savimi a\u0161 nesir\u016bpinu, man tegul pajungia paskutiniam, tegul pirmiausia elektr\u0105 atnaujina gyventojams, socialin\u0117ms \u012fstaigoms, \u016bkininkams. I\u0161 prad\u017ei\u0173 net nebuvo su kuo bendrauti i\u0161 ESO atstov\u0173. Tik kai kreipiausi \u012f \u017einiasklaid\u0105, atsirado bendravimas.<\/p>\n<p>&#8211; J\u016bs sakote, kad reikalingas ESO auditas. K\u0105 jis tur\u0117t\u0173 i\u0161tirti ir parodyti?<\/p>\n<p>&#8211; Mano manymu, yra b\u016btinas visos elektros energetikos sistemos auditas. Turime pa\u017ei\u016br\u0117ti, kiek ir kur investuojama, kiek gauna valdyb\u0173 nariai ir u\u017e kok\u012f darb\u0105. Kokie dividendai i\u0161mokami, kas privatizavo \u201eIgnitis&#8221;?<\/p>\n<p>Laikas i\u0161slaptinti Sauliaus Skvernelio iniciatyva privatizuotus \u201eIgnitis&#8221; duomenis, kad \u017einotume, kam, kas ir u\u017e kiek buvo parduota. Noriu \u017einoti, kiek l\u0117\u0161\u0173 investavo tie, kurie privatizavo \u201eIgnitis&#8221; dal\u012f ir kiek i\u0161simok\u0117jo pinig\u0173. Gal \u010dia vienos apykoj\u0117s ir neu\u017eteks&#8230;<\/p>\n<p>&#8211; Prie\u0161 dvejus metus audra taip pat suk\u0117l\u0117 chaos\u0105 Lietuvoje: elektros, vandens sutrikimai, mobilaus ry\u0161io trukd\u017eiai. Atrodo, kad nepasimok\u0117me?<\/p>\n<p>&#8211; Nes nepriimami sprendimai. Dabar ne laikas kalb\u0117ti, diskutuoti ir komunikuoti. Laikas baigti vadybinius \u017eaidimus ir spr\u0119sti problemas. Jeigu reikia kirsti med\u017eius, tai susirinkome ir nuva\u017eiavome to padaryti, o ne kalbame ir diskutuojame, nuo kurio galo kirsti.<\/p>\n<p>Laikas baigti \u0161nek\u0117ti ir vaizduoti, kad viskas yra gerai. Neturime apsimetin\u0117ti. Neb\u0117ra kada. Taigi ne karo metas. O jeigu vienas kitas dronas tuo pa\u010diu metu? M\u016bs\u0173 rajone neveikia ry\u0161io sistemos. \u201eAnyk\u0161\u010di\u0173 vanden\u0173&#8221; sistema neveikia, tad darbuotojai patys va\u017eiavo ir tikrino, kur siurbliai veikia. Kalb\u0117jau su degalini\u0173 savininkais. Pirm\u0105 par\u0105 po audros degalin\u0117ms dav\u0117me generatorius, nes nei viena degalin\u0117 rajone neveik\u0117. Neveik\u0117 ir parduotuv\u0117s.<\/p>\n<p>&#8211; Nereikia karo. Destabilizuoti pad\u0117t\u012f Lietuvoje pakanka stipraus v\u0117jo?<\/p>\n<p>&#8211; Taip ir buvo. N\u0117ra normalu, kad daugiau kaip savait\u0119 neatkurtas elektros tiekimas. Sutartyse numatyta, kad tai turi b\u016bti padaryta per tris paras. Privalu paisyti \u0161i\u0173 sutar\u010di\u0173. Kompensavimo sistema n\u0117ra gera. Visos tokios tvarkos patvirtintos tik energetik\u0173 naudai. O ESO yra vienintelis. Antr\u0173 tinkl\u0173 mes nepatiesime. Juk visi mokame u\u017e elektr\u0105, gali\u0105, abonentinius mokes\u010dius.<\/p>\n<p>Tegul nei\u0161simoka sau dividend\u0173, premij\u0173, tegul ESO skelbia kiekvieno darbuotojo atlyginim\u0105 skaidriai ir vie\u0161ai. Galvoju, kiek jie dar premij\u0173 i\u0161simok\u0117s d\u0117l \u0161itos audros, kad dirba vir\u0161valand\u017eius. U\u017e tai, kad va\u017ein\u0117ja kelios de\u0161imtys automobili\u0173, bet niekas nelipa \u012f stulpus ir neatk\u016brin\u0117ja elektros. Siaubas.<\/p>\n","protected":false},"excerpt":{"rendered":"\u00a0 Absurdas, bet kai kas sulaukia prane\u0161im\u0173, kad elektra bus atstatyta&#8230; 1899 m. Be elektros lik\u0119 gyventojai pasibais\u0117j\u0119:&hellip;\n","protected":false},"author":2,"featured_media":267912,"comment_status":"","ping_status":"","sticky":false,"template":"","format":"standard","meta":{"footnotes":"","_share_on_mastodon":"0"},"categories":[6],"tags":[25,4730,2639,788,30,31,543,6111,34,35,24,1229,32,33,37,39,36,38,40,984,23,22,28,29,18506,38662,834,26,27,38756],"class_list":["post-267911","post","type-post","status-publish","format-standard","has-post-thumbnail","category-antrastes","tag-antrastes","tag-anyksciai","tag-auditas","tag-audra","tag-breaking-news","tag-breakingnews","tag-elektra","tag-eso","tag-featured-news","tag-featurednews","tag-headlines","tag-ignitis","tag-latest-news","tag-latestnews","tag-lietuva","tag-lietuviu","tag-lithuania","tag-lithuanian","tag-lt","tag-meras","tag-naujienos","tag-news","tag-populiariausios-naujienos","tag-populiariausiosnaujienos","tag-privatizacija","tag-radvila","tag-skvernelis","tag-top-stories","tag-topstories","tag-tubis"],"share_on_mastodon":{"url":"https:\/\/pubeurope.com\/@lt\/117205535683927296","error":""},"_links":{"self":[{"href":"https:\/\/www.europesays.com\/lt\/wp-json\/wp\/v2\/posts\/267911","targetHints":{"allow":["GET"]}}],"collection":[{"href":"https:\/\/www.europesays.com\/lt\/wp-json\/wp\/v2\/posts"}],"about":[{"href":"https:\/\/www.europesays.com\/lt\/wp-json\/wp\/v2\/types\/post"}],"author":[{"embeddable":true,"href":"https:\/\/www.europesays.com\/lt\/wp-json\/wp\/v2\/users\/2"}],"replies":[{"embeddable":true,"href":"https:\/\/www.europesays.com\/lt\/wp-json\/wp\/v2\/comments?post=267911"}],"version-history":[{"count":0,"href":"https:\/\/www.europesays.com\/lt\/wp-json\/wp\/v2\/posts\/267911\/revisions"}],"wp:featuredmedia":[{"embeddable":true,"href":"https:\/\/www.europesays.com\/lt\/wp-json\/wp\/v2\/media\/267912"}],"wp:attachment":[{"href":"https:\/\/www.europesays.com\/lt\/wp-json\/wp\/v2\/media?parent=267911"}],"wp:term":[{"taxonomy":"category","embeddable":true,"href":"https:\/\/www.europesays.com\/lt\/wp-json\/wp\/v2\/categories?post=267911"},{"taxonomy":"post_tag","embeddable":true,"href":"https:\/\/www.europesays.com\/lt\/wp-json\/wp\/v2\/tags?post=267911"}],"curies":[{"name":"wp","href":"https:\/\/api.w.org\/{rel}","templated":true}]}}