{"id":267913,"date":"2026-09-03T05:51:49","date_gmt":"2026-09-03T05:51:49","guid":{"rendered":"https:\/\/www.europesays.com\/lt\/267913\/"},"modified":"2026-09-03T05:51:49","modified_gmt":"2026-09-03T05:51:49","slug":"ltg-pajamos-pirmaji-pusmeti-augo-7-proc","status":"publish","type":"post","link":"https:\/\/www.europesays.com\/lt\/267913\/","title":{"rendered":"LTG pajamos pirm\u0105j\u012f pusmet\u012f augo 7 proc."},"content":{"rendered":"\n<p>Grup\u0117 per \u0161\u012f laik\u0105 u\u017edirbo 77 mln. eur\u0173 pelno iki mokes\u010di\u0173, pal\u016bkan\u0173, nusid\u0117v\u0117jimo ir amortizacijos (EBITDA) \u2013 8,8 proc. ma\u017eiau (84,4 mln. eur\u0173), EBITDA mar\u017ea siek\u0117 29,8 proc. \u2013 5,1 proc. punkto ma\u017eiau, antradien\u012f prane\u0161\u0117 grup\u0117.\u00a0<\/p>\n<p>Grup\u0117s grynasis pelnas \u0161iemet siek\u0117 10,4 mln. eur\u0173 ir buvo 45,8 proc. ma\u017eesnis (19,2 mln. eur\u0173).<\/p>\n<p>Ma\u017eesn\u012f pelno rodikl\u012f l\u0117m\u0117 s\u0105naudos d\u0117l pavasar\u012f \u012fvykusi\u0173 dviej\u0173 traukini\u0173 avarij\u0173 bei i\u0161augusios energetini\u0173 i\u0161tekli\u0173 kainos. D\u0117l gegu\u017e\u0119 \u012fvykusi\u0173 avarij\u0173 Jiesioje bei Gud\u017ei\u016bnuose LTG grup\u0117 patyr\u0117 apie 4,2 mln. eur\u0173 papildom\u0173 s\u0105naud\u0173, teigiama prane\u0161ime.<\/p>\n<p>\u201e\u012egyvendindami \u201eRail Baltica\u201c, elektrifikavimo ir karinio mobilumo projektus stipriname Lietuvos integracij\u0105 \u012f <a href=\"https:\/\/www.tv3.lt\/rubrika\/naujienos\/uzsienis\/europa\" target=\"_blank\" class=\"phrase\" rel=\"nofollow noopener\">Europos<\/a> <a href=\"https:\/\/www.tv3.lt\/rubrika\/naujienos\/verslas\/transportas\" target=\"_blank\" class=\"phrase\" rel=\"nofollow noopener\">transporto<\/a> tinkl\u0105, didiname \u0161alies atsparum\u0105 ir kuriame infrastrukt\u016br\u0105, kuri svarbi tiek <a href=\"https:\/\/www.tv3.lt\/rubrika\/naujienos\/verslas\" target=\"_blank\" class=\"phrase\" rel=\"nofollow noopener\">verslui<\/a> ir gyventojams, tiek NATO s\u0105junginink\u0173 poreikiams\u201c, \u2013 prane\u0161ime teig\u0117 LTG grup\u0117s laikinasis generalinis direktorius Ar\u016bnas Rumskas.<\/p>\n<p>\u012emon\u0117s krovini\u0173 ve\u017eimo pajamos padid\u0117jo 5,5 proc. (7,9 mln. eur\u0173) iki 152,1 mln. eur\u0173, o tai l\u0117m\u0117 bendrov\u0117s \u201eLTG Cargo\u201c rezultatai \u2013 augimas fiksuotas tiek vietiniuose, tiek tarptautiniuose mar\u0161rutuose.<\/p>\n<p>Ta\u010diau krovini\u0173 ve\u017eimo apimtys <a href=\"https:\/\/www.tv3.lt\/rubrika\/naujienos\/lietuva\" target=\"_blank\" class=\"phrase\" rel=\"nofollow noopener\">Lietuvoje<\/a> ma\u017e\u0117jo 7,9 proc. iki 10,6 mln. ton\u0173, o tai l\u0117m\u0117 d\u0117l karo Ukrainoje ir tarptautini\u0173 sankcij\u0173 toliau ma\u017e\u0117jantys srautai i\u0161 Ryt\u0173.<\/p>\n<p>Tyuo metu \u201eLTG Cargo\u201c antrin\u0117 \u012fmon\u0117 \u201eLTG Cargo Polska\u201c pirm\u0105j\u012f pusmet\u012f perve\u017eim\u0173 apimtis padidino beveik 14 proc., o bir\u017eel\u012f gautas Bendrasis saugos sertifikatas suteik\u0117 galimyb\u0119 savaranki\u0161kai vykdyti veikl\u0105 ir Vokietijoje.\u00a0<\/p>\n<p>\u201eLTG Link\u201c keleivi\u0173 ve\u017eimo pajamos padid\u0117jo 7,1 proc. (2,2 mln. eur\u0173) ir siek\u0117 33,4 mln. eur\u0173 \u2013 tai l\u0117m\u0117 populiar\u0117jantys tarptautiniai mar\u0161rutai \u012f Latvij\u0105, Estij\u0105 bei Lenkij\u0105. Bendras keleivi\u0173 skai\u010dius augo 11,2 proc. iki daugiau nei 3 mln.\u00a0<\/p>\n<p>Be to, didesnius keleivi\u0173 srautus l\u0117m\u0117 pavasar\u012f taikytos 50 proc. nuolaidos, teigiama prane\u0161ime.<\/p>\n<p>Valstyb\u0117s dotacijos per \u0161e\u0161is m\u0117nesius siek\u0117 61,5 mln. eur\u0173 ir buvo 12 proc. didesn\u0117s (54,9 mln. eur\u0173).<\/p>\n<p>\n                                        \u0160altinis:<br \/>\n                                                                                    BNS\n                                                                                <\/p>\n<p><a href=\"https:\/\/www.indeliai.lt\/\" target=\"_blank\" rel=\"nofollow noopener\"><img decoding=\"async\" alt=\"indeliai.lt\" src=\"https:\/\/www.europesays.com\/lt\/wp-content\/uploads\/2026\/09\/1788414709_753_Indeliainew.jpg\" style=\"width: 100%; max-height: 250px; max-width: 800px\" \/><\/a><\/p>\n","protected":false},"excerpt":{"rendered":"Grup\u0117 per \u0161\u012f laik\u0105 u\u017edirbo 77 mln. eur\u0173 pelno iki mokes\u010di\u0173, pal\u016bkan\u0173, nusid\u0117v\u0117jimo ir amortizacijos (EBITDA) \u2013 8,8&hellip;\n","protected":false},"author":2,"featured_media":267914,"comment_status":"","ping_status":"","sticky":false,"template":"","format":"standard","meta":{"footnotes":"","_share_on_mastodon":"0"},"categories":[17],"tags":[38757,81,57,43,55,48,54,51,49,50,37,39,36,38,40,45,23,44,53,42,56,47,41,46,58,52],"class_list":["post-267913","post","type-post","status-publish","format-standard","has-post-thumbnail","category-verslas","tag-2026-09-01-093100","tag-business","tag-daiktai","tag-dienos-kronika","tag-gatves-tekstai","tag-gyvenimas","tag-interneto-pievos","tag-keliones","tag-kultura","tag-laisvalaikis","tag-lietuva","tag-lietuviu","tag-lithuania","tag-lithuanian","tag-lt","tag-mokslas-ir-it","tag-naujienos","tag-pasaulis","tag-projektai","tag-rinktiniai-tekstai","tag-simtmecio-portalas","tag-sportas","tag-tv3-lt","tag-verslas","tag-video","tag-zaidimai"],"share_on_mastodon":{"url":"https:\/\/pubeurope.com\/@lt\/117205555748065079","error":""},"_links":{"self":[{"href":"https:\/\/www.europesays.com\/lt\/wp-json\/wp\/v2\/posts\/267913","targetHints":{"allow":["GET"]}}],"collection":[{"href":"https:\/\/www.europesays.com\/lt\/wp-json\/wp\/v2\/posts"}],"about":[{"href":"https:\/\/www.europesays.com\/lt\/wp-json\/wp\/v2\/types\/post"}],"author":[{"embeddable":true,"href":"https:\/\/www.europesays.com\/lt\/wp-json\/wp\/v2\/users\/2"}],"replies":[{"embeddable":true,"href":"https:\/\/www.europesays.com\/lt\/wp-json\/wp\/v2\/comments?post=267913"}],"version-history":[{"count":0,"href":"https:\/\/www.europesays.com\/lt\/wp-json\/wp\/v2\/posts\/267913\/revisions"}],"wp:featuredmedia":[{"embeddable":true,"href":"https:\/\/www.europesays.com\/lt\/wp-json\/wp\/v2\/media\/267914"}],"wp:attachment":[{"href":"https:\/\/www.europesays.com\/lt\/wp-json\/wp\/v2\/media?parent=267913"}],"wp:term":[{"taxonomy":"category","embeddable":true,"href":"https:\/\/www.europesays.com\/lt\/wp-json\/wp\/v2\/categories?post=267913"},{"taxonomy":"post_tag","embeddable":true,"href":"https:\/\/www.europesays.com\/lt\/wp-json\/wp\/v2\/tags?post=267913"}],"curies":[{"name":"wp","href":"https:\/\/api.w.org\/{rel}","templated":true}]}}