{"id":267941,"date":"2026-09-03T06:22:38","date_gmt":"2026-09-03T06:22:38","guid":{"rendered":"https:\/\/www.europesays.com\/lt\/267941\/"},"modified":"2026-09-03T06:22:38","modified_gmt":"2026-09-03T06:22:38","slug":"putinas-pripazino-jie-mums-padare-realios-zalos-respublika-lt","status":"publish","type":"post","link":"https:\/\/www.europesays.com\/lt\/267941\/","title":{"rendered":"Putinas pripa\u017eino: \u201eJie mums padar\u0117 realios \u017ealos\u201c &#8211; Respublika.lt"},"content":{"rendered":"<p><img loading=\"lazy\" decoding=\"async\" src=\"https:\/\/www.respublika.lt\/lt\/naujienos\/pasaulis\/kitos_pasaulio_naujienos\/putinas-pripazino-kad-ukrainos-dronai-apgadino-apie-100-rusijos-laivu\/images\/ico_camera_white.gif\" class=\"camera\" width=\"22\" height=\"15\" alt=\"nuotr.\" style=\"position:relative; top:-2px; right:2px;\"\/> 1 nuotr.<\/p>\n<p>Vladimiras Putinas. EPA-Eltos nuotr.<\/p>\n<p style=\"text-align: justify;\" class=\"desktop_banner\">\u00a0<\/p>\n<p style=\"text-align: left;\">\u00a0<\/p>\n<p style=\"text-align: left;\">\u201eManau, kad jie mums padar\u0117 realios \u017ealos\u201c, \u2013 antradien\u012f \u017eurnalistams Kirgizijos sostin\u0117je Bi\u0161keke pripa\u017eino V. Putinas.<\/p>\n<p style=\"text-align: left;\">\u201e\u017duvo \u017emon\u0117s, j\u016breiviai, tarp j\u0173 \u2013 ir u\u017esienie\u010diai\u201c, \u2013 sak\u0117 jis, pridurdamas, kad tarp \u017euvusi\u0173j\u0173 buvo Azerbaid\u017eano bei Turkijos pilie\u010di\u0173.<\/p>\n<p style=\"text-align: left;\">V. Putinas teig\u0117, kad, preliminariais skai\u010diavimais, iki \u0161iol atak\u0173 padaryta bendra \u017eala sudaro apie 1 proc. Rusijos bendrojo vidaus produkto.<\/p>\n<p style=\"text-align: left;\">\u201eMums tai n\u0117ra kritin\u0117 \u017eala. Jie ir negali mums padaryti kritin\u0117s \u017ealos\u201c, \u2013 sak\u0117 jis.<\/p>\n<p style=\"text-align: left;\">Ukraina, vykdydama karo veiksmus prie\u0161 Rusij\u0105, atakavo naftos tanklaivius ir gr\u016bd\u0173 laivus Juodojoje j\u016broje bei kaimynin\u0117je Azovo j\u016broje.<\/p>\n<p style=\"text-align: left;\">Kyjivas taip pat \u017eymiai sustiprino tolimojo nuotolio dron\u0173 sm\u016bgius giliai \u012f Rusijos teritorij\u0105, nuolat atakuodamas naftos perdirbimo gamyklas ir logistikos centrus.<\/p>\n<p style=\"text-align: left;\">V. Putinas sak\u0117, kad nuo tada Rusijos naftos perdirbimo gamykl\u0173 apsauga buvo \u017eymiai pagerinta.<\/p>\n<p style=\"text-align: left;\">Anks\u010diau \u012fmon\u0117s skund\u0117si, kad Rusijos valstyb\u0117 nesugeb\u0117jo u\u017etikrinti j\u0173 saugumo, nepaisant pakartotini\u0173 V. Putino patikinim\u0173.<\/p>\n<p style=\"text-align: left;\">Ukraina siekia pakenkti Rusijos ekonomikai ir apsunkinti Maskvai karo veiksm\u0173 finansavim\u0105.<\/p>\n<p style=\"text-align: left;\">V. Putinas pakartojo neseniai duotame interviu i\u0161sakytus komentarus, kuriuose apkaltino Kijev\u0105, kad \u0161is savo atakomis atidar\u0117 \u201ePandoros skryni\u0105\u201c, ir pagrasino atsakyti dar galingesniais Rusijos oro sm\u016bgiais.<\/p>\n<p style=\"text-align: left;\">Rusija stiprina atakas prie\u0161 Ukrainos energetikos infrastrukt\u016br\u0105.<\/p>\n<p style=\"text-align: left;\">Kijevas taip pat prane\u0161\u0117 apie milijardinius nuostolius ir kaltina Vakar\u0173 s\u0105jungininkes, kad \u0161ios nesuteikia pakankamai oro gynybos raket\u0173.<\/p>\n<p style=\"text-align: left;\">Ukraina, remiama Vakar\u0173, jau daugiau nei ketverius su puse met\u0173 ginasi nuo plataus masto Rusijos invazijos.<\/p>\n","protected":false},"excerpt":{"rendered":"1 nuotr. Vladimiras Putinas. EPA-Eltos nuotr. \u00a0 \u00a0 \u201eManau, kad jie mums padar\u0117 realios \u017ealos\u201c, \u2013 antradien\u012f \u017eurnalistams&hellip;\n","protected":false},"author":2,"featured_media":267942,"comment_status":"","ping_status":"","sticky":false,"template":"","format":"standard","meta":{"footnotes":"","_share_on_mastodon":"0"},"categories":[15],"tags":[25,927,30,31,34,35,24,815,7565,32,33,37,39,36,38,40,23,22,44,28,29,2370,119,26,27,360,74,75,76,5138],"class_list":["post-267941","post","type-post","status-publish","format-standard","has-post-thumbnail","category-pasaulis","tag-antrastes","tag-atakos","tag-breaking-news","tag-breakingnews","tag-featured-news","tag-featurednews","tag-headlines","tag-karas","tag-laivai","tag-latest-news","tag-latestnews","tag-lietuva","tag-lietuviu","tag-lithuania","tag-lithuanian","tag-lt","tag-naujienos","tag-news","tag-pasaulis","tag-populiariausios-naujienos","tag-populiariausiosnaujienos","tag-putinas","tag-rusija","tag-top-stories","tag-topstories","tag-ukraina","tag-world","tag-world-news","tag-worldnews","tag-zala"],"share_on_mastodon":{"url":"https:\/\/pubeurope.com\/@lt\/117205673808345418","error":""},"_links":{"self":[{"href":"https:\/\/www.europesays.com\/lt\/wp-json\/wp\/v2\/posts\/267941","targetHints":{"allow":["GET"]}}],"collection":[{"href":"https:\/\/www.europesays.com\/lt\/wp-json\/wp\/v2\/posts"}],"about":[{"href":"https:\/\/www.europesays.com\/lt\/wp-json\/wp\/v2\/types\/post"}],"author":[{"embeddable":true,"href":"https:\/\/www.europesays.com\/lt\/wp-json\/wp\/v2\/users\/2"}],"replies":[{"embeddable":true,"href":"https:\/\/www.europesays.com\/lt\/wp-json\/wp\/v2\/comments?post=267941"}],"version-history":[{"count":0,"href":"https:\/\/www.europesays.com\/lt\/wp-json\/wp\/v2\/posts\/267941\/revisions"}],"wp:featuredmedia":[{"embeddable":true,"href":"https:\/\/www.europesays.com\/lt\/wp-json\/wp\/v2\/media\/267942"}],"wp:attachment":[{"href":"https:\/\/www.europesays.com\/lt\/wp-json\/wp\/v2\/media?parent=267941"}],"wp:term":[{"taxonomy":"category","embeddable":true,"href":"https:\/\/www.europesays.com\/lt\/wp-json\/wp\/v2\/categories?post=267941"},{"taxonomy":"post_tag","embeddable":true,"href":"https:\/\/www.europesays.com\/lt\/wp-json\/wp\/v2\/tags?post=267941"}],"curies":[{"name":"wp","href":"https:\/\/api.w.org\/{rel}","templated":true}]}}