{"id":267965,"date":"2026-09-03T06:51:51","date_gmt":"2026-09-03T06:51:51","guid":{"rendered":"https:\/\/www.europesays.com\/lt\/267965\/"},"modified":"2026-09-03T06:51:51","modified_gmt":"2026-09-03T06:51:51","slug":"karas-ukrainoje-po-zelenskio-perspejimo-pokyciai-rusijos-danguje-oro-linijos-pradejo-atsaukineti-skrydzius-tv3-lt","status":"publish","type":"post","link":"https:\/\/www.europesays.com\/lt\/267965\/","title":{"rendered":"Karas Ukrainoje. Po Zelenskio persp\u0117jimo \u2013 poky\u010diai Rusijos danguje: oro linijos prad\u0117jo at\u0161aukin\u0117ti skryd\u017eius &#8211; tv3.lt"},"content":{"rendered":"<ol>\n<li><a href=\"https:\/\/news.google.com\/rss\/articles\/CBMi5wFBVV95cUxPOWlFOWpQamxrUHdkQ01lQWJDN29sTFNNak1uc0dPY1RRcDhyS3pHN2dBY2Y0a0lKSExick9HdWNaMGFraGw4S3ItRFNneDNfT19jb1lOc1JiaXo5TmdxY2tYanpxWjd1VFM4aEhGazdaWnR1RFM1dGp0UE1HN0xzd0pwS2hYd0J5bU1SYVFYSVUweDFMalctVV9DRm5sYlRObHBIOXlXZ0lyaXpJY3FTVHV3QUpiRWhEOE5TTE1JUVVIQUZwYXhQSktaX1NkVDM0Uks3VzVPUFMzd0FRbDdHT3hjNjV6TnM?oc=5\" target=\"_blank\" rel=\"nofollow noopener\">Karas Ukrainoje. Po Zelenskio persp\u0117jimo \u2013 poky\u010diai Rusijos danguje: oro linijos prad\u0117jo at\u0161aukin\u0117ti skryd\u017eius<\/a>&nbsp;&nbsp;tv3.lt<\/li>\n<li><a href=\"https:\/\/news.google.com\/rss\/articles\/CBMi2AFBVV95cUxNbUxsSmpvQVA2cXFRa1I5c3ozM3JTNlR6cTVmbWZMWERVZ1REVk9XSHF0ZnJMVHNhTkFicnFyanoxZ05pZ2V4UkF3Y0Z5OGloenFkZkZDWkVkdXZNNmRBU3hULUdsYkF1QkExRGN6dzMzRngtNzNVQ3BrQzNrenNEOUhjS2hMNjhMNUFLYk9RdHZLMzNRWEowZmcwNEtqUmc4NDUyY1NIX3V2VFdOOTM2QWt3NFIzREpLZjd0Y0JXYjhidGt4NGRBSzhGcGxmRXp1Z2lQX29lSnc?oc=5\" target=\"_blank\" rel=\"nofollow noopener\">ICAO po Volodymyro Zelenskio komentar\u0173 ragina u\u017etikrinti civilini\u0173 orlaivi\u0173 saugum\u0105<\/a>&nbsp;&nbsp;15min.lt<\/li>\n<li><a href=\"https:\/\/news.google.com\/rss\/articles\/CBMinwFBVV95cUxQT1RCUFRTNmtKd0ZQNG1lZUxXZGNlaTVLX0wyTVFibFNsZFBycndVWjh2QWdKdGhlTlU1NHJoT2E4TlJEV2Q1V0daZ2xqOEx1WGlCLVRwZW9XaGJvMUJNQ3NVby02eFBYM0pjWmotcmFuUFpVcUcwaTB4TWR6VVVjRndidlFpTzNUdDRlNWU4QUVwRXdtc1RZdDRwVnFpOWM?oc=5\" target=\"_blank\" rel=\"nofollow noopener\">Oro linijos at\u0161aukin\u0117ja skryd\u017eius \u012f Rusij\u0105<\/a>&nbsp;&nbsp;Delfi<\/li>\n<li><a href=\"https:\/\/news.google.com\/rss\/articles\/CBMiswFBVV95cUxQdWh0dEJrYmo1Rm1oaU5yTHh0T3ZaM3A3N0p6M212U2RzQzRzT0VhUXpQTW1EMXhfc01mUWpQeE0wa2RCSWNlNm9LTlRWMEY3UXh0b0tYbTM4N0hxNUZBR1lCYzJKQnR1SFgwb0RMcFVVbW8talJmczhac21CSHU2SXRjUkU0RjBpUmNlYTVuSTRHcWNUcmhQUUJoRUhESUlCNnVDWjdlbWpEM3ZBN1hFUkw5SQ?oc=5\" target=\"_blank\" rel=\"nofollow noopener\">Karas Ukrainoje. Zelenskis: Rusijos dangus bus fakti\u0161kai u\u017edarytas<\/a>&nbsp;&nbsp;LRT<\/li>\n<li><a href=\"https:\/\/news.google.com\/rss\/articles\/CBMi6AFBVV95cUxNUmQ1ZUl2ZnN6aU9ZY2hDNTNEZldyeVFrdDdCMEtfUnpGbkdxRTE3dHZrVGY3SEZnX09EM3BHNXlSb1FfYkotQzB4LUZ2YkpMUThtSlBfaUFMLURfek1NVWh1d2hGSkt0dzYyTlFLZllfYjB3bnA0YTdlQjdCZXp2NGJwbHZlZWJnYjJYNFZlMENaWHdNMGIwRW1Db21RcFAyWWJTdzE0YWtfamdnVC1YRzBmUkhUZHVBT0d6M2xaMUw3VUZiWFJLbnhTaGJJM3NhcVhwQ09iVFV3MEgycU40eVVtVk9TTkRF?oc=5\" target=\"_blank\" rel=\"nofollow noopener\">Po Ukrainos persp\u0117jimo \u2013 pirmosios oro bendrovi\u0173 reakcijos: Rusijoje at\u0161aukia skryd\u017eius<\/a>&nbsp;&nbsp;Lrytas<\/li>\n<\/ol>\n","protected":false},"excerpt":{"rendered":"Karas Ukrainoje. Po Zelenskio persp\u0117jimo \u2013 poky\u010diai Rusijos danguje: oro linijos prad\u0117jo at\u0161aukin\u0117ti skryd\u017eius&nbsp;&nbsp;tv3.lt ICAO po Volodymyro Zelenskio&hellip;\n","protected":false},"author":2,"featured_media":267966,"comment_status":"","ping_status":"","sticky":false,"template":"","format":"standard","meta":{"footnotes":"","_share_on_mastodon":"0"},"categories":[6],"tags":[38765,25,30,31,57,43,34,35,55,48,24,54,51,49,50,32,33,37,39,36,38,40,45,23,22,44,28,29,53,42,56,47,26,27,41,46,58,52],"class_list":["post-267965","post","type-post","status-publish","format-standard","has-post-thumbnail","category-antrastes","tag-2026-09-03-070100","tag-antrastes","tag-breaking-news","tag-breakingnews","tag-daiktai","tag-dienos-kronika","tag-featured-news","tag-featurednews","tag-gatves-tekstai","tag-gyvenimas","tag-headlines","tag-interneto-pievos","tag-keliones","tag-kultura","tag-laisvalaikis","tag-latest-news","tag-latestnews","tag-lietuva","tag-lietuviu","tag-lithuania","tag-lithuanian","tag-lt","tag-mokslas-ir-it","tag-naujienos","tag-news","tag-pasaulis","tag-populiariausios-naujienos","tag-populiariausiosnaujienos","tag-projektai","tag-rinktiniai-tekstai","tag-simtmecio-portalas","tag-sportas","tag-top-stories","tag-topstories","tag-tv3-lt","tag-verslas","tag-video","tag-zaidimai"],"share_on_mastodon":{"url":"","error":"Validation failed: Text character limit of 500 exceeded"},"_links":{"self":[{"href":"https:\/\/www.europesays.com\/lt\/wp-json\/wp\/v2\/posts\/267965","targetHints":{"allow":["GET"]}}],"collection":[{"href":"https:\/\/www.europesays.com\/lt\/wp-json\/wp\/v2\/posts"}],"about":[{"href":"https:\/\/www.europesays.com\/lt\/wp-json\/wp\/v2\/types\/post"}],"author":[{"embeddable":true,"href":"https:\/\/www.europesays.com\/lt\/wp-json\/wp\/v2\/users\/2"}],"replies":[{"embeddable":true,"href":"https:\/\/www.europesays.com\/lt\/wp-json\/wp\/v2\/comments?post=267965"}],"version-history":[{"count":0,"href":"https:\/\/www.europesays.com\/lt\/wp-json\/wp\/v2\/posts\/267965\/revisions"}],"wp:featuredmedia":[{"embeddable":true,"href":"https:\/\/www.europesays.com\/lt\/wp-json\/wp\/v2\/media\/267966"}],"wp:attachment":[{"href":"https:\/\/www.europesays.com\/lt\/wp-json\/wp\/v2\/media?parent=267965"}],"wp:term":[{"taxonomy":"category","embeddable":true,"href":"https:\/\/www.europesays.com\/lt\/wp-json\/wp\/v2\/categories?post=267965"},{"taxonomy":"post_tag","embeddable":true,"href":"https:\/\/www.europesays.com\/lt\/wp-json\/wp\/v2\/tags?post=267965"}],"curies":[{"name":"wp","href":"https:\/\/api.w.org\/{rel}","templated":true}]}}