{"id":267985,"date":"2026-09-03T07:14:50","date_gmt":"2026-09-03T07:14:50","guid":{"rendered":"https:\/\/www.europesays.com\/lt\/267985\/"},"modified":"2026-09-03T07:14:50","modified_gmt":"2026-09-03T07:14:50","slug":"eika-group-investuoja-vokietijoje-isigytas-tvarus-logistikos-centras-su-stipriais-nuomininkais","status":"publish","type":"post","link":"https:\/\/www.europesays.com\/lt\/267985\/","title":{"rendered":"\u201eEIKA Group\u201c investuoja Vokietijoje: \u012fsigytas tvarus logistikos centras su stipriais nuomininkais"},"content":{"rendered":"<td align=\"left\" valign=\"top\">\n<p>2026-09-02 10:08<\/p>\n<p>\u201eEIKA Group\u201c u\u017e daugiau kaip 17 mln. eur\u0173 \u012fsigijo modern\u0173 logistikos centr\u0105 \u201eBlue Logistic hub\u201c \u0160iaur\u0117s Vokietijoje. Tai pirmoji grup\u0117s investicija \u012f komercin\u012f nekilnojam\u0105j\u012f turt\u0105 Vokietijoje ir pirmasis \u201eEIKA Investment Management\u201c investicinis sandoris Vakar\u0173 Europoje.<\/p>\n<p><img loading=\"lazy\" decoding=\"async\" alt=\"nuotrauka\" class=\"img_foto\" src=\"https:\/\/www.europesays.com\/lt\/wp-content\/uploads\/2026\/09\/63ae2566e4e7e36f7035761157f2e796.jpg\" width=\"726\" height=\"488\" border=\"1\"\/><\/p>\n<p>\u201eEIKA Group\u201c \u017eeng\u0117 \u012f Vokietijos NT rink\u0105: \u012fsigijo 15,6 t\u016bkst. kv. m logistikos centr\u0105. \u201eEIKA Group\u201c  nuotr.<\/p>\n<p>Modernus ir tvarus objektas<\/p>\n<p>Nordenhamo mieste 2024 metais pastatytas logistikos centras \u012fsik\u016br\u0119s 3,4 ha sklype, o jo nuomojamas plotas vir\u0161ija 15,6 t\u016bkst. kv. m. Objektas sertifikuotas pagal DGNB standart\u0105 ir \u012fvertintas \u201eGold\u201c lygiu.<\/p>\n<p>Pastate \u012frengti oras\u2013vanduo \u0161ilumos siurbliai, saul\u0117s elektrin\u0117 ir v\u0117jo turbinos. \u0160ie sprendimai ma\u017eina energijos s\u0105naudas ir prisideda prie auk\u0161t\u0173 objekto tvarumo rodikli\u0173.<\/p>\n<p>Nuomininkai \u2013 tarptautin\u0117s logistikos bendrov\u0117s<\/p>\n<p>Centre veikia trys bendrov\u0117s. Tarp j\u0173 \u2013 \u201eAVL Verwaltungs- und Leasinggesellschaft mbH &amp; Co. KG\u201c, priklausanti \u201eA&amp;T Group\u201c. Jos grup\u0117s \u012fmon\u0117 \u201eLTS Nordwest\u201c teikia logistikos paslaugas \u201eAirbus\u201c gamyklai Nordenham-Einswarden.<\/p>\n<p>Kitas nuomininkas \u2013 \u201eLIT Logistics Solutions GmbH\u201c, priklausanti daugiau kaip 35 metus veikian\u010diai \u201eL.I.T. Group\u201c, turin\u010diai per 4 t\u016bkst. darbuotoj\u0173 ir 101 padalin\u012f. Tre\u010diasis \u2013 daugiau kaip 90 met\u0173 veikianti \u201eWilhelm St\u00fchrenberg GmbH &amp; Co. KG\u201c, teikianti transporto ir pramon\u0117s logistikos paslaugas.<\/p>\n<p>\u201eEIKA Group\u201c generalinio direktoriaus Domo Dargio teigimu, investicijai pasirinktas objektas atitiko pagrindinius grup\u0117s kriterijus \u2013 tvarum\u0105, patikimus nuomininkus ir ilgalaik\u012f pajam\u0173 potencial\u0105.<\/p>\n<p>Vieta \u2013 prie \u0160iaur\u0117s Vokietijos transporto arterij\u0173<\/p>\n<p>Nordenhamas yra netoli Br\u0117meno, prie V\u0117zerio up\u0117s. Objekto vieta suteikia prieig\u0105 prie Bremerhafeno ir Vilhelmshafeno uost\u0173, o regione svarb\u0173 vaidmen\u012f atlieka ir Hamburgo uostas. Logistikos centro teritorija yra netoli greitkelio ir planuojamos A20 magistral\u0117s.<\/p>\n<p>Pasak D. Dargio, Nordenhamas i\u0161siskiria konkurencingomis nuomos kainomis ir geru susisiekimu j\u016br\u0173 bei vidaus vandens keliais, tod\u0117l turi ilgalaikio augimo potencial\u0105.<\/p>\n<p>Vokietija \u2013 viena pagrindini\u0173 investicij\u0173 kryp\u010di\u0173<\/p>\n<p>\u201eEIKA Group\u201c pastaruosius dvejus metus analizavo Vakar\u0173 Europos, ypa\u010d Vokietijos, komercinio nekilnojamojo turto rink\u0105. Grup\u0117 Liuksemburge \u012fk\u016br\u0117 investuotoj\u0173 platform\u0105, valdom\u0105 \u201eEIKA Investment Management\u201c, orientuot\u0105 \u012f investicijas Vakar\u0173 Europoje.<\/p>\n<p>\u201eBlue Logistic hub\u201c tapo pirmuoju \u0161ios platformos investiciniu projektu. \u201eEIKA Group\u201c planuoja toliau investuoti \u012f tvarius komercinio nekilnojamojo turto objektus strategi\u0161kai svarbiose Europos rinkose, o Vokietijai numatoma viena svarbiausi\u0173 viet\u0173.\u00a0<\/p>\n<p><a target=\"_blank\" href=\"http:\/\/www.statybunaujienos.lt\/index.php\" rel=\"nofollow noopener\"><img decoding=\"async\" alt=\"Statybunaujienos.lt\" src=\"https:\/\/www.europesays.com\/lt\/wp-content\/uploads\/2026\/09\/3.gif\" height=\"20\"\/><\/a><a href=\"https:\/\/www.statybunaujienos.lt\/naujiena\/LSA-Taryba-Akmeneje-statybos-sektoriaus-ir-inzineriniu-medienos-sprendiniu-pramones-sinergijos-galimybes\/27198\" rel=\"nofollow noopener\" target=\"_blank\"><img decoding=\"async\" alt=\"nuotrauka\" class=\"img_foto\" src=\"https:\/\/www.europesays.com\/lt\/wp-content\/uploads\/2026\/09\/3383bceeb1eb8e5321c57982ecf37f3c.jpg\" height=\"100\" border=\"1\"\/><\/a><\/p>\n<p>2026-08-31 10:49<\/p>\n<p>Lietuvos statybinink\u0173 asociacijos (LSA) i\u0161pl\u0117stinis Tarybos pos\u0117dis surengtas Akmen\u0117s laisvojoje ekonomin\u0117je zonoje (LEZ). \u012e j\u012f susirinko ne tik LSA Tarybos nariai, bet ir susijusi\u0173 sektori\u0173 asociacij\u0173 atstovai bei rangovai. Pos\u0117dyje aptartos statybos sektoriaus teisinio reguliavimo aktualijos, rang&#8230;<\/p>\n<p><a href=\"https:\/\/www.statybunaujienos.lt\/naujiena\/Klaipedos-poliklinikos-laukia-didziausias-atnaujinimas-per-desimtmecius-darbai-kainuos-beveik-25-6-mln-euru\/27189\" rel=\"nofollow noopener\" target=\"_blank\"><img decoding=\"async\" alt=\"nuotrauka\" class=\"img_foto\" src=\"https:\/\/www.europesays.com\/lt\/wp-content\/uploads\/2026\/09\/e57f5000aece33aedd2d0d7c03265618.jpg\" height=\"100\" border=\"1\"\/><\/a><\/p>\n<p>2026-08-28 10:54<\/p>\n<p>Pasira\u0161yta rangos sutartis d\u0117l Klaip\u0117dos miesto poliklinikos pastato atnaujinimo. Beveik 25,6 mln. eur\u0173 vert\u0117s projekte numatyta i\u0161 esm\u0117s pertvarkyti daugiau kaip 40 met\u0173 senumo pastat\u0105, atnaujinti jo in\u017einerines sistemas, \u012frengti naujas erdves pacientams ir medikams bei i\u0161pl\u0117sti teikiam\u0173 sveikatos &#8230;<\/p>\n<p><a href=\"https:\/\/www.statybunaujienos.lt\/naujiena\/Kauno-oro-uoste-atidaryta-10-mln-euru-aikstele-daugiau-nei-900-vietu-ir-vaizdas-i-kylanti-lektuva\/27185\" rel=\"nofollow noopener\" target=\"_blank\"><img decoding=\"async\" alt=\"nuotrauka\" class=\"img_foto\" src=\"https:\/\/www.europesays.com\/lt\/wp-content\/uploads\/2026\/09\/df9108b7b38d949588c0acb1ed7db684.jpg\" height=\"100\" border=\"1\"\/><\/a><\/p>\n<p>2026-08-27 19:31<\/p>\n<p>Kauno oro uoste atidaryta nauja daugiaauk\u0161t\u0117 automobili\u0173 stov\u0117jimo aik\u0161tel\u0117, kurioje \u012frengta 912 viet\u0173. \u012e 25 t\u016bkst. kv. metr\u0173 ploto infrastrukt\u016br\u0105 Lietuvos oro uostai investavo 10 mln. eur\u0173. Vienas i\u0161skirtini\u0173 objekto sprendini\u0173 \u2013 nuo vir\u0161utinio auk\u0161to atsiverianti panorama \u012f orlaivi\u0173 kilimo ir nusi&#8230;<\/p>\n<p><a href=\"https:\/\/www.statybunaujienos.lt\/naujiena\/Sventojoje-iskils-nauji-Bendruomenes-namai-paaiskejo-kas-juos-statys-ir-kada-prasides-darbai\/27170\" rel=\"nofollow noopener\" target=\"_blank\"><img decoding=\"async\" alt=\"nuotrauka\" class=\"img_foto\" src=\"https:\/\/www.europesays.com\/lt\/wp-content\/uploads\/2026\/09\/82a0e13b3aeac4a58fd1388cd8f57253.jpg\" height=\"100\" border=\"1\"\/><\/a><\/p>\n<p>2026-08-26 09:00<\/p>\n<p>\u0160ventosios bendruomen\u0117s laukia reik\u0161mingi poky\u010diai \u2013 pasira\u0161yta Bendruomen\u0117s nam\u0173 statybos rangos darb\u0173 sutartis. Pastate planuojama \u012frengti rengini\u0173 sal\u0119, bibliotek\u0105, pa\u0161to skyri\u0173, seni\u016bnijos, Prie\u0161gaisrin\u0117s gelb\u0117jimo tarnybos ir Greitosios pagalbos posto patalpas. Statybos darbus atliks UAB \u201eIVRO\u201c&#8230;<\/p>\n<p><a href=\"https:\/\/www.statybunaujienos.lt\/naujiena\/Lietuviu-startuolis-keicia-namu-projektavima-technologija-gali-transformuoti-statybu-sektoriu\/27157\" rel=\"nofollow noopener\" target=\"_blank\"><img decoding=\"async\" alt=\"nuotrauka\" class=\"img_foto\" src=\"https:\/\/www.europesays.com\/lt\/wp-content\/uploads\/2026\/09\/d8b8e41ee7e090d07baa4a219a171c36.jpg\" height=\"100\" border=\"1\"\/><\/a><\/p>\n<p>2026-08-24 09:51<\/p>\n<p>Lietuvos gili\u0173j\u0173 technologij\u0173 startuolis \u201eStrato Create\u201c kuria skaitmenin\u0119 platform\u0105, galin\u010di\u0105 i\u0161 esm\u0117s pakeisti nam\u0173 projektavimo proces\u0105. Sud\u0117tingais matematiniais algoritmais paremta sistema pagal naudotojo pasirinktus parametrus generuoja realiai statybai tinkamus nam\u0173 projektus, 3D modelius, me&#8230;<\/p>\n<p><a href=\"https:\/\/www.statybunaujienos.lt\/naujiena\/Skydines-medines-statybos-lyderyste-HUSLINE-patirtis-Skandinavijoje-ir-isskirtinis-projektas-Klaipedos-rajone\/27118\" rel=\"nofollow noopener\" target=\"_blank\"><img decoding=\"async\" alt=\"nuotrauka\" class=\"img_foto\" src=\"https:\/\/www.europesays.com\/lt\/wp-content\/uploads\/2026\/09\/69b9c53bc7432c4c8b78da8a3663bf49.jpg\" height=\"100\" border=\"1\"\/><\/a><\/p>\n<p>2026-08-24 07:48<\/p>\n<p>Klaip\u0117dos rajone duris atv\u0117rusi moderni FK \u201eBanga\u201c futbolo stovyklaviet\u0117 \u201eBanga Camp\u201c tapo vienu ry\u0161kiausi\u0173 pastarojo meto sporto infrastrukt\u016bros projekt\u0173 Lietuvoje. 32 vienod\u0173 gyvenam\u0173j\u0173 nameli\u0173 kompleksas ne tik suk\u016br\u0117 kokybi\u0161k\u0105 erdv\u0119 sportininkams, bet ir parod\u0117, kaip \u0161iuolaikin\u0117 surenkamoji medi&#8230;<\/p>\n<p><a href=\"https:\/\/www.statybunaujienos.lt\/naujiena\/EIKA-Construction-uz-10-49-mln-euru-ples-Stasys-Museum-Panevezyje-atsiras-naujos-erdves\/27153\" rel=\"nofollow noopener\" target=\"_blank\"><img decoding=\"async\" alt=\"nuotrauka\" class=\"img_foto\" src=\"https:\/\/www.europesays.com\/lt\/wp-content\/uploads\/2026\/09\/be0a9cb833d4733a65ad7f9184dcc408.jpg\" height=\"100\" border=\"1\"\/><\/a><\/p>\n<p>2026-08-21 13:29<\/p>\n<p>\u201eEIKA Construction\u201c pasira\u0161\u0117 10,49 mln. eur\u0173 vert\u0117s rangos darb\u0173 sutart\u012f su Panev\u0117\u017eio miesto savivaldybe ir \u012fgyvendins antr\u0105j\u012f Stasio Eidrigevi\u010diaus men\u0173 centro \u201eStasys Museum\u201c pl\u0117tros etap\u0105. Respublikos g. 40 esan\u010diame pastate bus \u012frengtos naujos ekspozicij\u0173, rengini\u0173, edukacij\u0173 ir k\u016brybin\u0117s erdv\u0117s&#8230;<\/p>\n<p><a href=\"https:\/\/www.statybunaujienos.lt\/naujiena\/Per-40-mln-euru-Rudninku-poligone-statys-nauja-stovykla-NATO-sajungininkams\/27144\" rel=\"nofollow noopener\" target=\"_blank\"><img decoding=\"async\" alt=\"nuotrauka\" class=\"img_foto\" src=\"https:\/\/www.europesays.com\/lt\/wp-content\/uploads\/2026\/09\/491a5183503304879b716acd726fca22.jpg\" height=\"100\" border=\"1\"\/><\/a><\/p>\n<p>2026-08-20 08:52<\/p>\n<p>R\u016bdnink\u0173 kariniame poligone planuojama statyti nauj\u0105 stovykl\u0105, skirt\u0105 per pratybas \u012f Lietuv\u0105 atvykstantiems Vokietijos ir kit\u0173 NATO s\u0105junginink\u0173 kariams.<\/p>\n<p><a href=\"https:\/\/www.statybunaujienos.lt\/naujiena\/Nauja-Vidurio-Europos-langu-duru-ir-stiklo-sektoriaus-susitikimo-vieta-technologijos-mokymai-ir-verslo-kontaktai-architektams-gamintojams-bei-montuotojams\/27142\" rel=\"nofollow noopener\" target=\"_blank\"><img decoding=\"async\" alt=\"nuotrauka\" class=\"img_foto\" src=\"https:\/\/www.europesays.com\/lt\/wp-content\/uploads\/2026\/09\/0cb917799d8fde9262849fb7ca05ab09.jpg\" height=\"100\" border=\"1\"\/><\/a><\/p>\n<p>2026-08-19 14:27<\/p>\n<p>Energinis efektyvumas, \u0161iuolaikin\u0117s aliuminio bei stiklo sistemos ir auk\u0161ta montavimo kokyb\u0117 \u0161iandien yra esmin\u0117s Europos statybini\u0173 konstrukcij\u0173 sektoriaus temos. B\u016btent apie \u0161iuos klausimus telksis nauja tarptautin\u0117 paroda \u201eWinDoGlass Innovation\u201c, kuri vyks 2026 m. rugs\u0117jo 25\u201326 d. \u201eTargi Kielce\u201c &#8230;<\/p>\n<p><a href=\"https:\/\/www.statybunaujienos.lt\/naujiena\/Forum-Palace-keiciasi-is-esmes-i-sporto-klubo-atnaujinima-investuojama-4-mln-euru\/27136\" rel=\"nofollow noopener\" target=\"_blank\"><img decoding=\"async\" alt=\"nuotrauka\" class=\"img_foto\" src=\"https:\/\/www.europesays.com\/lt\/wp-content\/uploads\/2026\/09\/af45a15851275d2860a2cee09fd7a980.jpg\" height=\"100\" border=\"1\"\/><\/a><\/p>\n<p>2026-08-19 11:17<\/p>\n<p>\u201eForum Palace\u201c Vilniuje laukia did\u017eiausias iki \u0161iol sporto klubo atnaujinimas. \u012e kompleksi\u0161k\u0105 ma\u017edaug 5 t\u016bkst. kv. m ploto erdvi\u0173 pertvarkym\u0105 numatoma investuoti apie 4 mln. eur\u0173. Dal\u012f \u0161i\u0173 l\u0117\u0161\u0173 \u2013 3,2 mln. eur\u0173 \u2013 finansuoja \u201eUrbo\u201c bankas, bendrovei \u201eForumo r\u016bmai\u201c suteik\u0119s i\u0161 viso 8,8 mln. eur\u0173 finans&#8230;<\/p>\n<p><a href=\"https:\/\/www.statybunaujienos.lt\/naujiena\/Kaip-suvaldyti-garsa-ir-sukurti-stiliu-CONSOLVA-PET-veltinio-sprendimai\/26893\" rel=\"nofollow noopener\" target=\"_blank\"><img decoding=\"async\" alt=\"nuotrauka\" class=\"img_foto\" src=\"https:\/\/www.europesays.com\/lt\/wp-content\/uploads\/2026\/09\/e1f49f4a2c95494fc3373242683c50bc.jpg\" height=\"100\" border=\"1\"\/><\/a><\/p>\n<p>2026-08-19 07:55<\/p>\n<p>Architekt\u016broje ilg\u0105 laik\u0105 vyravo tylus susitarimas: tai, kas funkcionalu, turi b\u016bti nematoma. Akustiniai sprendimai da\u017eniausiai tapdavo \u201eb\u016btinu blogiu\u201c \u2013 nemaloniomis plok\u0161t\u0117mis, kurias architektai stengdavosi pasl\u0117pti u\u017e pakabinam\u0173 konstrukcij\u0173 ar bald\u0173. Ta\u010diau \u0161iandien \u0161is po\u017ei\u016bris i\u0161gyvena transf&#8230;<\/p>\n<p><a href=\"https:\/\/www.statybunaujienos.lt\/naujiena\/Prie-Vilniaus-oro-uosto-atnaujintas-AIRINN-Vilnius-Airport-interjere-keliones-patirtis-baltiski-motyvai-ir-isskirtiniai-sprendimai\/27087\" rel=\"nofollow noopener\" target=\"_blank\"><img decoding=\"async\" alt=\"nuotrauka\" class=\"img_foto\" src=\"https:\/\/www.europesays.com\/lt\/wp-content\/uploads\/2026\/09\/8c99c461c8097a97dbb42458630dc39b.jpg\" height=\"100\" border=\"1\"\/><\/a><\/p>\n<p>2026-08-18 07:34<\/p>\n<p>Subtilus santykis tarp dinami\u0161ko oro uosto \u0161urmulio ir ramyb\u0117s ie\u0161kan\u010dio keliautojo tapo pagrindine a\u0161imi, aplink kuri\u0105 sukurta atnaujinta \u201eAIRINN Vilnius Airport\u201c vie\u0161bu\u010dio interjero visuma. Interjero studijos \u201eIn Arch\u201c vadov\u0117 Indr\u0117 Dorof\u0117j\u016bt\u0117 kartu su dizainere Laura Dudinska i\u0161 esm\u0117s transformavo&#8230;<\/p>\n<p><a href=\"https:\/\/www.statybunaujienos.lt\/naujiena\/Po-ekspertu-vertinimo-atnaujinta-Seskines-prekybos-centro-veikla-sustiprinta-stogo-konstrukcija\/27125\" rel=\"nofollow noopener\" target=\"_blank\"><img decoding=\"async\" alt=\"nuotrauka\" class=\"img_foto\" src=\"https:\/\/www.europesays.com\/lt\/wp-content\/uploads\/2026\/09\/287f66f486b3b663b8b5e8ee93e034dd.jpg\" height=\"100\" border=\"1\"\/><\/a><\/p>\n<p>2026-08-17 08:47<\/p>\n<p>Nepriklausomiems ekspertams baigus Vilniuje, \u0160e\u0161kin\u0117s g. 32, esan\u010dio prekybos centro technin\u0117s b\u016bkl\u0117s vertinim\u0105, pastato valdytojas \u201eBaltisches Haus\u201c \u0161e\u0161tadien\u012f atnaujino jo veikl\u0105. Atsi\u017evelgus \u012f ekspert\u0173 i\u0161vadas, sustiprinta stogo konstrukcija, o atlikus darbus patvirtinta, kad pastate u\u017etikrintos &#8230;<\/p>\n<p><a href=\"https:\/\/www.statybunaujienos.lt\/naujiena\/ReVingio-City-Space-statybos-baigtos-anksciau-nei-planuota-paaiskejo-kuo-issiskiria-naujieji-namai\/27116\" rel=\"nofollow noopener\" target=\"_blank\"><img decoding=\"async\" alt=\"nuotrauka\" class=\"img_foto\" src=\"https:\/\/www.europesays.com\/lt\/wp-content\/uploads\/2026\/09\/837eac63195fccc4b836fc9ef22435cd.jpg\" height=\"100\" border=\"1\"\/><\/a><\/p>\n<p>2026-08-13 13:44<\/p>\n<p>\u201eNaresta\u201c m\u0117nesiu anks\u010diau, nei planuota, baig\u0117 \u201eGalio Group\u201c Vilniuje, \u0161alia Vingio parko, vystomo gyvenam\u0173j\u0173 nam\u0173 kvartalo \u201eReVingis\u201c tre\u010diojo etapo \u201eCity Space\u201c statybos darbus. Trijuose naujai i\u0161kilusiuose daugiabu\u010diuose \u012frengti 165 butai. \u012e \u0161\u012f etap\u0105 investuota daugiau kaip 21 mln. Eur be PVM.<\/p>\n<p><a href=\"https:\/\/www.statybunaujienos.lt\/naujiena\/Daugiabucio-siena-Vilniuje-apsiltino-per-dvi-dienas-skydine-renovacija-keicia-taisykles\/27117\" rel=\"nofollow noopener\" target=\"_blank\"><img decoding=\"async\" alt=\"nuotrauka\" class=\"img_foto\" src=\"https:\/\/www.europesays.com\/lt\/wp-content\/uploads\/2026\/09\/56d7c7eab36334632d47ee3fc24bf483.jpg\" height=\"100\" border=\"1\"\/><\/a><\/p>\n<p>2026-08-13 11:25<\/p>\n<p>Vilniuje prad\u0117ti pirmieji daugiabu\u010di\u0173 atnaujinimo darbai, naudojant skydin\u0117s renovacijos technologij\u0105. \u017dirm\u016bnuose, Tuskul\u0117n\u0173 g. 6, jau montuojami gamykloje pagaminti fasado skydai, o netrukus tokie darbai prasid\u0117s ir Antakalnio g. 91. \u0160i technologija leid\u017eia did\u017ei\u0105j\u0105 dal\u012f darb\u0173 perkelti i\u0161 statybvie&#8230;<\/p>\n<p><a href=\"https:\/\/www.statybunaujienos.lt\/naujiena\/Nuo-saules-spinduliu-ikveptos-architekturos-iki-BMS-technologiju-Siauliuose-atidarytas-modernus-SDG-biuras\/27106\" rel=\"nofollow noopener\" target=\"_blank\"><img decoding=\"async\" alt=\"nuotrauka\" class=\"img_foto\" src=\"https:\/\/www.europesays.com\/lt\/wp-content\/uploads\/2026\/09\/b3fd138345c369f5201effd375c49541.jpg\" height=\"100\" border=\"1\"\/><\/a><\/p>\n<p>2026-08-13 10:00<\/p>\n<p>Liep\u0105 \u0160iauli\u0173 pramoniniame rajone (Pramon\u0117s g. 24B) oficialiai duris atv\u0117r\u0117 naujasis \u201eSDG grup\u0117s\u201c biuras. Beveik 950 kv. m ploto A++ energinio naudingumo pastatas \u017eymi ne tik kokybin\u012f \u012fmon\u0117s pl\u0117tros \u0161uol\u012f, bet ir tapo ry\u0161kiu \u0160iauli\u0173 miesto architekt\u016briniu akcentu. Strategin\u0117 investicija \u012f nuosav\u0105 bi&#8230;<\/p>\n<p><a href=\"https:\/\/www.statybunaujienos.lt\/naujiena\/Naujojo-COBALT-biuro-architekturiniai-ir-interjero-sprendimai-darna-tarp-estetikos-ergonomikos-ir-privatumo\/27056\" rel=\"nofollow noopener\" target=\"_blank\"><img decoding=\"async\" alt=\"nuotrauka\" class=\"img_foto\" src=\"https:\/\/www.europesays.com\/lt\/wp-content\/uploads\/2026\/09\/bbe6621aa09020761e74d65f302a9327.jpg\" height=\"100\" border=\"1\"\/><\/a><\/p>\n<p>2026-08-12 12:00, \u00a0\u00a0\u00a0\u00a0\u00a0papildyta 2026-08-13 14:15, Papildyta nuotraukomis<\/p>\n<p>\u0160iuolaikinis verslo biuras jau seniai per\u017eeng\u0117 tiesiog darbo vietos s\u0105vok\u0105 \u2013 \u0161iandien tai \u012fmon\u0117s identiteto, vertybi\u0173 ir strategini\u0173 tiksl\u0173 i\u0161rai\u0161ka. Teisini\u0173 paslaug\u0173 sektoriuje, kur reprezentatyvumas privalo der\u0117ti su maksimaliu konfidencialumu, erdv\u0117s planavimas tampa ypatingu i\u0161\u0161\u016bkiu. Advokat\u0173 k&#8230;<\/p>\n<p><a href=\"https:\/\/www.statybunaujienos.lt\/naujiena\/Svarbus-Panevezio-projektas-salia-autobusu-stoties-EIKA-Construction-statys-bustus-specialistams-ir-Savivaldybes-patalpas\/27091\" rel=\"nofollow noopener\" target=\"_blank\"><img decoding=\"async\" alt=\"nuotrauka\" class=\"img_foto\" src=\"https:\/\/www.europesays.com\/lt\/wp-content\/uploads\/2026\/09\/903ec61bf1e51c0d80ab61d18a0e233f.jpg\" height=\"100\" border=\"1\"\/><\/a><\/p>\n<p>2026-08-10 13:08<\/p>\n<p>\u201eEIKA Construction\u201c laim\u0117jo Panev\u0117\u017eio miesto savivaldyb\u0117s skelbt\u0105 konkurs\u0105 ir pasira\u0161\u0117 sutart\u012f d\u0117l naujo pastato Savanori\u0173 a. 3A, \u0161alia miesto autobus\u0173 stoties, statybos. Beveik 2 t\u016bkst. kv. m pastate bus \u012frengtas Savivaldyb\u0117s administracijos Socialini\u0173 reikal\u0173 skyrius ir 21 b\u016bstas, skirtas Panev\u0117\u017ei&#8230;<\/p>\n<p><a href=\"https:\/\/www.statybunaujienos.lt\/naujiena\/14-tukst-kv-m-ugdymo-kompleksas-Kalnenuose-naujas-darzelis-ir-mokykla-duris-atvers-2028-m\/27090\" rel=\"nofollow noopener\" target=\"_blank\"><img decoding=\"async\" alt=\"nuotrauka\" class=\"img_foto\" src=\"https:\/\/www.europesays.com\/lt\/wp-content\/uploads\/2026\/09\/fbdf984f0b5e90c4bb9c3a3018748281.jpg\" height=\"100\" border=\"1\"\/><\/a><\/p>\n<p>2026-08-10 12:15<\/p>\n<p>Besiple\u010dian\u010diame Vilniaus Kaln\u0117n\u0173 rajone \u017eengtas svarbus \u017eingsnis \u2013 Vilniaus miesto savivaldyb\u0117 i\u0161dav\u0117 statyb\u0105 leid\u017eiant\u012f dokument\u0105 naujo dar\u017eelio-pradin\u0117s mokyklos statybai Morav\u0173 g. 4. 14 215 kv. m ploto ugdymo \u012fstaigoje numatoma \u012frengti vietas 576 pradini\u0173 klasi\u0173 mokiniams ir 380 dar\u017eelinuk\u0173. Pro&#8230;<\/p>\n<p><a href=\"https:\/\/www.statybunaujienos.lt\/naujiena\/KTU-mokslininku-proverzis-is-statybiniu-atlieku-sukurtas-betonas-atlaiko-net-800-%C2%B0C-temperatura\/27079\" rel=\"nofollow noopener\" target=\"_blank\"><img decoding=\"async\" alt=\"nuotrauka\" class=\"img_foto\" src=\"https:\/\/www.europesays.com\/lt\/wp-content\/uploads\/2026\/09\/6fc9b2cadb45cb10c95f42541af5576e.jpg\" height=\"100\" border=\"1\"\/><\/a><\/p>\n<p>2026-08-06 08:07<\/p>\n<p>Betonas yra viena svarbiausi\u0173 statybini\u0173 med\u017eiag\u0173 pasaulyje, ta\u010diau jo pagrindin\u0117s sudedamosios dalies \u2013 portlandcemen\u010dio \u2013 gamyba i\u0161lieka vienu did\u017eiausi\u0173 statyb\u0173 sektoriaus CO\u2082 emisij\u0173 \u0161altini\u0173. Ie\u0161kodami tvaresni\u0173 alternatyv\u0173, Kauno technologijos universiteto (KTU) mokslininkai suk\u016br\u0117 i\u0161 atliek\u0173 &#8230;<\/p>\n<p>\n\t\t\t\t<a href=\"https:\/\/www.statybunaujienos.lt\/index.php\" rel=\"nofollow noopener\" target=\"_blank\">Statybunaujienos.lt<\/a> \u00bb <a href=\"https:\/\/www.statybunaujienos.lt\/naujienos\/Objektai-Technologijos-Verslas\/6\" rel=\"nofollow noopener\" target=\"_blank\">Objektai. Technologijos. Verslas<\/a><\/p>\n<\/td>\n","protected":false},"excerpt":{"rendered":"2026-09-02 10:08 \u201eEIKA Group\u201c u\u017e daugiau kaip 17 mln. eur\u0173 \u012fsigijo modern\u0173 logistikos centr\u0105 \u201eBlue Logistic hub\u201c \u0160iaur\u0117s&hellip;\n","protected":false},"author":2,"featured_media":267986,"comment_status":"","ping_status":"","sticky":false,"template":"","format":"standard","meta":{"footnotes":"","_share_on_mastodon":"0"},"categories":[17],"tags":[81,1262,37,39,36,38,40,23,1260,430,1263,46,1261],"class_list":["post-267985","post","type-post","status-publish","format-standard","has-post-thumbnail","category-verslas","tag-business","tag-interjeras","tag-lietuva","tag-lietuviu","tag-lithuania","tag-lithuanian","tag-lt","tag-naujienos","tag-nekilnojamas-turtas","tag-renovacija","tag-statyba","tag-verslas","tag-zinios"],"share_on_mastodon":{"url":"https:\/\/pubeurope.com\/@lt\/117205882615142828","error":""},"_links":{"self":[{"href":"https:\/\/www.europesays.com\/lt\/wp-json\/wp\/v2\/posts\/267985","targetHints":{"allow":["GET"]}}],"collection":[{"href":"https:\/\/www.europesays.com\/lt\/wp-json\/wp\/v2\/posts"}],"about":[{"href":"https:\/\/www.europesays.com\/lt\/wp-json\/wp\/v2\/types\/post"}],"author":[{"embeddable":true,"href":"https:\/\/www.europesays.com\/lt\/wp-json\/wp\/v2\/users\/2"}],"replies":[{"embeddable":true,"href":"https:\/\/www.europesays.com\/lt\/wp-json\/wp\/v2\/comments?post=267985"}],"version-history":[{"count":0,"href":"https:\/\/www.europesays.com\/lt\/wp-json\/wp\/v2\/posts\/267985\/revisions"}],"wp:featuredmedia":[{"embeddable":true,"href":"https:\/\/www.europesays.com\/lt\/wp-json\/wp\/v2\/media\/267986"}],"wp:attachment":[{"href":"https:\/\/www.europesays.com\/lt\/wp-json\/wp\/v2\/media?parent=267985"}],"wp:term":[{"taxonomy":"category","embeddable":true,"href":"https:\/\/www.europesays.com\/lt\/wp-json\/wp\/v2\/categories?post=267985"},{"taxonomy":"post_tag","embeddable":true,"href":"https:\/\/www.europesays.com\/lt\/wp-json\/wp\/v2\/tags?post=267985"}],"curies":[{"name":"wp","href":"https:\/\/api.w.org\/{rel}","templated":true}]}}