{"id":267995,"date":"2026-09-03T07:26:19","date_gmt":"2026-09-03T07:26:19","guid":{"rendered":"https:\/\/www.europesays.com\/lt\/267995\/"},"modified":"2026-09-03T07:26:19","modified_gmt":"2026-09-03T07:26:19","slug":"gatveje-gitana-nauseda-sutikes-vyras-nustebo-del-jo-elgesio-as-tikrai","status":"publish","type":"post","link":"https:\/\/www.europesays.com\/lt\/267995\/","title":{"rendered":"Gatv\u0117je Gitan\u0105 Naus\u0117d\u0105 sutik\u0119s vyras nustebo d\u0117l jo elgesio: \u201eA\u0161 tikrai&#8230;\u201c"},"content":{"rendered":"\n<p>Gatv\u0117je trimitu grojant\u012f\u00a0vyr\u0105 nustebino tai, kad pro \u0161al\u012f \u0117j\u0119s \u0161alies vadovas ne tik sustojo pasiklausyti jo muzikos.<\/p>\n<p>  Netik\u0117tas susitikimas su prezidentu <\/p>\n<p>\u201eA\u0161 tikrai noriu gyventi tokioje \u0161alyje ir b\u016bti jos pilietis, kur prezident\u0105 galima sutikti prie parduotuv\u0117s, jis sustoja pasiklausyti mano muzikos ir sutinka su manimi pasidaryti selfie.<\/p>\n<p>Netrukus bus \u0161e\u0161eri metai, kai gyvenu Lietuvoje, ir atsidurti b\u016btent \u010dia 2021 met\u0173 \u017eiem\u0105 buvo geriausia dovana, kuri\u0105 man paruo\u0161\u0117 gyvenimas ir likimas.<\/p>\n<p>Iki tol gyvenau \u012fvairiose kitose \u0161alyse, i\u0161 esm\u0117s vis\u0105 gyvenim\u0105 buvau migrantas. Ta\u010diau tik Lietuvoje nor\u0117\u010diau pasilikti ir \u012fleisti \u0161aknis\u201c, \u2013 prie pasidalinto \u012fra\u0161o ra\u0161\u0117 jis.<\/p>\n<p>     Gitanas Naus\u0117da (nuotr. socialini\u0173 tinkl\u0173)&#8221; class=&#8221;articlePhoto&#8221;&gt;   <a href=\"https:\/\/www.tv3.lt\/Uploads\/UGallery\/photos\/cc\/4a\/86\/5f\/cc4a865ffa6db36034a816673cfb848e.jpg\" data-fancybox=\"photos-embed\" data-caption=\"Timas Suladze ir Gitanas Naus\u0117da (nuotr. socialini\u0173 tinkl\u0173)\" target=\"_self\" rel=\"nofollow noopener\"> <img decoding=\"async\" class=\"photo-inside-article\" align=\"center\" alt=\"Timas Suladze ir Gitanas Naus\u0117da (nuotr. socialini\u0173 tinkl\u0173)\" title=\"Timas Suladze ir Gitanas Naus\u0117da (nuotr. socialini\u0173 tinkl\u0173)\" src=\"https:\/\/www.europesays.com\/lt\/wp-content\/uploads\/2026\/09\/cc4a865ffa6db36034a816673cfb848e.jpg\" width=\"684\" height=\"654\" loading=\"lazy\" \/> <\/a>       <\/p>\n<p>Vyras taip pat pasidalijo ne tik asmenuke su prezidentu G. Naus\u0117da, bet ir vaizdo \u012fra\u0161u, kuriame u\u017efiksuota kaip i\u0161 parduotuv\u0117s i\u0161einantis Gitanas kartu su savo apsauginiais prieina prie muzikanto ir \u012fmeta jam monet\u0173.<\/p>\n<p>\u201e\u0160aunuolis, gerai varot\u201c, \u2013 mesdamas monetas kalb\u0117jo\u00a0prezidentas.<\/p>\n<p>\u012era\u0161\u0105 galite pamatyti <a href=\"https:\/\/www.threads.com\/@tim.suladze\/post\/DcxibnciMvJ?xmt=AQG0RV90tUJMBc1c5wRDKXXogXkhTgsiBS0b16oJtQhAtg\" target=\"_blank\" rel=\"nofollow noopener\">\u010dia:<\/a><\/p>\n<p>     <a href=\"https:\/\/www.tv3.lt\/Uploads\/UGallery\/photos\/60\/77\/a2\/a4\/6077a2a47b6c4421088053aa8e0a326f.jpg\" data-fancybox=\"photos-embed\" data-caption=\"Gitanas Naus\u0117da (nuotr. ELTA ir soc. tinkl\u0173) \" target=\"_self\" rel=\"nofollow noopener\"> <img decoding=\"async\" class=\"photo-inside-article\" align=\"center\" alt=\"Gitanas Naus\u0117da (nuotr. ELTA ir soc. tinkl\u0173) \" title=\"Gitanas Naus\u0117da (nuotr. ELTA ir soc. tinkl\u0173) \" src=\"https:\/\/www.europesays.com\/lt\/wp-content\/uploads\/2026\/09\/6077a2a47b6c4421088053aa8e0a326f.jpg\" width=\"684\" height=\"654\" loading=\"lazy\" \/> <\/a>        <\/p>\n<p>\n                                        \u0160altinis:<br \/>\n                                                                                    tv3.lt\n                                                                                <\/p>\n<p>Kvie\u010diame atrasti nauj\u0105 tv3.lt turin\u012f! Nuo \u0161iol portale j\u016bs\u0173 laukia ne tik <a href=\"https:\/\/www.tv3.lt\/testai\" rel=\"nofollow noopener\" target=\"_blank\">kasdien nauji testai<\/a>, bet ir <a href=\"https:\/\/www.tv3.lt\/kryziazodziai\" rel=\"nofollow noopener\" target=\"_blank\">kry\u017eia\u017eod\u017eiai <\/a>\u2013 i\u0161bandykite savo \u017einias, spr\u0119skite ir smagiai praleiskite laik\u0105. <\/p>\n","protected":false},"excerpt":{"rendered":"Gatv\u0117je trimitu grojant\u012f\u00a0vyr\u0105 nustebino tai, kad pro \u0161al\u012f \u0117j\u0119s \u0161alies vadovas ne tik sustojo pasiklausyti jo muzikos. Netik\u0117tas&hellip;\n","protected":false},"author":2,"featured_media":267996,"comment_status":"","ping_status":"","sticky":false,"template":"","format":"standard","meta":{"footnotes":"","_share_on_mastodon":"0"},"categories":[13],"tags":[38766,25,30,31,57,43,34,35,55,48,24,54,51,49,50,32,33,37,39,36,38,40,45,23,22,44,28,29,53,42,56,47,26,27,41,46,58,52],"class_list":["post-267995","post","type-post","status-publish","format-standard","has-post-thumbnail","category-lietuva","tag-2026-09-02-152600","tag-antrastes","tag-breaking-news","tag-breakingnews","tag-daiktai","tag-dienos-kronika","tag-featured-news","tag-featurednews","tag-gatves-tekstai","tag-gyvenimas","tag-headlines","tag-interneto-pievos","tag-keliones","tag-kultura","tag-laisvalaikis","tag-latest-news","tag-latestnews","tag-lietuva","tag-lietuviu","tag-lithuania","tag-lithuanian","tag-lt","tag-mokslas-ir-it","tag-naujienos","tag-news","tag-pasaulis","tag-populiariausios-naujienos","tag-populiariausiosnaujienos","tag-projektai","tag-rinktiniai-tekstai","tag-simtmecio-portalas","tag-sportas","tag-top-stories","tag-topstories","tag-tv3-lt","tag-verslas","tag-video","tag-zaidimai"],"share_on_mastodon":{"url":"","error":"Validation failed: Text character limit of 500 exceeded"},"_links":{"self":[{"href":"https:\/\/www.europesays.com\/lt\/wp-json\/wp\/v2\/posts\/267995","targetHints":{"allow":["GET"]}}],"collection":[{"href":"https:\/\/www.europesays.com\/lt\/wp-json\/wp\/v2\/posts"}],"about":[{"href":"https:\/\/www.europesays.com\/lt\/wp-json\/wp\/v2\/types\/post"}],"author":[{"embeddable":true,"href":"https:\/\/www.europesays.com\/lt\/wp-json\/wp\/v2\/users\/2"}],"replies":[{"embeddable":true,"href":"https:\/\/www.europesays.com\/lt\/wp-json\/wp\/v2\/comments?post=267995"}],"version-history":[{"count":0,"href":"https:\/\/www.europesays.com\/lt\/wp-json\/wp\/v2\/posts\/267995\/revisions"}],"wp:featuredmedia":[{"embeddable":true,"href":"https:\/\/www.europesays.com\/lt\/wp-json\/wp\/v2\/media\/267996"}],"wp:attachment":[{"href":"https:\/\/www.europesays.com\/lt\/wp-json\/wp\/v2\/media?parent=267995"}],"wp:term":[{"taxonomy":"category","embeddable":true,"href":"https:\/\/www.europesays.com\/lt\/wp-json\/wp\/v2\/categories?post=267995"},{"taxonomy":"post_tag","embeddable":true,"href":"https:\/\/www.europesays.com\/lt\/wp-json\/wp\/v2\/tags?post=267995"}],"curies":[{"name":"wp","href":"https:\/\/api.w.org\/{rel}","templated":true}]}}