{"id":267997,"date":"2026-09-03T07:28:14","date_gmt":"2026-09-03T07:28:14","guid":{"rendered":"https:\/\/www.europesays.com\/lt\/267997\/"},"modified":"2026-09-03T07:28:14","modified_gmt":"2026-09-03T07:28:14","slug":"zelenskis-reze-cia-saugu-nebus","status":"publish","type":"post","link":"https:\/\/www.europesays.com\/lt\/267997\/","title":{"rendered":"Zelenskis r\u0117\u017e\u0117: \u010dia saugu nebus"},"content":{"rendered":"\n<p>Ukrainos prezidentas <a href=\"https:\/\/www.tv3.lt\/gaires\/volodymyras-zelenskis\" target=\"_blank\" class=\"phrase\" rel=\"nofollow noopener\">Volodymyras Zelenskis<\/a> jau antradien\u012f paskelb\u0117 pana\u0161\u0173 persp\u0117jim\u0105 oro bendrov\u0117ms, draudimo kompanijoms ir keleiviams, kurie naudojasi Rusijos oro erdve.\u00a0<\/p>\n<p>\u201e<a href=\"https:\/\/www.tv3.lt\/naujiena\/uzsienis\/europoje-nerimas-del-rusijos-i-pagalba-kvieciami-ukrainos-karo-ekspertai-n1548163\" target=\"_blank\" rel=\"nofollow noopener\">Rusijos<\/a> oro erdv\u0117je bus tiek daug dron\u0173, kad \u012f tai b\u016btina atsi\u017evelgti\u201c, \u2013 teig\u0117 V. Zelenskis savo vakariniame vaizdo kreipimesi, paskelbtame socialiniuose tinkluose.<\/p>\n<p>      Saugios dienos Rusijai baig\u0117si <\/p>\n<p>\u201eSaugios dienos Rusijos oro erdv\u0117je baig\u0117si\u201c, \u2013 prid\u016br\u0117 jis.<\/p>\n<p>\u201e<a href=\"https:\/\/www.tv3.lt\/gaires\/ukraina\" target=\"_blank\" class=\"phrase\" rel=\"nofollow noopener\">Ukraina<\/a> nenori, kad nekalti \u017emon\u0117s prarast\u0173 gyvybes\u201c, \u2013 t\u0119s\u0117 V. Zelenskis. Tod\u0117l es\u0105 jo \u0161alies s\u0105jungininkai yra \u012fsp\u0117jami.\u00a0<\/p>\n<p>Ukraina, anot prezidento, pati savaime nekelia gr\u0117sm\u0117s civilinei aviacijai \u2013 n\u0117 vienam civiliniam orlaiviui, ta\u010diau \u201edron\u0173 knib\u017edanti oro erdv\u0117 n\u0117ra vieta civilinei aviacijai\u201c.<\/p>\n<p>Rusijos prezidentas Vladimiras Putinas \u0161iuos V. Zelenskio parei\u0161kimus pavadino \u201evalstybiniu terorizmu\u201c.\u00a0<\/p>\n<p>Kvie\u010diame atrasti nauj\u0105 tv3.lt turin\u012f! Nuo \u0161iol portale j\u016bs\u0173 laukia ne tik <a href=\"https:\/\/www.tv3.lt\/testai\" rel=\"nofollow noopener\" target=\"_blank\">kasdien nauji testai<\/a>, bet ir <a href=\"https:\/\/www.tv3.lt\/kryziazodziai\" rel=\"nofollow noopener\" target=\"_blank\">kry\u017eia\u017eod\u017eiai <\/a>\u2013 i\u0161bandykite savo \u017einias, spr\u0119skite ir smagiai praleiskite laik\u0105. <\/p>\n","protected":false},"excerpt":{"rendered":"Ukrainos prezidentas Volodymyras Zelenskis jau antradien\u012f paskelb\u0117 pana\u0161\u0173 persp\u0117jim\u0105 oro bendrov\u0117ms, draudimo kompanijoms ir keleiviams, kurie naudojasi Rusijos&hellip;\n","protected":false},"author":2,"featured_media":267998,"comment_status":"","ping_status":"","sticky":false,"template":"","format":"standard","meta":{"footnotes":"","_share_on_mastodon":"0"},"categories":[6],"tags":[38767,25,30,31,57,43,34,35,55,48,24,54,51,49,50,32,33,37,39,36,38,40,45,23,22,44,28,29,53,42,56,47,26,27,41,46,58,52],"class_list":["post-267997","post","type-post","status-publish","format-standard","has-post-thumbnail","category-antrastes","tag-2026-09-02-210540","tag-antrastes","tag-breaking-news","tag-breakingnews","tag-daiktai","tag-dienos-kronika","tag-featured-news","tag-featurednews","tag-gatves-tekstai","tag-gyvenimas","tag-headlines","tag-interneto-pievos","tag-keliones","tag-kultura","tag-laisvalaikis","tag-latest-news","tag-latestnews","tag-lietuva","tag-lietuviu","tag-lithuania","tag-lithuanian","tag-lt","tag-mokslas-ir-it","tag-naujienos","tag-news","tag-pasaulis","tag-populiariausios-naujienos","tag-populiariausiosnaujienos","tag-projektai","tag-rinktiniai-tekstai","tag-simtmecio-portalas","tag-sportas","tag-top-stories","tag-topstories","tag-tv3-lt","tag-verslas","tag-video","tag-zaidimai"],"share_on_mastodon":{"url":"","error":"Validation failed: Text character limit of 500 exceeded"},"_links":{"self":[{"href":"https:\/\/www.europesays.com\/lt\/wp-json\/wp\/v2\/posts\/267997","targetHints":{"allow":["GET"]}}],"collection":[{"href":"https:\/\/www.europesays.com\/lt\/wp-json\/wp\/v2\/posts"}],"about":[{"href":"https:\/\/www.europesays.com\/lt\/wp-json\/wp\/v2\/types\/post"}],"author":[{"embeddable":true,"href":"https:\/\/www.europesays.com\/lt\/wp-json\/wp\/v2\/users\/2"}],"replies":[{"embeddable":true,"href":"https:\/\/www.europesays.com\/lt\/wp-json\/wp\/v2\/comments?post=267997"}],"version-history":[{"count":0,"href":"https:\/\/www.europesays.com\/lt\/wp-json\/wp\/v2\/posts\/267997\/revisions"}],"wp:featuredmedia":[{"embeddable":true,"href":"https:\/\/www.europesays.com\/lt\/wp-json\/wp\/v2\/media\/267998"}],"wp:attachment":[{"href":"https:\/\/www.europesays.com\/lt\/wp-json\/wp\/v2\/media?parent=267997"}],"wp:term":[{"taxonomy":"category","embeddable":true,"href":"https:\/\/www.europesays.com\/lt\/wp-json\/wp\/v2\/categories?post=267997"},{"taxonomy":"post_tag","embeddable":true,"href":"https:\/\/www.europesays.com\/lt\/wp-json\/wp\/v2\/tags?post=267997"}],"curies":[{"name":"wp","href":"https:\/\/api.w.org\/{rel}","templated":true}]}}