{"id":268003,"date":"2026-09-03T07:32:12","date_gmt":"2026-09-03T07:32:12","guid":{"rendered":"https:\/\/www.europesays.com\/lt\/268003\/"},"modified":"2026-09-03T07:32:12","modified_gmt":"2026-09-03T07:32:12","slug":"lenkija-seka-vokietijos-pavyzdziu-tuskas-bede-pirstu-i-rusija","status":"publish","type":"post","link":"https:\/\/www.europesays.com\/lt\/268003\/","title":{"rendered":"Lenkija seka Vokietijos pavyzd\u017eiu: Tuskas bed\u0117 pir\u0161tu \u012f Rusij\u0105"},"content":{"rendered":"<p>\u201eTai \u2013 tolesnis Rusijos veiksm\u0173 eskalavimas Europoje\u201c, \u2013 pabr\u0117\u017e\u0117 premjeras, pridurdamas, kad \u201edeja, tai ne pirmieji atvejai, o, kas dar blogiau \u2013 jie tikrai nebus paskutiniai\u201c.<\/p>\n<p>T\u0105 pa\u010di\u0105 dien\u0105, kai buvo \u012fvykdytas i\u0161puolis, Lenkijos prokurat\u016bra \u0161\u012f incident\u0105 kvalifikavo kaip \u201eteroristin\u012f nusikaltim\u0105\u201c, \u012fvykdyt\u0105 \u201eu\u017esienio \u017evalgybos tarnybos\u201c ir susijus\u012f su \u201ety\u010diniu padegimu\u201c.<\/p>\n<p>Bendrov\u0117 \u201eWB Electronics\u201c, kurios gamykloje praeit\u0105 pirmadien\u012f kilo gaisras, yra viena i\u0161 did\u017eiausi\u0173 priva\u010di\u0173 gynybos bendrovi\u0173 Lenkijoje. Ji gamina dronus ir \u0161audmenis, kuriuos Ukraina naudoja prie\u0161 Rusijos kariuomen\u0119. Gaisras buvo greitai u\u017egesintas, auk\u0173 nebuvo.<\/p>\n<p>Incidentas Lenkijoje \u012fvyko tuo metu, kai Rusijos i\u0161puoliai prie\u0161 objektus, susijusius su karin\u0117s \u012frangos gamyba Ukrainai, tampa vis da\u017enesni.<\/p>\n<p>Be \u0161io incidento sekmadien\u012f Lenkijoje kilo dar vienas gaisras Liubline \u012fsik\u016brusioje \u012fmon\u0117je, gaminan\u010dioje komponentus aeronautikos ir kosmoso pramonei, tarp kuri\u0173 l\u0117ktuv\u0173 ir sraigtasparni\u0173 dalys.<\/p>\n<p>Anks\u010diau rugpj\u016bt\u012f taip pat buvo prane\u0161ta apie bandym\u0105 padegti Ukrainos bepilo\u010di\u0173 orlaivi\u0173 gamintojo gamykl\u0105 Slovakijoje. Ten policija sulaik\u0117 tris \u012ftariamuosius \u2013 du Latvijos pilie\u010dius ir ukrainiet\u012f. Tyrimas nustat\u0117, kad nusikalt\u0117liai planavo surengti didelio masto gaisr\u0105 \u012fmon\u0117je. Po kratos buvo aptiktas degusis mi\u0161inys ir i\u0161puolio planai.<\/p>\n<p>Rugpj\u016b\u010dio prad\u017eioje Ryt\u0173 Vokietijoje, Leipcigo-Hal\u0117s oro uoste ir jo apylink\u0117se, buvo pasteb\u0117ti trys dronai, gabenan\u0119 sprogstam\u0105sias med\u017eiagas, tarp j\u0173 \u2013 vienas dronas, rastas \u0161alia Ukrainos \u201eAntonov\u201c orlaivio, naudojamo ginkluotei transportuoti.<\/p>\n<p>Antradien\u012f kanclerio Friedricho Merzo vyriausyb\u0117 pirm\u0105 kart\u0105 atvirai apkaltino Rusij\u0105, kad ji yra atsakinga u\u017e \u0161\u012f i\u0161puol\u012f, ir paskelb\u0117 atsakom\u0105sias priemones. Europos S\u0105jungos pareig\u016bnai oficialiai par\u0117m\u0117 Vokietij\u0105 ir paragino taikyti papildomus viz\u0173 apribojimus Rusijos pilie\u010diams.<\/p>\n","protected":false},"excerpt":{"rendered":"\u201eTai \u2013 tolesnis Rusijos veiksm\u0173 eskalavimas Europoje\u201c, \u2013 pabr\u0117\u017e\u0117 premjeras, pridurdamas, kad \u201edeja, tai ne pirmieji atvejai, o,&hellip;\n","protected":false},"author":2,"featured_media":268004,"comment_status":"","ping_status":"","sticky":false,"template":"","format":"standard","meta":{"footnotes":"","_share_on_mastodon":"0"},"categories":[15],"tags":[25,30,31,34,35,24,32,33,37,39,36,38,40,23,22,44,28,29,26,27,74,75,76],"class_list":["post-268003","post","type-post","status-publish","format-standard","has-post-thumbnail","category-pasaulis","tag-antrastes","tag-breaking-news","tag-breakingnews","tag-featured-news","tag-featurednews","tag-headlines","tag-latest-news","tag-latestnews","tag-lietuva","tag-lietuviu","tag-lithuania","tag-lithuanian","tag-lt","tag-naujienos","tag-news","tag-pasaulis","tag-populiariausios-naujienos","tag-populiariausiosnaujienos","tag-top-stories","tag-topstories","tag-world","tag-world-news","tag-worldnews"],"share_on_mastodon":{"url":"https:\/\/pubeurope.com\/@lt\/117205948385434847","error":""},"_links":{"self":[{"href":"https:\/\/www.europesays.com\/lt\/wp-json\/wp\/v2\/posts\/268003","targetHints":{"allow":["GET"]}}],"collection":[{"href":"https:\/\/www.europesays.com\/lt\/wp-json\/wp\/v2\/posts"}],"about":[{"href":"https:\/\/www.europesays.com\/lt\/wp-json\/wp\/v2\/types\/post"}],"author":[{"embeddable":true,"href":"https:\/\/www.europesays.com\/lt\/wp-json\/wp\/v2\/users\/2"}],"replies":[{"embeddable":true,"href":"https:\/\/www.europesays.com\/lt\/wp-json\/wp\/v2\/comments?post=268003"}],"version-history":[{"count":0,"href":"https:\/\/www.europesays.com\/lt\/wp-json\/wp\/v2\/posts\/268003\/revisions"}],"wp:featuredmedia":[{"embeddable":true,"href":"https:\/\/www.europesays.com\/lt\/wp-json\/wp\/v2\/media\/268004"}],"wp:attachment":[{"href":"https:\/\/www.europesays.com\/lt\/wp-json\/wp\/v2\/media?parent=268003"}],"wp:term":[{"taxonomy":"category","embeddable":true,"href":"https:\/\/www.europesays.com\/lt\/wp-json\/wp\/v2\/categories?post=268003"},{"taxonomy":"post_tag","embeddable":true,"href":"https:\/\/www.europesays.com\/lt\/wp-json\/wp\/v2\/tags?post=268003"}],"curies":[{"name":"wp","href":"https:\/\/api.w.org\/{rel}","templated":true}]}}