{"id":268005,"date":"2026-09-03T07:33:10","date_gmt":"2026-09-03T07:33:10","guid":{"rendered":"https:\/\/www.europesays.com\/lt\/268005\/"},"modified":"2026-09-03T07:33:10","modified_gmt":"2026-09-03T07:33:10","slug":"po-keliones-vilniaus-autobusu-moteris-namo-negrizo-del-patirtu-suzalojimu-pagulde-i-ligonine","status":"publish","type":"post","link":"https:\/\/www.europesays.com\/lt\/268005\/","title":{"rendered":"Po kelion\u0117s Vilniaus autobusu moteris namo negr\u012f\u017eo \u2013 d\u0117l patirt\u0173 su\u017ealojim\u0173 paguld\u0117 \u012f ligonin\u0119"},"content":{"rendered":"<p>Kaip prane\u0161\u0117 sostin\u0117s policija, nelaim\u0117 \u012fvyko apie 17 val. 41 min. Laisv\u0117s prospekto ir Rygos gatv\u0117s sankry\u017eoje.<\/p>\n<p>Pirminiais duomenimis, autobusui \u201eSolaris\u201c, kur\u012f vairavo 1971 m. gim\u0119s vyras, staigiai stabdant, jame nukrito ir susi\u017ealojo keleiv\u0117, gimusi 1976 metais.<\/p>\n<p>Nukent\u0117jusioji d\u0117l patirt\u0173 su\u017ealojim\u0173 paguldyta \u012f ligonin\u0119.<\/p>\n<p>Policija prad\u0117jo ikiteismin\u012f tyrim\u0105 d\u0117l keli\u0173 transporto eismo saugumo ar transporto priemoni\u0173 eksploatavimo taisykli\u0173 pa\u017eeidimo.<\/p>\n","protected":false},"excerpt":{"rendered":"Kaip prane\u0161\u0117 sostin\u0117s policija, nelaim\u0117 \u012fvyko apie 17 val. 41 min. Laisv\u0117s prospekto ir Rygos gatv\u0117s sankry\u017eoje. Pirminiais&hellip;\n","protected":false},"author":2,"featured_media":268006,"comment_status":"","ping_status":"","sticky":false,"template":"","format":"standard","meta":{"footnotes":"","_share_on_mastodon":"0"},"categories":[13],"tags":[25,30,31,34,35,24,32,33,37,39,36,38,40,23,22,28,29,26,27],"class_list":["post-268005","post","type-post","status-publish","format-standard","has-post-thumbnail","category-lietuva","tag-antrastes","tag-breaking-news","tag-breakingnews","tag-featured-news","tag-featurednews","tag-headlines","tag-latest-news","tag-latestnews","tag-lietuva","tag-lietuviu","tag-lithuania","tag-lithuanian","tag-lt","tag-naujienos","tag-news","tag-populiariausios-naujienos","tag-populiariausiosnaujienos","tag-top-stories","tag-topstories"],"share_on_mastodon":{"url":"https:\/\/pubeurope.com\/@lt\/117205952378140787","error":""},"_links":{"self":[{"href":"https:\/\/www.europesays.com\/lt\/wp-json\/wp\/v2\/posts\/268005","targetHints":{"allow":["GET"]}}],"collection":[{"href":"https:\/\/www.europesays.com\/lt\/wp-json\/wp\/v2\/posts"}],"about":[{"href":"https:\/\/www.europesays.com\/lt\/wp-json\/wp\/v2\/types\/post"}],"author":[{"embeddable":true,"href":"https:\/\/www.europesays.com\/lt\/wp-json\/wp\/v2\/users\/2"}],"replies":[{"embeddable":true,"href":"https:\/\/www.europesays.com\/lt\/wp-json\/wp\/v2\/comments?post=268005"}],"version-history":[{"count":0,"href":"https:\/\/www.europesays.com\/lt\/wp-json\/wp\/v2\/posts\/268005\/revisions"}],"wp:featuredmedia":[{"embeddable":true,"href":"https:\/\/www.europesays.com\/lt\/wp-json\/wp\/v2\/media\/268006"}],"wp:attachment":[{"href":"https:\/\/www.europesays.com\/lt\/wp-json\/wp\/v2\/media?parent=268005"}],"wp:term":[{"taxonomy":"category","embeddable":true,"href":"https:\/\/www.europesays.com\/lt\/wp-json\/wp\/v2\/categories?post=268005"},{"taxonomy":"post_tag","embeddable":true,"href":"https:\/\/www.europesays.com\/lt\/wp-json\/wp\/v2\/tags?post=268005"}],"curies":[{"name":"wp","href":"https:\/\/api.w.org\/{rel}","templated":true}]}}