{"id":268007,"date":"2026-09-03T07:34:14","date_gmt":"2026-09-03T07:34:14","guid":{"rendered":"https:\/\/www.europesays.com\/lt\/268007\/"},"modified":"2026-09-03T07:34:14","modified_gmt":"2026-09-03T07:34:14","slug":"aros-marine-netenkino-tiekeju-velavimai-sprendimas-viena-ju-nusipirkti","status":"publish","type":"post","link":"https:\/\/www.europesays.com\/lt\/268007\/","title":{"rendered":"\u201eAros Marine\u201c netenkino tiek\u0117j\u0173 v\u0117lavimai. Sprendimas \u2013 vien\u0105 j\u0173 nusipirkti"},"content":{"rendered":"<p class=\"content-paragraph\">\u201eAros Marine\u201c vertikalios integracijos galimybi\u0173 ie\u0161kojo jau kur\u012f laik\u0105. Bendrov\u0117 baldus laivams perka i\u0161 daug tiek\u0117j\u0173, ir tai k\u0117l\u0117 problem\u0173 terminams itin jautriame laiv\u0173 statybos sektoriuje.<\/p>\n<p class=\"content-paragraph\">\u201eTiekimo grandin\u0117 m\u016bs\u0173 netenkino. Tai v\u0117lavimai, tai nesusikalb\u0117jimai, tai dar ka\u017ekas\u201c, \u2013 \u201eVerslo \u017einioms\u201c (V\u017d) sako Giedrius Valainis, bendrov\u0117s vadovas ir pagrindinis akcininkas.<\/p>\n","protected":false},"excerpt":{"rendered":"\u201eAros Marine\u201c vertikalios integracijos galimybi\u0173 ie\u0161kojo jau kur\u012f laik\u0105. Bendrov\u0117 baldus laivams perka i\u0161 daug tiek\u0117j\u0173, ir tai&hellip;\n","protected":false},"author":2,"featured_media":268008,"comment_status":"","ping_status":"","sticky":false,"template":"","format":"standard","meta":{"footnotes":"","_share_on_mastodon":"0"},"categories":[6],"tags":[25,30,31,34,35,24,32,33,37,39,36,38,40,23,22,28,29,26,27],"class_list":["post-268007","post","type-post","status-publish","format-standard","has-post-thumbnail","category-antrastes","tag-antrastes","tag-breaking-news","tag-breakingnews","tag-featured-news","tag-featurednews","tag-headlines","tag-latest-news","tag-latestnews","tag-lietuva","tag-lietuviu","tag-lithuania","tag-lithuanian","tag-lt","tag-naujienos","tag-news","tag-populiariausios-naujienos","tag-populiariausiosnaujienos","tag-top-stories","tag-topstories"],"share_on_mastodon":{"url":"https:\/\/pubeurope.com\/@lt\/117205956453080356","error":""},"_links":{"self":[{"href":"https:\/\/www.europesays.com\/lt\/wp-json\/wp\/v2\/posts\/268007","targetHints":{"allow":["GET"]}}],"collection":[{"href":"https:\/\/www.europesays.com\/lt\/wp-json\/wp\/v2\/posts"}],"about":[{"href":"https:\/\/www.europesays.com\/lt\/wp-json\/wp\/v2\/types\/post"}],"author":[{"embeddable":true,"href":"https:\/\/www.europesays.com\/lt\/wp-json\/wp\/v2\/users\/2"}],"replies":[{"embeddable":true,"href":"https:\/\/www.europesays.com\/lt\/wp-json\/wp\/v2\/comments?post=268007"}],"version-history":[{"count":0,"href":"https:\/\/www.europesays.com\/lt\/wp-json\/wp\/v2\/posts\/268007\/revisions"}],"wp:featuredmedia":[{"embeddable":true,"href":"https:\/\/www.europesays.com\/lt\/wp-json\/wp\/v2\/media\/268008"}],"wp:attachment":[{"href":"https:\/\/www.europesays.com\/lt\/wp-json\/wp\/v2\/media?parent=268007"}],"wp:term":[{"taxonomy":"category","embeddable":true,"href":"https:\/\/www.europesays.com\/lt\/wp-json\/wp\/v2\/categories?post=268007"},{"taxonomy":"post_tag","embeddable":true,"href":"https:\/\/www.europesays.com\/lt\/wp-json\/wp\/v2\/tags?post=268007"}],"curies":[{"name":"wp","href":"https:\/\/api.w.org\/{rel}","templated":true}]}}