{"id":268019,"date":"2026-09-03T07:46:14","date_gmt":"2026-09-03T07:46:14","guid":{"rendered":"https:\/\/www.europesays.com\/lt\/268019\/"},"modified":"2026-09-03T07:46:14","modified_gmt":"2026-09-03T07:46:14","slug":"paviesino-momenta-kai-sbu-ir-gur-agentai-eme-saudyti-vieni-i-kitus-ka-padare-zelenskis","status":"publish","type":"post","link":"https:\/\/www.europesays.com\/lt\/268019\/","title":{"rendered":"Pavie\u0161ino moment\u0105, kai SBU ir GUR agentai \u0117m\u0117 \u0161audyti vieni \u012f kitus: k\u0105 padar\u0117 Zelenskis"},"content":{"rendered":"<p>Ukrainos prezidentas Volodymyras Zelenskis tre\u010diadien\u012f parei\u0161k\u0117, kad \u0161audyn\u0117s tarp Ukrainos saugumo tarnybos (SBU) ir karin\u0117s \u017evalgybos (GUR) pareig\u016bn\u0173 Kyjive yra \u201eabsoliu\u010diai g\u0117dinga situacija\u201c. Reaguodamas \u012f situacij\u0105, jis atleido auk\u0161to rango SBU pareig\u016bn\u0105.<\/p>\n<p>VIDEO: Pavie\u0161ino moment\u0105, kai SBU ir GUR pareig\u016bnai prad\u0117jo \u0161audyti vieni \u012f kitus<\/p>\n<p>\t\t<a href=\"https:\/\/www.15min.lt\/video\/paviesino-momenta-kai-sbu-ir-gur-pareigunai-pradejo-saudyti-vieni-i-kitus-283050\" class=\"video-link\" rel=\"nofollow noopener\" target=\"_blank\"><br \/>\n\t\t\t<img decoding=\"async\" src=\"https:\/\/www.europesays.com\/lt\/wp-content\/uploads\/2026\/09\/saudynes-tarp-sbu-ir-gur-pareigunu-kyjive-6a991a92aad9c.jpg\" alt=\"\" style=\"width: 100%;\"\/><\/p>\n<p>\t\t<\/a><\/p>\n<p>Tre\u010diadien\u012f, tebevykstant tyrimui d\u0117l Kyjive \u012fsiplieskusi\u0173 \u0161audyni\u0173, Ukrainos vadovas pasira\u0161\u0117 dekret\u0105, kuriuo nu\u0161alino i\u0161 pareig\u0173 SBU Valstyb\u0117s paslap\u010di\u0173 apsaugos ir licencijavimo departamento vadov\u0105 Oleh\u0105 Chramov\u0105.<\/p>\n<p>\u0160ias pareigas pareig\u016bnas \u0117jo nuo 2023 m. kovo m\u0117n. Dekrete jo atleidimo prie\u017eastis ne\u012fvardinta.<\/p>\n<p>Vakariniame kreipimesi V.Zelenskis pabr\u0117\u017e\u0117, kad situacija tarp atskir\u0173 SBU ir GUR padalini\u0173 \u201eyra absoliu\u010diai g\u0117dinga\u201c.<\/p>\n<p> <a href=\"https:\/\/s1.15min.lt\/images\/photos\/2026\/09\/02\/original\/susisaudymas-kyjive-tarp-gur-ir-sbu-6a97eb6dcb01e.jpg\" rel=\"content-image nofollow noopener\" title=\"UP nuotr.\/Susi\u0161audymas Kyjive tarp GUR ir SBU\" target=\"_blank\"><img decoding=\"async\" alt=\"UP nuotr.\/Susi\u0161audymas Kyjive tarp GUR ir SBU\" rel=\"content-image\" src=\"https:\/\/www.europesays.com\/lt\/wp-content\/uploads\/2026\/09\/1788421574_987_susisaudymas-kyjive-tarp-gur-ir-sbu-6a97eb6dcb01e.jpg\" style=\"width: auto; height: auto;\"\/><\/a> <\/p>\n<p>UP nuotr.\/Susi\u0161audymas Kyjive tarp GUR ir SBU<\/p>\n<p>\u201eKalb\u0117jom\u0117s su generaliniu prokuroru. Jis i\u0161siai\u0161kins visas detales: bus patikrinti visi \u0161ios istorijos dalyvi\u0173 parodymai ir parei\u0161kimai, visa situacija bus i\u0161nagrin\u0117ta \u017eingsnis po \u017eingsnio\u201c, \u2013 sak\u0117 prezidentas.<\/p>\n<p>Jis pabr\u0117\u017e\u0117, kad incidento dalyviai turi b\u016bti patraukti atsakomyb\u0117n. Pasak V.Zelenskio, speciali\u0173j\u0173 tarnyb\u0173 vadovai turi priimti personalo sprendimus d\u0117l susi\u0161audymo dalyvi\u0173. Jis taip pat paragino atlikti vidinius tyrimus abiejose tarnybose.<\/p>\n<p>\u201eUkrainoje \u0161audyti galima tik \u012f Rusijos okupantus, siekiant apginti Ukrain\u0105. Jokio kito susi\u0161audymo m\u016bs\u0173 valstyb\u0117 niekada nesuvoks kaip ka\u017eko, kas kam nors leid\u017eiama\u201c, \u2013 r\u0117\u017e\u0117 Ukrainos lyderis.<\/p>\n<p><a href=\"https:\/\/www.15min.lt\/naujiena\/aktualu\/pasaulis\/kyjive-rimtas-susisaudymas-tarp-ukrainos-karines-zvalgybos-ir-sbu-agentu-3-suzeisti-57-2755350\" rel=\"nofollow noopener\" target=\"_blank\">Tre\u010diadienio nakt\u012f ir ryt\u0105 socialiniuose tinkluose pasirod\u0117 prane\u0161im\u0173 apie \u0161audynes viename i\u0161 Kyjivo gyvenam\u0173j\u0173 rajon\u0173<\/a>, d\u0117l kuri\u0173 buvo u\u017edarytas eismas.<\/p>\n<p>Po kurio laiko SBU biuras prane\u0161\u0117, kad buvo u\u017ekirstas kelias pasik\u0117sinimui \u012f vien\u0105 i\u0161 Rusijos opozicijos jud\u0117jimo lyderi\u0173, atvykus\u012f \u012f Kyjiv\u0105 Nepriklausomyb\u0117s dienos proga.<\/p>\n<p>\u0160i informacija pasirod\u0117 po to, kai rugs\u0117jo 1 d. Rusijos savanori\u0173 korpuso \u0161tabo vir\u0161ininkas Aleksandras Fortuna prane\u0161\u0117 apie Kyjive es\u0105 \u012fvykdyt\u0105 korpuso kovini\u0173 operacij\u0173 vadovo pavaduotojo Stepano Kaplunovo pagrobim\u0105.<\/p>\n<p>S.Kaplunovo advokatas parei\u0161k\u0117, kad SBU pareig\u016bnai j\u012f \u201epagrob\u0117\u201c rugpj\u016b\u010dio 23 d., o \u0161audyn\u0117s \u012fvyko prie namo, kuriame gyveno S.Kaplunovas ir \u012f kur\u012f jis buvo atve\u017etas, kad b\u016bt\u0173 atlikta krata jo bute. Advokato teigimu, jo ginamasis jau yra laisv\u0117je.<\/p>\n<p>Remiantis \u201eUkrajinska pravda\u201c duomenimis, \u0161audyn\u0117s Kyjive buvo susijusios su jo dingimu. \u0160altini\u0173 teigimu, susi\u0161audymas \u012fvyko tarp GUR ir SBU atstov\u0173, per kur\u012f buvo su\u017eeisti 3 \u017evalgybos pareig\u016bnai.<\/p>\n","protected":false},"excerpt":{"rendered":"Ukrainos prezidentas Volodymyras Zelenskis tre\u010diadien\u012f parei\u0161k\u0117, kad \u0161audyn\u0117s tarp Ukrainos saugumo tarnybos (SBU) ir karin\u0117s \u017evalgybos (GUR) pareig\u016bn\u0173&hellip;\n","protected":false},"author":2,"featured_media":268020,"comment_status":"","ping_status":"","sticky":false,"template":"","format":"standard","meta":{"footnotes":"","_share_on_mastodon":"0"},"categories":[15],"tags":[25,30,31,34,35,24,32,33,37,39,36,38,40,23,22,44,28,29,26,27,74,75,76],"class_list":["post-268019","post","type-post","status-publish","format-standard","has-post-thumbnail","category-pasaulis","tag-antrastes","tag-breaking-news","tag-breakingnews","tag-featured-news","tag-featurednews","tag-headlines","tag-latest-news","tag-latestnews","tag-lietuva","tag-lietuviu","tag-lithuania","tag-lithuanian","tag-lt","tag-naujienos","tag-news","tag-pasaulis","tag-populiariausios-naujienos","tag-populiariausiosnaujienos","tag-top-stories","tag-topstories","tag-world","tag-world-news","tag-worldnews"],"share_on_mastodon":{"url":"https:\/\/pubeurope.com\/@lt\/117206003864279833","error":""},"_links":{"self":[{"href":"https:\/\/www.europesays.com\/lt\/wp-json\/wp\/v2\/posts\/268019","targetHints":{"allow":["GET"]}}],"collection":[{"href":"https:\/\/www.europesays.com\/lt\/wp-json\/wp\/v2\/posts"}],"about":[{"href":"https:\/\/www.europesays.com\/lt\/wp-json\/wp\/v2\/types\/post"}],"author":[{"embeddable":true,"href":"https:\/\/www.europesays.com\/lt\/wp-json\/wp\/v2\/users\/2"}],"replies":[{"embeddable":true,"href":"https:\/\/www.europesays.com\/lt\/wp-json\/wp\/v2\/comments?post=268019"}],"version-history":[{"count":0,"href":"https:\/\/www.europesays.com\/lt\/wp-json\/wp\/v2\/posts\/268019\/revisions"}],"wp:featuredmedia":[{"embeddable":true,"href":"https:\/\/www.europesays.com\/lt\/wp-json\/wp\/v2\/media\/268020"}],"wp:attachment":[{"href":"https:\/\/www.europesays.com\/lt\/wp-json\/wp\/v2\/media?parent=268019"}],"wp:term":[{"taxonomy":"category","embeddable":true,"href":"https:\/\/www.europesays.com\/lt\/wp-json\/wp\/v2\/categories?post=268019"},{"taxonomy":"post_tag","embeddable":true,"href":"https:\/\/www.europesays.com\/lt\/wp-json\/wp\/v2\/tags?post=268019"}],"curies":[{"name":"wp","href":"https:\/\/api.w.org\/{rel}","templated":true}]}}