{"id":268023,"date":"2026-09-03T07:52:16","date_gmt":"2026-09-03T07:52:16","guid":{"rendered":"https:\/\/www.europesays.com\/lt\/268023\/"},"modified":"2026-09-03T07:52:16","modified_gmt":"2026-09-03T07:52:16","slug":"amerikoje-ukrainietes-protestas-del-rusijos-zaidejos-privalau-likti-istikima-sau-ir-savo-saliai-naujienos","status":"publish","type":"post","link":"https:\/\/www.europesays.com\/lt\/268023\/","title":{"rendered":"Amerikoje \u2013 ukrainiet\u0117s protestas d\u0117l Rusijos \u017eaid\u0117jos: \u201ePrivalau likti i\u0161tikima sau ir savo \u0161aliai\u201c \/ Naujienos"},"content":{"rendered":"<p>LSU universiteto komand\u0105 palikusi ukrainiet\u0117 Kate Koval atskleid\u0117, kad tok\u012f sprendim\u0105 pri\u0117m\u0117 trenerei pasikvietus Rusijos krep\u0161inink\u0119 Ann\u0105 Minajev\u0105. Ukrainos kario dukra pabr\u0117\u017e\u0117 privalanti likti i\u0161tikima savo vertyb\u0117ms. Dabar ji kreipsis \u012f NCAA d\u0117l specialaus leidimo \u017eaisti kitur.<\/p>\n<p>Luizianos valstybinio universiteto (LSU) ukrainiet\u0117 Kate Koval tre\u010diadien\u012f parei\u0161k\u0117, kad jos sprendim\u0105 palikti komand\u0105 l\u0117m\u0117 vyriausiosios trener\u0117s pasirinkimas \u012f jos pozicij\u0105 pasikviesti Rusijos krep\u0161inink\u0119.<\/p>\n<p>Pra\u0117jusi\u0105 savait\u0119 legendin\u0117 trener\u0117 Kim Mulkey teig\u0117, kad 196 cm \u016bgio vidurio puol\u0117ja komand\u0105 palieka d\u0117l \u201easmenini\u0173 prie\u017eas\u010di\u0173\u201c, ta\u010diau kartu u\u017esimin\u0117 apie sutart\u012f su Anna Minajeva, iki \u0161iol \u017eaidusia Maskvos klube.<\/p>\n<p>Koval t\u0117vas tarnauja Ukrainos kariuomen\u0117je, ginan\u010dioje \u0161al\u012f nuo 2022 metais prasid\u0117jusios Rusijos karin\u0117s invazijos.<\/p>\n<p>Trener\u0117s Mulkey sprendimas pasira\u0161yti sutart\u012f su Minajeva ir laikas, kada apie tai buvo prane\u0161ta pa\u010diai ukrainietei, \u201egalutinai privert\u0117 suabejoti, ar LSU vis dar yra man tinkama vieta\u201c, \u2013 socialiniame tinkle ra\u0161\u0117 Koval.<\/p>\n<p>Krep\u0161inink\u0117 pabr\u0117\u017e\u0117, kad apie \u0161\u012f sprendim\u0105 buvo informuota pra\u0117jus kelioms dienoms po to, kai baland\u017eio 20 d. u\u017esidar\u0117 student\u0173 per\u0117jim\u0173 langas.<\/p>\n<p>\u201eMan \u0161is karas n\u0117ra tolimas ar abstraktus, \u2013 teigiama Koval parei\u0161kime. \u2013 Man artimi \u017emon\u0117s buvo nu\u017eudyti arba su\u017eeisti per Rusijos atakas, o vietos, kuriose u\u017eaugau ir pirm\u0105 kart\u0105 pa\u0117miau krep\u0161inio kamuol\u012f, buvo sugriautos raket\u0173 sm\u016bgiais.\u201c<\/p>\n<p>Pagal NCAA taisykles, sezono viduryje i\u0161vyk\u0119 krep\u0161ininkai negali i\u0161kart atstovauti kitam universitetui, jei jau buvo registruoti pirmajam akademiniam semestrui.<\/p>\n<p>Kadangi LSU mokslo metai prasid\u0117jo rugpj\u016b\u010dio 24 d., Koval reik\u0117s specialaus NCAA leidimo, kad ji gal\u0117t\u0173 rungtyniauti kitoje komandoje jau art\u0117jan\u010diame sezone.<\/p>\n<p>Ukrainiet\u0117 savo parei\u0161kime kreip\u0117si \u012f lygos vadovyb\u0119, pra\u0161ydama atsi\u017evelgti \u012f i\u0161skirtines aplinkybes.<\/p>\n<p>\u201eLabiausiai tikiuosi, kad man bus suteikta galimyb\u0117 atstovauti kitam universitetui 2026\u20132027 m. sezone\u201c, \u2013 baig\u0117 ji.<\/p>\n<p>Krep\u0161inink\u0117 dar turi ma\u017eiausiai dvej\u0173 met\u0173 teis\u0119 dalyvauti NCAA, po kuri\u0173 gal\u0117s i\u0161m\u0117ginti savo akcijas 2028 m. WNBA naujok\u0173 bir\u017eoje.<\/p>\n<p>JAV vidurin\u0117je mokykloje rungtyniavusi Koval \u012f LSU persik\u0117l\u0117 i\u0161 Indianos \u201eNotre Dame\u201c universiteto. Pra\u0117jus\u012f sezon\u0105 ji vidutini\u0161kai rinko po 8,3 ta\u0161ko bei 6,3 atkovoto kamuolio, 17 ma\u010d\u0173 prad\u0117jo startiniame penkete ir art\u0117jant\u012f sezon\u0105 tur\u0117jo tapti viena pagrindini\u0173 komandos a\u0161i\u0173.<\/p>\n<p>\u201e\u017dinau, kad jai sunkumo prideda tai, jog ji myli LSU, \u2013 pra\u0117jusi\u0105 savait\u0119 sak\u0117 trener\u0117 Mulkey. \u2013 Kate yra puikus \u017emogus. Ji turi daryti tai, kas, jos manymu, yra teisinga, ir mes j\u0105 palaikome. Visi linkime jai kuo geriausios kloties.\u201c<\/p>\n<p>Tre\u010diadien\u012f susisiekti band\u017eiusiems \u201eThe Athletic\u201c \u017eurnalistams LSU atstovai papildom\u0173 komentar\u0173 nepateik\u0117.<\/p>\n<p>Leidiniui \u201eThe New Orleans Advocate\u201c Mulkey teig\u0117, kad apie Minajevos atvykim\u0105 su Koval kalb\u0117josi prie jos apartament\u0173, ta\u010diau prisipa\u017eino neprisimenanti tikslios pokalbio datos.<\/p>\n<p>Strateg\u0117 prid\u016br\u0117, jog atsisakyti komand\u0105 sustiprinti galin\u010dios \u017eaid\u0117jos \u201ed\u0117l konflikto\u201c neketina.<\/p>\n<p>\u201eNoriu, kad suprastum, jog nesu \u010dia tam, kad pra\u0161y\u010diau tave pakeisti savo po\u017ei\u016br\u012f \u012f Rusij\u0105, \u2013 leidiniui sak\u0117 Mulkey, cituodama savo \u017eod\u017eius ukrainietei. \u2013 A\u0161 tiesiog i\u0161 pagarbos tavo \u0161eimai ir tau noriu tave informuoti, nes \u017einau, kaip asmeni\u0161kai tu tai priimi.\u201c<\/p>\n<p>Savo ruo\u017etu Koval nesl\u0117p\u0117, kad sprendimas palikti komand\u0105 buvo itin sunkus.<\/p>\n<p>\u201eNors suprantu ir gerbiu tai, kad sud\u0117ties komplektavimas yra universiteto krep\u0161inio dalis, privalau i\u0161likti i\u0161tikima sau, savo vertyb\u0117ms ir savo \u0161aliai\u201c, \u2013 apibendrino ukrainiet\u0117.<\/p>\n<p> Naujas ALK bandymas su Songaila ir k\u0105 i\u0161rikiuosime prie\u0161 serbus? | BasketNews.lt podkastas <\/p>\n<p>                                                    <a href=\"https:\/\/www.basketnews.lt\/plius?utm_source=basketnews_lt&amp;utm_medium=bn_plus&amp;utm_id=&amp;utm_campaign=banners_free_content_for_not_members_bottom_1\" class=\"banners_paid_content_info_block_white banners-paid-content-info-block-white\" data-google-interstitial=\"false\" rel=\"nofollow noopener\" target=\"_blank\"><\/p>\n<p>                                                <img decoding=\"async\" class=\"bn-plus-img img-fluid\" src=\"https:\/\/www.europesays.com\/lt\/wp-content\/uploads\/2026\/09\/1788421936_572_bn-plus.png\" alt=\"\"\/><\/p>\n<p>                                            Prenumeruokite BasketNews ir nar\u0161ykite be reklam\u0173.<\/p>\n<p>                                                            <\/a><\/p>\n","protected":false},"excerpt":{"rendered":"LSU universiteto komand\u0105 palikusi ukrainiet\u0117 Kate Koval atskleid\u0117, kad tok\u012f sprendim\u0105 pri\u0117m\u0117 trenerei pasikvietus Rusijos krep\u0161inink\u0119 Ann\u0105 Minajev\u0105.&hellip;\n","protected":false},"author":2,"featured_media":268024,"comment_status":"","ping_status":"","sticky":false,"template":"","format":"standard","meta":{"footnotes":"","_share_on_mastodon":"0"},"categories":[19],"tags":[37,39,36,38,40,47,104],"class_list":["post-268023","post","type-post","status-publish","format-standard","has-post-thumbnail","category-sportas","tag-lietuva","tag-lietuviu","tag-lithuania","tag-lithuanian","tag-lt","tag-sportas","tag-sports"],"share_on_mastodon":{"url":"https:\/\/pubeurope.com\/@lt\/117206027372251913","error":""},"_links":{"self":[{"href":"https:\/\/www.europesays.com\/lt\/wp-json\/wp\/v2\/posts\/268023","targetHints":{"allow":["GET"]}}],"collection":[{"href":"https:\/\/www.europesays.com\/lt\/wp-json\/wp\/v2\/posts"}],"about":[{"href":"https:\/\/www.europesays.com\/lt\/wp-json\/wp\/v2\/types\/post"}],"author":[{"embeddable":true,"href":"https:\/\/www.europesays.com\/lt\/wp-json\/wp\/v2\/users\/2"}],"replies":[{"embeddable":true,"href":"https:\/\/www.europesays.com\/lt\/wp-json\/wp\/v2\/comments?post=268023"}],"version-history":[{"count":0,"href":"https:\/\/www.europesays.com\/lt\/wp-json\/wp\/v2\/posts\/268023\/revisions"}],"wp:featuredmedia":[{"embeddable":true,"href":"https:\/\/www.europesays.com\/lt\/wp-json\/wp\/v2\/media\/268024"}],"wp:attachment":[{"href":"https:\/\/www.europesays.com\/lt\/wp-json\/wp\/v2\/media?parent=268023"}],"wp:term":[{"taxonomy":"category","embeddable":true,"href":"https:\/\/www.europesays.com\/lt\/wp-json\/wp\/v2\/categories?post=268023"},{"taxonomy":"post_tag","embeddable":true,"href":"https:\/\/www.europesays.com\/lt\/wp-json\/wp\/v2\/tags?post=268023"}],"curies":[{"name":"wp","href":"https:\/\/api.w.org\/{rel}","templated":true}]}}