{"id":268025,"date":"2026-09-03T07:53:13","date_gmt":"2026-09-03T07:53:13","guid":{"rendered":"https:\/\/www.europesays.com\/lt\/268025\/"},"modified":"2026-09-03T07:53:13","modified_gmt":"2026-09-03T07:53:13","slug":"teismas-atmete-orlen-lietuvos-prasyma-laikinai-arestuoti-petrofac-turta-lietuvoje-verslas","status":"publish","type":"post","link":"https:\/\/www.europesays.com\/lt\/268025\/","title":{"rendered":"Teismas atmet\u0117 \u201eOrlen Lietuvos\u201c pra\u0161ym\u0105 laikinai are\u0161tuoti \u201ePetrofac\u201c turt\u0105 Lietuvoje | Verslas"},"content":{"rendered":"<p>Vilniaus apygardos teismas rugs\u0117jo 2 dien\u0105 i\u0161nagrin\u0117j\u0119s \u201eOrlen Lietuvos\u201c pra\u0161ym\u0105 d\u0117l laikin\u0173j\u0173 apsaugos priemoni\u0173 taikymo u\u017etikrinant Vilniaus komercinio arbitra\u017eo teisme pareik\u0161tus reikalavimus j\u012f atmet\u0117, BNS prane\u0161\u0117 teismo atstov\u0117 Lina Nemeikait\u0117. <\/p>\n<p>\u201eTeismo vertinimu, ie\u0161kov\u0117 (\u201eOrlen Lietuva\u201c \u2013 BNS) nepateik\u0117 pakankamai duomen\u0173, kurie gal\u0117t\u0173 sudaryti pagrind\u0105 spr\u0119sti apie gr\u0117sm\u0119 b\u016bsimo teismo sprendimo \u012fvykdymui ar jo \u012fvykdymo pasunk\u0117jim\u0105\u201c, \u2013 komentare BNS teig\u0117 L.Nemeikait\u0117. <\/p>\n","protected":false},"excerpt":{"rendered":"Vilniaus apygardos teismas rugs\u0117jo 2 dien\u0105 i\u0161nagrin\u0117j\u0119s \u201eOrlen Lietuvos\u201c pra\u0161ym\u0105 d\u0117l laikin\u0173j\u0173 apsaugos priemoni\u0173 taikymo u\u017etikrinant Vilniaus komercinio&hellip;\n","protected":false},"author":2,"featured_media":268026,"comment_status":"","ping_status":"","sticky":false,"template":"","format":"standard","meta":{"footnotes":"","_share_on_mastodon":"0"},"categories":[17],"tags":[81,37,39,36,38,40,46],"class_list":["post-268025","post","type-post","status-publish","format-standard","has-post-thumbnail","category-verslas","tag-business","tag-lietuva","tag-lietuviu","tag-lithuania","tag-lithuanian","tag-lt","tag-verslas"],"share_on_mastodon":{"url":"https:\/\/pubeurope.com\/@lt\/117206031261866191","error":""},"_links":{"self":[{"href":"https:\/\/www.europesays.com\/lt\/wp-json\/wp\/v2\/posts\/268025","targetHints":{"allow":["GET"]}}],"collection":[{"href":"https:\/\/www.europesays.com\/lt\/wp-json\/wp\/v2\/posts"}],"about":[{"href":"https:\/\/www.europesays.com\/lt\/wp-json\/wp\/v2\/types\/post"}],"author":[{"embeddable":true,"href":"https:\/\/www.europesays.com\/lt\/wp-json\/wp\/v2\/users\/2"}],"replies":[{"embeddable":true,"href":"https:\/\/www.europesays.com\/lt\/wp-json\/wp\/v2\/comments?post=268025"}],"version-history":[{"count":0,"href":"https:\/\/www.europesays.com\/lt\/wp-json\/wp\/v2\/posts\/268025\/revisions"}],"wp:featuredmedia":[{"embeddable":true,"href":"https:\/\/www.europesays.com\/lt\/wp-json\/wp\/v2\/media\/268026"}],"wp:attachment":[{"href":"https:\/\/www.europesays.com\/lt\/wp-json\/wp\/v2\/media?parent=268025"}],"wp:term":[{"taxonomy":"category","embeddable":true,"href":"https:\/\/www.europesays.com\/lt\/wp-json\/wp\/v2\/categories?post=268025"},{"taxonomy":"post_tag","embeddable":true,"href":"https:\/\/www.europesays.com\/lt\/wp-json\/wp\/v2\/tags?post=268025"}],"curies":[{"name":"wp","href":"https:\/\/api.w.org\/{rel}","templated":true}]}}