{"id":268027,"date":"2026-09-03T07:55:03","date_gmt":"2026-09-03T07:55:03","guid":{"rendered":"https:\/\/www.europesays.com\/lt\/268027\/"},"modified":"2026-09-03T07:55:03","modified_gmt":"2026-09-03T07:55:03","slug":"po-pasiplaukiojimo-baseine-septynmetis-atsidure-ligonineje-gydytojai-daug-vilciu-neteike","status":"publish","type":"post","link":"https:\/\/www.europesays.com\/lt\/268027\/","title":{"rendered":"Po pasiplaukiojimo baseine septynmetis atsid\u016br\u0117 ligonin\u0117je: gydytojai daug vil\u010di\u0173 neteik\u0117"},"content":{"rendered":"<p>Berniuko mama Evangelynne Williams gegu\u017e\u0117s 12 dien\u0105 skubiai nuve\u017e\u0117 s\u016bn\u0173 \u012f ligonin\u0119, kai \u0161is pasiskund\u0117 gal\u016bni\u0173 dilg\u010diojimu ir silpnumu kair\u0117je k\u016bno pus\u0117je. Moteris teig\u0117 simptomus \u012fvedusi \u012f \u201eChatGPT\u201c, o \u0161is kaip vien\u0105 pirm\u0173j\u0173 galim\u0173 prie\u017eas\u010di\u0173 nurod\u0117 insult\u0105.<\/p>\n<p>Ligonin\u0117je berniukas buvo ap\u017ei\u016br\u0117tas, ta\u010diau, pasak mamos, gydytojai ai\u0161kios prie\u017easties nenustat\u0117 ir liep\u0117 gr\u012f\u017eti, jei simptomai pasikartot\u0173.<\/p>\n<p>\u201eBuvo be galo baisu. Plaukdamas jis pasak\u0117, kad nusilpo kair\u0117 k\u016bno pus\u0117 ir j\u0105 dilg\u010dioja, tod\u0117l nuve\u017e\u0117me j\u012f \u012f ligonin\u0119, \u2013 pasakojo Ryt\u0173 Sasekse gyvenanti moteris. \u2013 \u012edomiausia, kad simptomus \u012fved\u017eiau \u012f \u201eChatGPT\u201c, ir pirmas dalykas, kur\u012f jis pasi\u016bl\u0117, buvo insultas.\u201c<\/p>\n<p>Pasak jos, ligonin\u0117je Juniorui buvo atlikti keli paprasti neurologiniai testai, ta\u010diau galvos smegen\u0173 tyrimas nebuvo atliktas ir berniukas i\u0161leistas namo.<\/p>\n<p>Po \u0161e\u0161i\u0173 savai\u010di\u0173 b\u016bkl\u0117 smarkiai pablog\u0117jo<\/p>\n<p>27-eri\u0173 berniuko mama teig\u0117 tuomet daug apie \u0161\u012f epizod\u0105 nebegalvojusi. Ta\u010diau po \u0161e\u0161i\u0173 savai\u010di\u0173, bir\u017eelio 25 dien\u0105, Junioras pabudo, prad\u0117jo vemti, v\u0117liau tapo sutrik\u0119s ir beveik nereagavo \u012f aplink\u0105.<\/p>\n<p>Evangelynne v\u0117l skubiai nuve\u017e\u0117 s\u016bn\u0173 \u012f ligonin\u0119. Ji tvirtino, kad vaik\u0173 skubiosios pagalbos skyriuje jie kelias valandas praleido atskirame kambaryje, o Juniorui buvo pasi\u016blyta vaist\u0173 nuo pykinimo.<\/p>\n<p>Kadangi t\u0105 dien\u0105 Jungtin\u0117je Karalyst\u0117je temperat\u016bra siek\u0117 apie 38 laipsnius, mama i\u0161 prad\u017ei\u0173 svarst\u0117, ar berniuko b\u016bkl\u0117 negal\u0117jo b\u016bti susijusi su kar\u0161\u010diu.<\/p>\n<p>Ta\u010diau netrukus Juniorui, pasak jos, prasid\u0117jo \u012f traukulius pana\u0161\u016bs epizodai, o berniukas i\u0161 skausmo \u0117m\u0117 \u0161aukti.<\/p>\n<p>\u201eJis pabudo sakydamas, kad jam bloga, kelis kartus v\u0117m\u0117. Buvo labai sutrik\u0119s \u2013 juok\u0117si, negal\u0117jo vaik\u0161\u010dioti ar i\u0161laikyti k\u016bno svorio, jo akys buvo u\u017emerktos. Jis beveik visi\u0161kai nereagavo\u201c, \u2013 prisimin\u0117 moteris. Pasak jos, berniukui taip pat stipriai tek\u0117jo seil\u0117s.<\/p>\n<p>Situacija pasikeit\u0117 tik atvykus Evangelynne mamai, kuri, kaip teigia moteris, atkakliai pareikalavo i\u0161samesnio vaiko b\u016bkl\u0117s \u012fvertinimo.<\/p>\n<p>\u201eJi nesuk\u0117l\u0117 skandalo, ta\u010diau buvo labai grie\u017eta. Gerai, kad ji at\u0117jo, nes, jei neb\u016bt\u0173 at\u0117jusi, manau, kad jo \u0161iandien neb\u016bt\u0173\u201c, \u2013 sak\u0117 Evangelynne.<\/p>\n<p>Berniuk\u0105 ap\u017ei\u016br\u0117jus vyresniajam medicinos darbuotojui, jis buvo skubiai perkeltas \u012f gaivinimo skyri\u0173.<\/p>\n<p>\u201eVos tik j\u012f \u012fve\u017e\u0117, per kelias sekundes aplink j\u012f jau buvo gal de\u0161imt ar penkiolika gydytoj\u0173\u201c, \u2013 pasakojo mama.<\/p>\n<p>Nustat\u0117 insult\u0105<\/p>\n<p>Atlikti tyrimai parod\u0117, kad Junioras i\u0161 ties\u0173 buvo patyr\u0119s insult\u0105. Jo smegen\u0173 arterij\u0105 buvo u\u017ekim\u0161\u0119s kraujo kre\u0161ulys.<\/p>\n<p>Berniukas skubiai greitosios pagalbos automobiliu buvo nugabentas \u012f kit\u0105 ligonin\u0119, kur tur\u0117jo b\u016bti pa\u0161alintas kre\u0161ulys.<\/p>\n<blockquote>\n<p>Mama prisipa\u017eino iki tol net ne\u017einojusi, kad insult\u0105 gali patirti ir vaikai.<\/p>\n<\/blockquote>\n<p>V\u0117liau Junioras trims savait\u0117ms buvo panardintas \u012f medicinin\u0119 kom\u0105.<\/p>\n<p>Jo mama prisipa\u017eino iki tol net ne\u017einojusi, kad insult\u0105 gali patirti ir vaikai.<\/p>\n<p>\u201eNiekada gyvenime neb\u016b\u010diau pagalvojusi, kad tai insultas. Net ne\u017einojau, kad vaikai gali j\u012f patirti\u201c, \u2013 sak\u0117 ji.<\/p>\n<p>Pasak moters, s\u016bnui gulint intensyviosios terapijos skyriuje ji vis tik\u0117josi, kad visa tai t\u0117ra blogas sapnas.<\/p>\n<p>Gydytojai daug vil\u010di\u0173 neteik\u0117<\/p>\n<p>Rugpj\u016b\u010dio 11 dien\u0105 Junioras buvo i\u0161leistas i\u0161 ligonin\u0117s. Nors gydytoj\u0173 prognoz\u0117s i\u0161 prad\u017ei\u0173 buvo labai ni\u016brios, berniukas jau v\u0117l vaik\u0161to ir kalba.<\/p>\n<p>\u201eGydytojas sak\u0117, kad geriausias \u012fmanomas rezultatas b\u016bt\u0173 tai, jei jis de\u0161ine ranka gal\u0117t\u0173 u\u017esegti sag\u0105. Vilties beveik nebuvo\u201c, \u2013 pasakojo mama.<\/p>\n<p>Ta\u010diau berniuko b\u016bkl\u0117 pager\u0117jo labiau, nei tik\u0117tasi.<\/p>\n<p>\u201eDabar jis gali vaik\u0161\u010dioti, taip pat kalba. Ta\u010diau jo smegenys pa\u017eeistos, tod\u0117l elgesys tarsi sugr\u012f\u017eo ketveriais ar penkeriais metais atgal\u201c, \u2013 teig\u0117 Evangelynne.<\/p>\n<p>\u0160iuo metu \u0161eima daugiausia d\u0117mesio skiria Junioro reabilitacijai ir jo sveikimui. Mama taip pat prad\u0117jo l\u0117\u0161\u0173 rinkimo kampanij\u0105.<\/p>\n<p>\u201eJeigu mano mama t\u0105 dien\u0105 neb\u016bt\u0173 at\u0117jusi, nemanau, kad jis vis dar b\u016bt\u0173 \u010dia. Mes b\u016btume tiesiog lik\u0119 tame kambaryje. O patyrus insult\u0105 svarbi kiekviena sekund\u0117\u201c, \u2013 sak\u0117 ji.<\/p>\n<p>Ligonin\u0117 atsipra\u0161\u0117 \u0161eimos<\/p>\n<p>\u201eUniversity Hospitals Sussex\u201c atstovas parei\u0161k\u0117 nuo\u0161ird\u017eiai atsipra\u0161antis Junioro ir jo \u0161eimos.<\/p>\n<p>\u201ePuikiai suprantame, koks sunkus \u0161is laikotarpis jiems tur\u0117jo b\u016bti\u201c, \u2013 teigiama ligonin\u0117s komentare.<\/p>\n<p>Ligonin\u0117 prane\u0161\u0117 prad\u0117jusi berniukui suteiktos pagalbos tyrim\u0105, kad b\u016bt\u0173 galima i\u0161samiai i\u0161siai\u0161kinti visas aplinkybes ir nustatyti, ar i\u0161 \u0161io atvejo galima pasimokyti bei ateityje pagerinti pacient\u0173 prie\u017ei\u016br\u0105.<\/p>\n<p>\u201eDarysime visk\u0105, k\u0105 galime, kad palaikytume Junior\u0105 ir jo \u0161eim\u0105, i\u0161klausytume j\u0173 susir\u016bpinim\u0105 ir pasikalb\u0117tume su jais, kai tik jie tam bus pasireng\u0119\u201c, \u2013 nurod\u0117 ligonin\u0117s atstovas.<\/p>\n","protected":false},"excerpt":{"rendered":"Berniuko mama Evangelynne Williams gegu\u017e\u0117s 12 dien\u0105 skubiai nuve\u017e\u0117 s\u016bn\u0173 \u012f ligonin\u0119, kai \u0161is pasiskund\u0117 gal\u016bni\u0173 dilg\u010diojimu ir&hellip;\n","protected":false},"author":2,"featured_media":268028,"comment_status":"","ping_status":"","sticky":false,"template":"","format":"standard","meta":{"footnotes":"","_share_on_mastodon":"0"},"categories":[15],"tags":[25,30,31,34,35,24,32,33,37,39,36,38,40,23,22,44,28,29,26,27,74,75,76],"class_list":["post-268027","post","type-post","status-publish","format-standard","has-post-thumbnail","category-pasaulis","tag-antrastes","tag-breaking-news","tag-breakingnews","tag-featured-news","tag-featurednews","tag-headlines","tag-latest-news","tag-latestnews","tag-lietuva","tag-lietuviu","tag-lithuania","tag-lithuanian","tag-lt","tag-naujienos","tag-news","tag-pasaulis","tag-populiariausios-naujienos","tag-populiariausiosnaujienos","tag-top-stories","tag-topstories","tag-world","tag-world-news","tag-worldnews"],"share_on_mastodon":{"url":"https:\/\/pubeurope.com\/@lt\/117206038760404017","error":""},"_links":{"self":[{"href":"https:\/\/www.europesays.com\/lt\/wp-json\/wp\/v2\/posts\/268027","targetHints":{"allow":["GET"]}}],"collection":[{"href":"https:\/\/www.europesays.com\/lt\/wp-json\/wp\/v2\/posts"}],"about":[{"href":"https:\/\/www.europesays.com\/lt\/wp-json\/wp\/v2\/types\/post"}],"author":[{"embeddable":true,"href":"https:\/\/www.europesays.com\/lt\/wp-json\/wp\/v2\/users\/2"}],"replies":[{"embeddable":true,"href":"https:\/\/www.europesays.com\/lt\/wp-json\/wp\/v2\/comments?post=268027"}],"version-history":[{"count":0,"href":"https:\/\/www.europesays.com\/lt\/wp-json\/wp\/v2\/posts\/268027\/revisions"}],"wp:featuredmedia":[{"embeddable":true,"href":"https:\/\/www.europesays.com\/lt\/wp-json\/wp\/v2\/media\/268028"}],"wp:attachment":[{"href":"https:\/\/www.europesays.com\/lt\/wp-json\/wp\/v2\/media?parent=268027"}],"wp:term":[{"taxonomy":"category","embeddable":true,"href":"https:\/\/www.europesays.com\/lt\/wp-json\/wp\/v2\/categories?post=268027"},{"taxonomy":"post_tag","embeddable":true,"href":"https:\/\/www.europesays.com\/lt\/wp-json\/wp\/v2\/tags?post=268027"}],"curies":[{"name":"wp","href":"https:\/\/api.w.org\/{rel}","templated":true}]}}