{"id":268029,"date":"2026-09-03T08:01:21","date_gmt":"2026-09-03T08:01:21","guid":{"rendered":"https:\/\/www.europesays.com\/lt\/268029\/"},"modified":"2026-09-03T08:01:21","modified_gmt":"2026-09-03T08:01:21","slug":"ir-vel-pokyciai-is-sinoptikes-zinia-apie-artejancius-dar-audringesnius-ciklonus","status":"publish","type":"post","link":"https:\/\/www.europesays.com\/lt\/268029\/","title":{"rendered":"Ir v\u0117l poky\u010diai: i\u0161 sinoptik\u0117s \u2013 \u017einia apie art\u0117jan\u010dius dar audringesnius ciklonus"},"content":{"rendered":"<p>Penktadien\u012f, rugs\u0117jo 4-osios nakt\u012f gausoko, ramaus, i\u0161tisinio lietaus debesys i\u0161 vakar\u0173 keliaus tolyn \u012f rytus per Lietuv\u0105, dien\u0105 protarpiais palis, kai kur daugiau.<\/p>\n<p>Perk\u016bnija vis dar sudund\u0117s. V\u0117jas nakt\u012f piet\u0173, ryt\u0105 pietvakari\u0173, dien\u0105 vakar\u0173, vakare suks \u012f pietus 7\u201312 m\/s, g\u016bsiai 15 m\/s, paj\u016bryje g\u016bsiai 16\u201318 m\/s. Nakt\u012f 12\u201316 laipsni\u0173, \u0161il\u010diausia paj\u016bryje, dien\u0105 17\u201319 laipsni\u0173.<\/p>\n<p>\u0160e\u0161tadien\u012f, rugs\u0117jo 5-osios nakt\u012f mus v\u0117l pasieks gausesnio, i\u0161tisai merkian\u010dio lietaus debesys, bet ryt\u0105 ir dien\u0105 jau lis protarpiais, kartais silpnai perk\u016bnija sudund\u0117s.<\/p>\n<p>V\u0117jas vakarini\u0173 kryp\u010di\u0173 8\u201313 m\/s, g\u016bsiai 16\u201320 m\/s, tik nakt\u012f \u0161iauriniuose rajonuose nepastovus 5\u201310 m\/s. Nakt\u012f 11\u201313, paj\u016bryje 14\u201316, dien\u0105 16\u201319 laipsni\u0173.<\/p>\n<p>Sekmadien\u012f, rugs\u0117jo 6 d. protarpiais palis, nakt\u012f daugiausia vakariniuose, \u0161iaur\u0117s vakariniuose rajonuose. V\u0117jas vakar\u0173 7\u201312 m\/s, g\u016bsiai 15\u201317 m\/s, paj\u016bryje iki 20 m\/s. Nakt\u012f 10\u201312, paj\u016bryje 13\u201316, dien\u0105 15\u201318 laipsni\u0173.<\/p>\n<p>Pirmadien\u012f, rugs\u0117jo 7-osios nakt\u012f tik kai kur \u0161iek tiek palis, dien\u0105 lis daug kur, kai kur gausiau. V\u0117jas vakarini\u0173 kryp\u010di\u0173 7\u201312 m\/s, g\u016bsiai 15\u201318 m\/s.<\/p>\n<p>Nakt\u012f 9\u201313, paj\u016bryje 14\u201316, dien\u0105 17\u201319 laipsni\u0173.<\/p>\n<p>Antradien\u012f, rugs\u0117jo 8 d. protarpiais palis, daugiausia dien\u0105. V\u0117jas vakar\u0173, pietvakari\u0173 7\u201312 m\/s, g\u016bsiai 15\u201318 m\/s. Nakt\u012f 11\u201316, dien\u0105 17\u201319 laipsni\u0173.<\/p>\n","protected":false},"excerpt":{"rendered":"Penktadien\u012f, rugs\u0117jo 4-osios nakt\u012f gausoko, ramaus, i\u0161tisinio lietaus debesys i\u0161 vakar\u0173 keliaus tolyn \u012f rytus per Lietuv\u0105, dien\u0105&hellip;\n","protected":false},"author":2,"featured_media":268030,"comment_status":"","ping_status":"","sticky":false,"template":"","format":"standard","meta":{"footnotes":"","_share_on_mastodon":"0"},"categories":[6],"tags":[25,30,31,34,35,24,32,33,37,39,36,38,40,23,22,28,29,26,27],"class_list":["post-268029","post","type-post","status-publish","format-standard","has-post-thumbnail","category-antrastes","tag-antrastes","tag-breaking-news","tag-breakingnews","tag-featured-news","tag-featurednews","tag-headlines","tag-latest-news","tag-latestnews","tag-lietuva","tag-lietuviu","tag-lithuania","tag-lithuanian","tag-lt","tag-naujienos","tag-news","tag-populiariausios-naujienos","tag-populiariausiosnaujienos","tag-top-stories","tag-topstories"],"share_on_mastodon":{"url":"https:\/\/pubeurope.com\/@lt\/117206062482520441","error":""},"_links":{"self":[{"href":"https:\/\/www.europesays.com\/lt\/wp-json\/wp\/v2\/posts\/268029","targetHints":{"allow":["GET"]}}],"collection":[{"href":"https:\/\/www.europesays.com\/lt\/wp-json\/wp\/v2\/posts"}],"about":[{"href":"https:\/\/www.europesays.com\/lt\/wp-json\/wp\/v2\/types\/post"}],"author":[{"embeddable":true,"href":"https:\/\/www.europesays.com\/lt\/wp-json\/wp\/v2\/users\/2"}],"replies":[{"embeddable":true,"href":"https:\/\/www.europesays.com\/lt\/wp-json\/wp\/v2\/comments?post=268029"}],"version-history":[{"count":0,"href":"https:\/\/www.europesays.com\/lt\/wp-json\/wp\/v2\/posts\/268029\/revisions"}],"wp:featuredmedia":[{"embeddable":true,"href":"https:\/\/www.europesays.com\/lt\/wp-json\/wp\/v2\/media\/268030"}],"wp:attachment":[{"href":"https:\/\/www.europesays.com\/lt\/wp-json\/wp\/v2\/media?parent=268029"}],"wp:term":[{"taxonomy":"category","embeddable":true,"href":"https:\/\/www.europesays.com\/lt\/wp-json\/wp\/v2\/categories?post=268029"},{"taxonomy":"post_tag","embeddable":true,"href":"https:\/\/www.europesays.com\/lt\/wp-json\/wp\/v2\/tags?post=268029"}],"curies":[{"name":"wp","href":"https:\/\/api.w.org\/{rel}","templated":true}]}}