{"id":268031,"date":"2026-09-03T08:03:15","date_gmt":"2026-09-03T08:03:15","guid":{"rendered":"https:\/\/www.europesays.com\/lt\/268031\/"},"modified":"2026-09-03T08:03:15","modified_gmt":"2026-09-03T08:03:15","slug":"skaudus-kuriozas-pastas-prazude-kinijos-lyderes-viltis-zaisti-pasaulio-cempionate-naujienos","status":"publish","type":"post","link":"https:\/\/www.europesays.com\/lt\/268031\/","title":{"rendered":"Skaudus kuriozas: pa\u0161tas pra\u017eud\u0117 Kinijos lyder\u0117s viltis \u017eaisti pasaulio \u010dempionate \/ Naujienos"},"content":{"rendered":"<p data-path-to-node=\"1\">Viena geriausi\u0173 Kinijos krep\u0161ininki\u0173 Li Yueru patyr\u0117 tikr\u0105 ko\u0161mar\u0105 \u2013 d\u0117l pa\u0161te prarasto paso ji negali i\u0161vykti i\u0161 JAV \u012f Vokietij\u0105 ir bus priversta praleisti moter\u0173 pasaulio \u010dempionat\u0105.<\/p>\n<p data-path-to-node=\"2\">Rugs\u0117jo 4 d. Berlyne Kinijos rinktin\u0117 turnyr\u0105 prad\u0117s dvikova su JAV krep\u0161inink\u0117mis.<\/p>\n<p data-path-to-node=\"3\">Apie kuriozi\u0161k\u0105, bet skaud\u017ei\u0105 situacij\u0105 27-eri\u0173 krep\u0161inink\u0117 prane\u0161\u0117 savo \u201eInstagram\u201c paskyroje.<\/p>\n<p data-path-to-node=\"3\">\u201eDeja, bet mano pasas pasimet\u0117 pa\u0161te ir iki \u0161iol n\u0117ra surastas, \u2013 ra\u0161\u0117 Yueru. \u2013 Vis\u0105 \u0161\u012f laik\u0105 bendromis j\u0117gomis ie\u0161kojome vis\u0173 \u012fmanom\u0173 sprendim\u0173, ta\u010diau \u0161\u012fkart mums galb\u016bt tiesiog pritr\u016bko s\u0117km\u0117s. \u0160iai dienai pasas vis dar nerastas.\u201c<\/p>\n<p data-path-to-node=\"4\">Be paso Dalaso \u201eWings\u201c komandos \u017eaid\u0117ja negali i\u0161vykti i\u0161 JAV.<\/p>\n<p data-path-to-node=\"5\">\u201eNacionalin\u0117je rinktin\u0117je visada jau\u010diausi vertinama ir reikalinga, o atstovauti Kinijai man \u2013 mil\u017eini\u0161ka garb\u0117, \u2013 ra\u0161\u0117 krep\u0161inink\u0117. \u2013 Be galo d\u017eiaugiausi ir nekantriai laukiau, kada v\u0117l gal\u0117siu prisijungti prie rinktin\u0117s.\u201c<\/p>\n<p data-path-to-node=\"6\">194 cm \u016bgio krep\u0161inink\u0119 2019 m. WNBA naujok\u0173 bir\u017eoje tre\u010diajame rate pasirinko Atlantos \u201eDream\u201c klubas, ta\u010diau stipriausioje Amerikos lygoje ji debiutavo tik 2022 m. su \u010cikagos \u201eSky\u201c mar\u0161kin\u0117liais.<\/p>\n<p data-path-to-node=\"7\">Kit\u0105 sezon\u0105 WNBA lygoje ji ne\u017eaid\u0117, o gr\u012f\u017eusi 2024 m. rungtyniavo Los And\u017eelo \u201eSparks\u201c, Sietlo \u201eStorm\u201c ir Dalaso \u201eWings\u201c komandose.<\/p>\n<p data-path-to-node=\"8\">Per 114 su\u017eaist\u0173 rungtyni\u0173 (i\u0161 j\u0173 14 prad\u0117jo startiniame penkete) Yueru karjeros vidurkiai siekia 4,4 ta\u0161ko ir 3,3 atkovoto kamuolio per 13 \u017eaidimo minu\u010di\u0173.<\/p>\n<p data-path-to-node=\"9\">\u0160\u012f sezon\u0105 Dalaso komandoje ji per 29 rungtynes vidutini\u0161kai pelno po 3,3 ta\u0161ko, atkovoja po 2,6 kamuolio ir aik\u0161t\u0117je praleid\u017eia po 10,3 minut\u0117s.<\/p>\n<p data-path-to-node=\"10\">2024 m. Pary\u017eiaus olimpin\u0117se \u017eaidyn\u0117se Yueru buvo Kinijos rinktin\u0117s lyder\u0117, vidutini\u0161kai rinkusi po 17,7 ta\u0161ko ir 11 atkovot\u0173 kamuoli\u0173.<\/p>\n<p> Naujas ALK bandymas su Songaila ir k\u0105 i\u0161rikiuosime prie\u0161 serbus? | BasketNews.lt podkastas <\/p>\n<p>                                                    <a href=\"https:\/\/www.basketnews.lt\/plius?utm_source=basketnews_lt&amp;utm_medium=bn_plus&amp;utm_id=&amp;utm_campaign=banners_free_content_for_not_members_bottom_3\" class=\"banners_paid_content_info_block_white banners-paid-content-info-block-white\" data-google-interstitial=\"false\" rel=\"nofollow noopener\" target=\"_blank\"><\/p>\n<p>                                                <img decoding=\"async\" class=\"bn-plus-img img-fluid\" src=\"https:\/\/www.europesays.com\/lt\/wp-content\/uploads\/2026\/09\/1788422595_157_bn-plus.png\" alt=\"\"\/><\/p>\n<p>                                            Paremkite BasketNews ir nar\u0161ykite be reklam\u0173.<\/p>\n<p>                                                            <\/a><\/p>\n","protected":false},"excerpt":{"rendered":"Viena geriausi\u0173 Kinijos krep\u0161ininki\u0173 Li Yueru patyr\u0117 tikr\u0105 ko\u0161mar\u0105 \u2013 d\u0117l pa\u0161te prarasto paso ji negali i\u0161vykti i\u0161&hellip;\n","protected":false},"author":2,"featured_media":268032,"comment_status":"","ping_status":"","sticky":false,"template":"","format":"standard","meta":{"footnotes":"","_share_on_mastodon":"0"},"categories":[19],"tags":[37,39,36,38,40,47,104],"class_list":["post-268031","post","type-post","status-publish","format-standard","has-post-thumbnail","category-sportas","tag-lietuva","tag-lietuviu","tag-lithuania","tag-lithuanian","tag-lt","tag-sportas","tag-sports"],"share_on_mastodon":{"url":"https:\/\/pubeurope.com\/@lt\/117206070958871841","error":""},"_links":{"self":[{"href":"https:\/\/www.europesays.com\/lt\/wp-json\/wp\/v2\/posts\/268031","targetHints":{"allow":["GET"]}}],"collection":[{"href":"https:\/\/www.europesays.com\/lt\/wp-json\/wp\/v2\/posts"}],"about":[{"href":"https:\/\/www.europesays.com\/lt\/wp-json\/wp\/v2\/types\/post"}],"author":[{"embeddable":true,"href":"https:\/\/www.europesays.com\/lt\/wp-json\/wp\/v2\/users\/2"}],"replies":[{"embeddable":true,"href":"https:\/\/www.europesays.com\/lt\/wp-json\/wp\/v2\/comments?post=268031"}],"version-history":[{"count":0,"href":"https:\/\/www.europesays.com\/lt\/wp-json\/wp\/v2\/posts\/268031\/revisions"}],"wp:featuredmedia":[{"embeddable":true,"href":"https:\/\/www.europesays.com\/lt\/wp-json\/wp\/v2\/media\/268032"}],"wp:attachment":[{"href":"https:\/\/www.europesays.com\/lt\/wp-json\/wp\/v2\/media?parent=268031"}],"wp:term":[{"taxonomy":"category","embeddable":true,"href":"https:\/\/www.europesays.com\/lt\/wp-json\/wp\/v2\/categories?post=268031"},{"taxonomy":"post_tag","embeddable":true,"href":"https:\/\/www.europesays.com\/lt\/wp-json\/wp\/v2\/tags?post=268031"}],"curies":[{"name":"wp","href":"https:\/\/api.w.org\/{rel}","templated":true}]}}