{"id":268035,"date":"2026-09-03T08:05:11","date_gmt":"2026-09-03T08:05:11","guid":{"rendered":"https:\/\/www.europesays.com\/lt\/268035\/"},"modified":"2026-09-03T08:05:11","modified_gmt":"2026-09-03T08:05:11","slug":"po-ukrainos-perspejimo-pirmosios-oro-bendroviu-reakcijos-rusijoje-atsaukia-skrydzius","status":"publish","type":"post","link":"https:\/\/www.europesays.com\/lt\/268035\/","title":{"rendered":"Po Ukrainos persp\u0117jimo \u2013 pirmosios oro bendrovi\u0173 reakcijos: Rusijoje at\u0161aukia skryd\u017eius"},"content":{"rendered":"<p>\u201eGauname prane\u0161im\u0173, kad po to, kai paskelb\u0117me apie objektyviai Rusijos oro erdv\u0117je egzistuojan\u010di\u0105 dron\u0173 gr\u0117sm\u0119, pirmosios oro linijos prad\u0117jo at\u0161aukin\u0117ti skryd\u017eius \u012f Rusijos oro uostus. Tai teisingas ir visi\u0161kai logi\u0161kas atsakas \u012f reali\u0105 pad\u0117t\u012f \u2013 \u012f visk\u0105, kas vyksta d\u0117l karo, kur\u012f Putinas atsisako baigti. Turime apsaugoti \u017emoni\u0173 gyvybes\u201c, \u2013 pa\u017eym\u0117jo Ukrainos vadovas.<\/p>\n<p>V. Zelenskis pa\u017eym\u0117jo, kad Ukraina oficialiai informavo tarptautines organizacijas ir partnerius apie tikr\u0105j\u0105 pad\u0117t\u012f Rusijos oro erdv\u0117je.<\/p>\n<p>Kaip jau buvo prane\u0161ta, rugs\u0117jo 1 d. Ukrainos prezidentas \u012fsp\u0117jo oro linijas, kad Rusijos oro erdv\u0117 tampa pavojinga.<\/p>\n<p>Rugs\u0117jo 2 d. u\u017esienio reikal\u0173 ministras Andrijus Sybiha parei\u0161k\u0117, kad Ukraina oficialiai informavo Tarptautin\u0119 civilin\u0117s aviacijos organizacij\u0105 (ICAO), jog d\u0117l padid\u0117jusios karin\u0117s veiklos Rusijos oro erdv\u0117 yra pavojinga civilinei aviacijai ir paragino oro linijas jos vengti.<\/p>\n","protected":false},"excerpt":{"rendered":"\u201eGauname prane\u0161im\u0173, kad po to, kai paskelb\u0117me apie objektyviai Rusijos oro erdv\u0117je egzistuojan\u010di\u0105 dron\u0173 gr\u0117sm\u0119, pirmosios oro linijos&hellip;\n","protected":false},"author":2,"featured_media":268036,"comment_status":"","ping_status":"","sticky":false,"template":"","format":"standard","meta":{"footnotes":"","_share_on_mastodon":"0"},"categories":[15],"tags":[25,30,31,34,35,24,32,33,37,39,36,38,40,23,22,44,28,29,26,27,74,75,76],"class_list":["post-268035","post","type-post","status-publish","format-standard","has-post-thumbnail","category-pasaulis","tag-antrastes","tag-breaking-news","tag-breakingnews","tag-featured-news","tag-featurednews","tag-headlines","tag-latest-news","tag-latestnews","tag-lietuva","tag-lietuviu","tag-lithuania","tag-lithuanian","tag-lt","tag-naujienos","tag-news","tag-pasaulis","tag-populiariausios-naujienos","tag-populiariausiosnaujienos","tag-top-stories","tag-topstories","tag-world","tag-world-news","tag-worldnews"],"share_on_mastodon":{"url":"https:\/\/pubeurope.com\/@lt\/117206078148782169","error":""},"_links":{"self":[{"href":"https:\/\/www.europesays.com\/lt\/wp-json\/wp\/v2\/posts\/268035","targetHints":{"allow":["GET"]}}],"collection":[{"href":"https:\/\/www.europesays.com\/lt\/wp-json\/wp\/v2\/posts"}],"about":[{"href":"https:\/\/www.europesays.com\/lt\/wp-json\/wp\/v2\/types\/post"}],"author":[{"embeddable":true,"href":"https:\/\/www.europesays.com\/lt\/wp-json\/wp\/v2\/users\/2"}],"replies":[{"embeddable":true,"href":"https:\/\/www.europesays.com\/lt\/wp-json\/wp\/v2\/comments?post=268035"}],"version-history":[{"count":0,"href":"https:\/\/www.europesays.com\/lt\/wp-json\/wp\/v2\/posts\/268035\/revisions"}],"wp:featuredmedia":[{"embeddable":true,"href":"https:\/\/www.europesays.com\/lt\/wp-json\/wp\/v2\/media\/268036"}],"wp:attachment":[{"href":"https:\/\/www.europesays.com\/lt\/wp-json\/wp\/v2\/media?parent=268035"}],"wp:term":[{"taxonomy":"category","embeddable":true,"href":"https:\/\/www.europesays.com\/lt\/wp-json\/wp\/v2\/categories?post=268035"},{"taxonomy":"post_tag","embeddable":true,"href":"https:\/\/www.europesays.com\/lt\/wp-json\/wp\/v2\/tags?post=268035"}],"curies":[{"name":"wp","href":"https:\/\/api.w.org\/{rel}","templated":true}]}}