{"id":268037,"date":"2026-09-03T08:12:06","date_gmt":"2026-09-03T08:12:06","guid":{"rendered":"https:\/\/www.europesays.com\/lt\/268037\/"},"modified":"2026-09-03T08:12:06","modified_gmt":"2026-09-03T08:12:06","slug":"fntt-pradejo-ikiteismini-tyrima-del-vilniaus-miesto-busto-verslas","status":"publish","type":"post","link":"https:\/\/www.europesays.com\/lt\/268037\/","title":{"rendered":"FNTT prad\u0117jo ikiteismin\u012f tyrim\u0105 d\u0117l \u201eVilniaus miesto b\u016bsto\u201c | Verslas"},"content":{"rendered":"<p>Tarnyba portalui teig\u0117, kad tyrimas prad\u0117tas \u012ftariant galim\u0105 apgauling\u0105 finansin\u0117s apskaitos tvarkym\u0105, neteising\u0173 duomen\u0173 apie pajamas, peln\u0105 ar turt\u0105 teikim\u0105, dokumento suklastojim\u0105 ar disponavim\u0105 juo, suk\u010diavim\u0105.<\/p>\n<p>\u201e\u0160ioje ikiteisminio tyrimo stadijoje daugiau informacijos atskleisti negalime\u201c, \u2013 nurod\u0117 FNTT.\u00a0<\/p>\n<p>Kaip skelbia portalas, \u012f teis\u0117saug\u0105 kreip\u0117si Vilniaus tarybos socialdemokrat\u0173 frakcija, \u201eLaisv\u0117s TV\u201c paskelbus, kad \u201eVilniaus miesto b\u016bstas\u201c galimai neskaidriai vykd\u0117 vie\u0161uosius pirkimus, o dalis socialinio b\u016bsto remonto darb\u0173 gal\u0117jo b\u016bti atlikti nekokybi\u0161kai. Taip pat kelti klausimai d\u0117l \u201eGlaskek LT\u201c atlikt\u0173 darb\u0173 s\u0105mat\u0173 ir galim\u0173 bendrov\u0117s dovan\u0173 \u201eVilniaus miesto b\u016bsto\u201c darbuotojams.<\/p>\n<p>Pavie\u0161inus informacij\u0105 savivaldyb\u0117s \u012fmon\u0117 prad\u0117jo vidin\u012f patikrinim\u0105, o sostin\u0117s taryba iniciavo nepriklausom\u0105 jos veiklos audit\u0105.\u00a0<\/p>\n","protected":false},"excerpt":{"rendered":"Tarnyba portalui teig\u0117, kad tyrimas prad\u0117tas \u012ftariant galim\u0105 apgauling\u0105 finansin\u0117s apskaitos tvarkym\u0105, neteising\u0173 duomen\u0173 apie pajamas, peln\u0105 ar&hellip;\n","protected":false},"author":2,"featured_media":268038,"comment_status":"","ping_status":"","sticky":false,"template":"","format":"standard","meta":{"footnotes":"","_share_on_mastodon":"0"},"categories":[6],"tags":[25,30,31,34,35,24,32,33,37,39,36,38,40,23,22,28,29,26,27],"class_list":["post-268037","post","type-post","status-publish","format-standard","has-post-thumbnail","category-antrastes","tag-antrastes","tag-breaking-news","tag-breakingnews","tag-featured-news","tag-featurednews","tag-headlines","tag-latest-news","tag-latestnews","tag-lietuva","tag-lietuviu","tag-lithuania","tag-lithuanian","tag-lt","tag-naujienos","tag-news","tag-populiariausios-naujienos","tag-populiariausiosnaujienos","tag-top-stories","tag-topstories"],"share_on_mastodon":{"url":"https:\/\/pubeurope.com\/@lt\/117206106049747531","error":""},"_links":{"self":[{"href":"https:\/\/www.europesays.com\/lt\/wp-json\/wp\/v2\/posts\/268037","targetHints":{"allow":["GET"]}}],"collection":[{"href":"https:\/\/www.europesays.com\/lt\/wp-json\/wp\/v2\/posts"}],"about":[{"href":"https:\/\/www.europesays.com\/lt\/wp-json\/wp\/v2\/types\/post"}],"author":[{"embeddable":true,"href":"https:\/\/www.europesays.com\/lt\/wp-json\/wp\/v2\/users\/2"}],"replies":[{"embeddable":true,"href":"https:\/\/www.europesays.com\/lt\/wp-json\/wp\/v2\/comments?post=268037"}],"version-history":[{"count":0,"href":"https:\/\/www.europesays.com\/lt\/wp-json\/wp\/v2\/posts\/268037\/revisions"}],"wp:featuredmedia":[{"embeddable":true,"href":"https:\/\/www.europesays.com\/lt\/wp-json\/wp\/v2\/media\/268038"}],"wp:attachment":[{"href":"https:\/\/www.europesays.com\/lt\/wp-json\/wp\/v2\/media?parent=268037"}],"wp:term":[{"taxonomy":"category","embeddable":true,"href":"https:\/\/www.europesays.com\/lt\/wp-json\/wp\/v2\/categories?post=268037"},{"taxonomy":"post_tag","embeddable":true,"href":"https:\/\/www.europesays.com\/lt\/wp-json\/wp\/v2\/tags?post=268037"}],"curies":[{"name":"wp","href":"https:\/\/api.w.org\/{rel}","templated":true}]}}