{"id":268039,"date":"2026-09-03T08:13:16","date_gmt":"2026-09-03T08:13:16","guid":{"rendered":"https:\/\/www.europesays.com\/lt\/268039\/"},"modified":"2026-09-03T08:13:16","modified_gmt":"2026-09-03T08:13:16","slug":"atskleista-vienas-namuose-zvaigzdes-mirties-priezastis-lrytas","status":"publish","type":"post","link":"https:\/\/www.europesays.com\/lt\/268039\/","title":{"rendered":"Atskleista \u201eVienas namuose\u201c \u017evaig\u017ed\u0117s mirties prie\u017eastis &#8211; Lrytas"},"content":{"rendered":"<ol>\n<li><a href=\"https:\/\/news.google.com\/rss\/articles\/CBMixgFBVV95cUxPRTdOMlpBREloTFpsOHN0Qnd6WHAzNDRFNFg4eHZ5Q0R6TkpVektlSHZmM19CREtCNzFmLXNUT2x0MlB1eGZfb1ZMNUpkUmtnLW02azE1ZFhPOExhMTAxZHFmZ3RIcGkxUHg2OC05Ukl4XzdKWEU1LUtROFB0anFnbzUtZmZ0SHlKRmtYU1UzMjF3aVZTUjNMSkNkRjV3OUJ4R2R4V1JObkx5THpuZVdGZmtXSWVxbzViZ1gycWJWX3d3SWdvNVE?oc=5\" target=\"_blank\" rel=\"nofollow noopener\">Atskleista \u201eVienas namuose\u201c \u017evaig\u017ed\u0117s mirties prie\u017eastis<\/a>&nbsp;&nbsp;Lrytas<\/li>\n<li><a href=\"https:\/\/news.google.com\/rss\/articles\/CBMioAFBVV95cUxNZU91c0FPbGFicFlrLVBUYW9sRWltVXpOeVpYOEh2TktLd3VMYWcxamN5NkFrWUJlcUhmWlBFaEFnZnJzNjJzUGZ0Zkw1TU1SWW1DeU5yUUJfSzMxT2E2anBaMHNCSVM5X1ppLUxZanpKZ001M2puNEtYSHdoNkVWQ0hhWUNoRExDYXZuYXFTQzlHZ3F0U0drX21yclpSMm5f?oc=5\" target=\"_blank\" rel=\"nofollow noopener\">Paai\u0161k\u0117jo, d\u0117l ko mir\u0117 legendinis aktorius Timas Curry<\/a>&nbsp;&nbsp;tv3.lt<\/li>\n<li><a href=\"https:\/\/news.google.com\/rss\/articles\/CBMirwFBVV95cUxNdGJDM0NmdWpOaVBONGNxSk9aOVk5LVpvQUJkQkFjelBCWm95M19jVmpKVnBtd2pVeW1WZ3Rkb1JoR0NBb3lWVVp4SWVBWEZGVnUybjNVTWk5SEs1TWY1SU9Nd191SzVfOEVjSEpoZTZYdHpRbEZzNV85TWhNMGNqM081YzZfN09TVlI4VTl6aHBjWWl0UzBUbTFjSUs4ZXIxTUNxWGRQWlcwdHVlamhn?oc=5\" target=\"_blank\" rel=\"nofollow noopener\">Paai\u0161k\u0117jo \u201eVienas namuose\u201c \u017evaig\u017ed\u0117s mirties prie\u017eastis<\/a>&nbsp;&nbsp;delfi.lt<\/li>\n<li><a href=\"https:\/\/news.google.com\/rss\/articles\/CBMivgFBVV95cUxNUDlpWWJObXBDRTZCbmQ3clR0azJ4SHBoSmZTTnktWW9MdG1MZzF4WDJrUmxHRGNnUzFsZGN4cW5mODlGTkQ2TjJSckRhMFlBT1A4YmpEX0l3Vk91VWEzR2NVRk4yeHQ2MXJMQWZNYWFHclhPZGZMbWFpSGRnT1VUMGRCeXFoYVNWYXlhdDZ4Q0x4OG9LY3h2cE02S1AtMG11OWJsMmt4cDdmb3NfM2laSnVaU1dEcnBBdlJPbWJR?oc=5\" target=\"_blank\" rel=\"nofollow noopener\">Atskleista aktoriaus Timo Curry mirties prie\u017eastis<\/a>&nbsp;&nbsp;Diena.lt<\/li>\n<li><a href=\"https:\/\/news.google.com\/rss\/articles\/CBMi3AFBVV95cUxNRS1BcEg1MERGbGF1VlJtMEtkVnpxLWhsNFVOS1hUUk9KSndrSkhWQ1NzcDByaXNoREdKUllzR1JpeElxMTZ1UXRUM3pmRkxPQmZ6RjNLcEhfY1BuMlExMlUxMmgyZVBfTXd6dldtakJfYkJvVDB0NXBHMUg1Sl9sVWI3bVQtUi1BSWFaVGNsc2d4bEdBT0tZMmFuVzBLNWV1SXVzdFM4RC1hZEdHRjRBVlFjVGZMcjgzay1ucm5YRXE2cWFMMm1uSG1xblplVWNhd21YdW9NVmF4WXlq?oc=5\" target=\"_blank\" rel=\"nofollow noopener\">Skaudi tiesa, kod\u0117l \u201eVienas namuose\u201c \u017evaig\u017ed\u0117 prie\u0161 mirt\u012f buvo prikaustytas prie ve\u017eim\u0117lio<\/a>&nbsp;&nbsp;delfi.lt<\/li>\n<\/ol>\n","protected":false},"excerpt":{"rendered":"Atskleista \u201eVienas namuose\u201c \u017evaig\u017ed\u0117s mirties prie\u017eastis&nbsp;&nbsp;Lrytas Paai\u0161k\u0117jo, d\u0117l ko mir\u0117 legendinis aktorius Timas Curry&nbsp;&nbsp;tv3.lt Paai\u0161k\u0117jo \u201eVienas namuose\u201c \u017evaig\u017ed\u0117s&hellip;\n","protected":false},"author":2,"featured_media":268040,"comment_status":"","ping_status":"","sticky":false,"template":"","format":"standard","meta":{"footnotes":"","_share_on_mastodon":"0"},"categories":[21],"tags":[113,37,39,36,38,40,114],"class_list":["post-268039","post","type-post","status-publish","format-standard","has-post-thumbnail","category-pramogos","tag-entertainment","tag-lietuva","tag-lietuviu","tag-lithuania","tag-lithuanian","tag-lt","tag-pramogos"],"share_on_mastodon":{"url":"https:\/\/pubeurope.com\/@lt\/117206109971318127","error":""},"_links":{"self":[{"href":"https:\/\/www.europesays.com\/lt\/wp-json\/wp\/v2\/posts\/268039","targetHints":{"allow":["GET"]}}],"collection":[{"href":"https:\/\/www.europesays.com\/lt\/wp-json\/wp\/v2\/posts"}],"about":[{"href":"https:\/\/www.europesays.com\/lt\/wp-json\/wp\/v2\/types\/post"}],"author":[{"embeddable":true,"href":"https:\/\/www.europesays.com\/lt\/wp-json\/wp\/v2\/users\/2"}],"replies":[{"embeddable":true,"href":"https:\/\/www.europesays.com\/lt\/wp-json\/wp\/v2\/comments?post=268039"}],"version-history":[{"count":0,"href":"https:\/\/www.europesays.com\/lt\/wp-json\/wp\/v2\/posts\/268039\/revisions"}],"wp:featuredmedia":[{"embeddable":true,"href":"https:\/\/www.europesays.com\/lt\/wp-json\/wp\/v2\/media\/268040"}],"wp:attachment":[{"href":"https:\/\/www.europesays.com\/lt\/wp-json\/wp\/v2\/media?parent=268039"}],"wp:term":[{"taxonomy":"category","embeddable":true,"href":"https:\/\/www.europesays.com\/lt\/wp-json\/wp\/v2\/categories?post=268039"},{"taxonomy":"post_tag","embeddable":true,"href":"https:\/\/www.europesays.com\/lt\/wp-json\/wp\/v2\/tags?post=268039"}],"curies":[{"name":"wp","href":"https:\/\/api.w.org\/{rel}","templated":true}]}}