{"id":268041,"date":"2026-09-03T08:14:18","date_gmt":"2026-09-03T08:14:18","guid":{"rendered":"https:\/\/www.europesays.com\/lt\/268041\/"},"modified":"2026-09-03T08:14:18","modified_gmt":"2026-09-03T08:14:18","slug":"paviesintos-sparciai-irenginejamos-naujos-s-arabijos-trasos-nuotraukos","status":"publish","type":"post","link":"https:\/\/www.europesays.com\/lt\/268041\/","title":{"rendered":"Pavie\u0161intos spar\u010diai \u012frengin\u0117jamos naujos S. Arabijos trasos nuotraukos"},"content":{"rendered":"<p>Socialiniuose tinkluose pasirod\u0117 naujosios Saudo Arabijos \u201eFormul\u0117s-1\u201c trasos pagrindin\u0117s dalies nuotraukos.<\/p>\n<p>Planuojama, kad 2028-aisiais S. Arabijos etapas i\u0161 D\u017eidos persikels \u012f Kiddij\u0105. \u010cia kuriama specialiai \u010dempionatui pritaikyta trasa, tapsianti naujaisiais F-1 namais Saudo Arabijoje.<\/p>\n<p>21 pos\u016bkio trasos planas buvo pristatytas dar 2024 met\u0173 kov\u0105, o daugiausia d\u0117mesio sulauk\u0117 vienas i\u0161skirtinis jo elementas. Tai ilgas kelias iki pirmojo pos\u016bkio, kylantis 10 laipsni\u0173 kampu ir pasiekiantis net 70 metr\u0173, arba ma\u017edaug 20 auk\u0161t\u0173 pastato, auk\u0161t\u012f.<\/p>\n<p>Vir\u0161uje lenktyninink\u0173 lauks \u201eplauk\u0173 segtuko\u201c formos pos\u016bkis, o i\u0161 ten jie dideliu grei\u010diu leisdamiesi dirbtiniu \u0161laitu pasuks \u012f de\u0161in\u0119 ir toliau \u012fveiks greit\u0105 trasos dal\u012f.<\/p>\n<p>Nors 2026 met\u0173 Saudo Arabijos GP buvo at\u0161auktas d\u0117l karo Artimuosiuose Rytuose, naujosios trasos statybos darbai t\u0119siasi.<\/p>\n<p>Po did\u017eiule pirmojo pos\u016bkio zona taip pat numatyta koncert\u0173 erdv\u0117. Tai tur\u0117t\u0173 suteikti \u017ei\u016brovams i\u0161skirtin\u0119 patirt\u012f \u2013 vir\u0161 j\u0173 riaumojant F-1 bolidams, koncert\u0173 vietoje skamb\u0117s muzika.<\/p>\n<p>Saudo Arabija \u201eFormul\u0117s-1\u201c lenktynes rengia nuo 2021 met\u0173 pagal i\u0161 prad\u017ei\u0173 sudaryt\u0105 10 met\u0173 sutart\u012f, ta\u010diau \u0161alies ambicijos automobili\u0173 sporto srityje tuo tikrai neapsiribos.<\/p>\n<blockquote class=\"twitter-tweet\" data-media-max-width=\"560\"><p>&#13;<\/p>\n<p lang=\"en\" dir=\"ltr\">September update<\/p>\n<p>Clearer photos of the blade and Qiddiya Motorsport village <a href=\"https:\/\/t.co\/9aO775gnxy\" rel=\"nofollow\">https:\/\/t.co\/9aO775gnxy<\/a> <a href=\"https:\/\/t.co\/rDbsA8KOFr\" rel=\"nofollow\">pic.twitter.com\/rDbsA8KOFr<\/a><\/p>\n<p>&#13;<br \/>\n\u2014 ahmed baokbah \ud83c\uddf8\ud83c\udde6 \ud83c\udfce\ufe0f\ud83d\udee9\ufe0f (@ahmed_baokbah) <a href=\"https:\/\/x.com\/ahmed_baokbah\/status\/2094904427605889150?ref_src=twsrc%5Etfw\" rel=\"nofollow\">September 1, 2026<\/a><\/p><\/blockquote>\n<p><script async src=\"https:\/\/platform.twitter.com\/widgets.js\" charset=\"utf-8\"><\/script><\/p>\n","protected":false},"excerpt":{"rendered":"Socialiniuose tinkluose pasirod\u0117 naujosios Saudo Arabijos \u201eFormul\u0117s-1\u201c trasos pagrindin\u0117s dalies nuotraukos. Planuojama, kad 2028-aisiais S. Arabijos etapas i\u0161&hellip;\n","protected":false},"author":2,"featured_media":268042,"comment_status":"","ping_status":"","sticky":false,"template":"","format":"standard","meta":{"footnotes":"","_share_on_mastodon":"0"},"categories":[19],"tags":[37,39,36,38,40,47,104],"class_list":["post-268041","post","type-post","status-publish","format-standard","has-post-thumbnail","category-sportas","tag-lietuva","tag-lietuviu","tag-lithuania","tag-lithuanian","tag-lt","tag-sportas","tag-sports"],"share_on_mastodon":{"url":"https:\/\/pubeurope.com\/@lt\/117206113846279508","error":""},"_links":{"self":[{"href":"https:\/\/www.europesays.com\/lt\/wp-json\/wp\/v2\/posts\/268041","targetHints":{"allow":["GET"]}}],"collection":[{"href":"https:\/\/www.europesays.com\/lt\/wp-json\/wp\/v2\/posts"}],"about":[{"href":"https:\/\/www.europesays.com\/lt\/wp-json\/wp\/v2\/types\/post"}],"author":[{"embeddable":true,"href":"https:\/\/www.europesays.com\/lt\/wp-json\/wp\/v2\/users\/2"}],"replies":[{"embeddable":true,"href":"https:\/\/www.europesays.com\/lt\/wp-json\/wp\/v2\/comments?post=268041"}],"version-history":[{"count":0,"href":"https:\/\/www.europesays.com\/lt\/wp-json\/wp\/v2\/posts\/268041\/revisions"}],"wp:featuredmedia":[{"embeddable":true,"href":"https:\/\/www.europesays.com\/lt\/wp-json\/wp\/v2\/media\/268042"}],"wp:attachment":[{"href":"https:\/\/www.europesays.com\/lt\/wp-json\/wp\/v2\/media?parent=268041"}],"wp:term":[{"taxonomy":"category","embeddable":true,"href":"https:\/\/www.europesays.com\/lt\/wp-json\/wp\/v2\/categories?post=268041"},{"taxonomy":"post_tag","embeddable":true,"href":"https:\/\/www.europesays.com\/lt\/wp-json\/wp\/v2\/tags?post=268041"}],"curies":[{"name":"wp","href":"https:\/\/api.w.org\/{rel}","templated":true}]}}