{"id":268045,"date":"2026-09-03T08:16:12","date_gmt":"2026-09-03T08:16:12","guid":{"rendered":"https:\/\/www.europesays.com\/lt\/268045\/"},"modified":"2026-09-03T08:16:12","modified_gmt":"2026-09-03T08:16:12","slug":"jav-derasi-su-ukraina-del-licenciju-gaminti-patriot-raketas-peremejas","status":"publish","type":"post","link":"https:\/\/www.europesays.com\/lt\/268045\/","title":{"rendered":"JAV derasi su Ukraina d\u0117l licencij\u0173 gaminti \u201ePatriot\u201c raketas-per\u0117m\u0117jas"},"content":{"rendered":"<p>\n                2026-09-03 06:55<\/p>\n<p>                Prenumeratoriams<\/p>\n<p>\n                JAV valstyb\u0117s sekretorius Marco Rubio tre\u010diadien\u012f transliuotame interviu parei\u0161k\u0117, kad Jungtin\u0117s Valstijos derasi su Ukraina d\u0117l licencij\u0173 gaminti oro gynybos sistem\u0173 \u201ePatriot\u201c raketas-per\u0117m\u0117jas, skirtas atremti Rusijos raket\u0173 atakas.            <\/p>\n<p>\t\t\t\t<a href=\"https:\/\/s1.15min.lt\/images\/photos\/2024\/07\/08\/original\/oro-gynybos-sistema-patriot-668ba4ce3bb2f.jpg\" title=\"Socialini\u0173 tinkl\u0173 nuotrauka \/  Oro gynybos sistema \u201ePatriot\u201c\" class=\"image-link\" rel=\"nofollow noopener\" target=\"_blank\"><br \/>\n\t\t\t<img decoding=\"async\" alt=\"Oro gynybos sistema \u201ePatriot\u201c\" src=\"https:\/\/www.europesays.com\/lt\/wp-content\/uploads\/2026\/09\/oro-gynybos-sistema-patriot-668ba4ce3bb2f.jpg\" itemprop=\"image\" width=\"970\" height=\"580\" fetchpriority=\"high\"\/>\t\t\t\t\t<\/a><\/p>\n<p>\n        Oro gynybos sistema \u201ePatriot\u201c  \/ Socialini\u0173 tinkl\u0173 nuotrauka\t<\/p>\n","protected":false},"excerpt":{"rendered":"2026-09-03 06:55 Prenumeratoriams JAV valstyb\u0117s sekretorius Marco Rubio tre\u010diadien\u012f transliuotame interviu parei\u0161k\u0117, kad Jungtin\u0117s Valstijos derasi su Ukraina&hellip;\n","protected":false},"author":2,"featured_media":268046,"comment_status":"","ping_status":"","sticky":false,"template":"","format":"standard","meta":{"footnotes":"","_share_on_mastodon":"0"},"categories":[15],"tags":[25,30,31,34,35,24,32,33,37,39,36,38,40,23,22,44,28,29,26,27,74,75,76],"class_list":["post-268045","post","type-post","status-publish","format-standard","has-post-thumbnail","category-pasaulis","tag-antrastes","tag-breaking-news","tag-breakingnews","tag-featured-news","tag-featurednews","tag-headlines","tag-latest-news","tag-latestnews","tag-lietuva","tag-lietuviu","tag-lithuania","tag-lithuanian","tag-lt","tag-naujienos","tag-news","tag-pasaulis","tag-populiariausios-naujienos","tag-populiariausiosnaujienos","tag-top-stories","tag-topstories","tag-world","tag-world-news","tag-worldnews"],"share_on_mastodon":{"url":"https:\/\/pubeurope.com\/@lt\/117206121846266981","error":""},"_links":{"self":[{"href":"https:\/\/www.europesays.com\/lt\/wp-json\/wp\/v2\/posts\/268045","targetHints":{"allow":["GET"]}}],"collection":[{"href":"https:\/\/www.europesays.com\/lt\/wp-json\/wp\/v2\/posts"}],"about":[{"href":"https:\/\/www.europesays.com\/lt\/wp-json\/wp\/v2\/types\/post"}],"author":[{"embeddable":true,"href":"https:\/\/www.europesays.com\/lt\/wp-json\/wp\/v2\/users\/2"}],"replies":[{"embeddable":true,"href":"https:\/\/www.europesays.com\/lt\/wp-json\/wp\/v2\/comments?post=268045"}],"version-history":[{"count":0,"href":"https:\/\/www.europesays.com\/lt\/wp-json\/wp\/v2\/posts\/268045\/revisions"}],"wp:featuredmedia":[{"embeddable":true,"href":"https:\/\/www.europesays.com\/lt\/wp-json\/wp\/v2\/media\/268046"}],"wp:attachment":[{"href":"https:\/\/www.europesays.com\/lt\/wp-json\/wp\/v2\/media?parent=268045"}],"wp:term":[{"taxonomy":"category","embeddable":true,"href":"https:\/\/www.europesays.com\/lt\/wp-json\/wp\/v2\/categories?post=268045"},{"taxonomy":"post_tag","embeddable":true,"href":"https:\/\/www.europesays.com\/lt\/wp-json\/wp\/v2\/tags?post=268045"}],"curies":[{"name":"wp","href":"https:\/\/api.w.org\/{rel}","templated":true}]}}