{"id":268047,"date":"2026-09-03T08:20:17","date_gmt":"2026-09-03T08:20:17","guid":{"rendered":"https:\/\/www.europesays.com\/lt\/268047\/"},"modified":"2026-09-03T08:20:17","modified_gmt":"2026-09-03T08:20:17","slug":"is-sinoptiku-nemaloni-zinia-del-oru-pasiruoskite-tv3-lt","status":"publish","type":"post","link":"https:\/\/www.europesays.com\/lt\/268047\/","title":{"rendered":"I\u0161 sinoptik\u0173 \u2013 nemaloni \u017einia d\u0117l or\u0173: pasiruo\u0161kite &#8211; tv3.lt"},"content":{"rendered":"<ol>\n<li><a href=\"https:\/\/news.google.com\/rss\/articles\/CBMimAFBVV95cUxOdlhiMzIzcm5sVTBlWXdRWnRwMWhWZk0tY2I4N0M3SlV5Y0hIelJzZzJQSlBETkFQWTEydFRpbDRRanVOR3hkTzJaWE81ZEthbm5LWFhaSnZ6Z1c2ZEx5T1VZbi03MDI4c19fcWMxOFd0SndzaEJfLWVHT1lJbE1FbmRTNVp1STVmX3J5Q2dlMm9FNWVrRnpLcw?oc=5\" target=\"_blank\" rel=\"nofollow noopener\">I\u0161 sinoptik\u0173 \u2013 nemaloni \u017einia d\u0117l or\u0173: pasiruo\u0161kite<\/a>&nbsp;&nbsp;tv3.lt<\/li>\n<li><a href=\"https:\/\/news.google.com\/rss\/articles\/CBMirwFBVV95cUxPcWp0b29oby1yWjY0aGVHRm1IUmFVZ2hqQWxZVm1HWGVjVER3akFia1BjTmRGSUwzbHFxSlFSdDJBemtJRk45Y3BCa1dwVWRleUZvUkNyMGp6ejlMbm9QRjJGdmJOcUxORVhHdkhPTmVfZUM2TV9tV0RyYU03dk9yR1hleTdxOUF6YWxOU3YxSlF0OGtwNVo3NDRTZlZUeWd6NlVTbTRKbEhFM2w5el9N?oc=5\" target=\"_blank\" rel=\"nofollow noopener\">Orai: daugelyje vietovi\u0173 numatomas lietus, \u0161ils iki 23 laipsni\u0173<\/a>&nbsp;&nbsp;LRT<\/li>\n<li><a href=\"https:\/\/news.google.com\/rss\/articles\/CBMiuwFBVV95cUxPMHRUejlwVkVSR1NBaVVWSDlfMV9leE0tMXQ0OGRLRWdsSW15MUgwYkc1d1g5V1NwdGM1Z1VqRjNSeUhVOW5UWlhvOW5KUzQwMHFCNHVFd21GblUwcHlLWkJ3bkNtemFrbUh1ZTBLT3R1MWpCenUydGlkd2VHZkNpNWp2V1p0Y0dLSzJRLURuQi1nRDBVZHZWWEMtWFZNX19MMnMwTG1yNUlnVnlXNEZlN0kwMXVpYWptNGlF?oc=5\" target=\"_blank\" rel=\"nofollow noopener\">Li\u016btis, \u017eaibai, kru\u0161a, v\u0117jas: audra klajoja po Lietuv\u0105<\/a>&nbsp;&nbsp;15min.lt<\/li>\n<li><a href=\"https:\/\/news.google.com\/rss\/articles\/CBMirgFBVV95cUxQbktCYUFoS0h2dU5WSjRzMGtrTEtFZ3U2MDgxMXBzZzZxaV9qRmNlTHBLSGRmVXcwb0RxcEtvUmRtR1JBMkVMbWc0d2Y0U25HaVNwbWVteHBKdEc2eVZhNXdoVTJQVkR1Rl9zdlYwSnMzTW9CLXJEQnl1YmZ3SmRwZll5cGQzTDRhYnFEQUZWWFpBYjRDWlZ0Mi1OdHdDNFR0bEd2RF9OeTVUWlNWb1E?oc=5\" target=\"_blank\" rel=\"nofollow noopener\">Sinoptikai: per Lietuv\u0105 slinks banguotas \u0161altasis atmosferos frontas<\/a>&nbsp;&nbsp;kaunas.kasvyksta.lt<\/li>\n<li><a href=\"https:\/\/news.google.com\/rss\/articles\/CBMioAFBVV95cUxOUzV3RTdNR2hYMDZ5NWNpa29yMURTelNsSEZQTldmc25qRXBpalBLaDlNdkJhbjBzakh6bnlveVNsTUo5OU55a1NnUHFRWGJRR0FSSHpkR19TejNpVnQ1YUV6OXdjWjcxVnRNZ2xfd3dGWlNzUTBzY1RoeC02Rm1OS3VRLXF4bGpEcHZnNFQ0X1JoSnFBd0pWX2ZCSGpQR0xj?oc=5\" target=\"_blank\" rel=\"nofollow noopener\">Pliaups kaip reikiant: i\u0161 sinoptik\u0173 \u2013 naujausia prognoz\u0117<\/a>&nbsp;&nbsp;delfi.lt<\/li>\n<\/ol>\n","protected":false},"excerpt":{"rendered":"I\u0161 sinoptik\u0173 \u2013 nemaloni \u017einia d\u0117l or\u0173: pasiruo\u0161kite&nbsp;&nbsp;tv3.lt Orai: daugelyje vietovi\u0173 numatomas lietus, \u0161ils iki 23 laipsni\u0173&nbsp;&nbsp;LRT Li\u016btis,&hellip;\n","protected":false},"author":2,"featured_media":268048,"comment_status":"","ping_status":"","sticky":false,"template":"","format":"standard","meta":{"footnotes":"","_share_on_mastodon":"0"},"categories":[6],"tags":[38769,25,30,31,57,43,34,35,55,48,24,54,51,49,50,32,33,37,39,36,38,40,45,23,22,44,28,29,53,42,56,47,26,27,41,46,58,52],"class_list":["post-268047","post","type-post","status-publish","format-standard","has-post-thumbnail","category-antrastes","tag-2026-09-03-064845","tag-antrastes","tag-breaking-news","tag-breakingnews","tag-daiktai","tag-dienos-kronika","tag-featured-news","tag-featurednews","tag-gatves-tekstai","tag-gyvenimas","tag-headlines","tag-interneto-pievos","tag-keliones","tag-kultura","tag-laisvalaikis","tag-latest-news","tag-latestnews","tag-lietuva","tag-lietuviu","tag-lithuania","tag-lithuanian","tag-lt","tag-mokslas-ir-it","tag-naujienos","tag-news","tag-pasaulis","tag-populiariausios-naujienos","tag-populiariausiosnaujienos","tag-projektai","tag-rinktiniai-tekstai","tag-simtmecio-portalas","tag-sportas","tag-top-stories","tag-topstories","tag-tv3-lt","tag-verslas","tag-video","tag-zaidimai"],"share_on_mastodon":{"url":"","error":"Validation failed: Text character limit of 500 exceeded"},"_links":{"self":[{"href":"https:\/\/www.europesays.com\/lt\/wp-json\/wp\/v2\/posts\/268047","targetHints":{"allow":["GET"]}}],"collection":[{"href":"https:\/\/www.europesays.com\/lt\/wp-json\/wp\/v2\/posts"}],"about":[{"href":"https:\/\/www.europesays.com\/lt\/wp-json\/wp\/v2\/types\/post"}],"author":[{"embeddable":true,"href":"https:\/\/www.europesays.com\/lt\/wp-json\/wp\/v2\/users\/2"}],"replies":[{"embeddable":true,"href":"https:\/\/www.europesays.com\/lt\/wp-json\/wp\/v2\/comments?post=268047"}],"version-history":[{"count":0,"href":"https:\/\/www.europesays.com\/lt\/wp-json\/wp\/v2\/posts\/268047\/revisions"}],"wp:featuredmedia":[{"embeddable":true,"href":"https:\/\/www.europesays.com\/lt\/wp-json\/wp\/v2\/media\/268048"}],"wp:attachment":[{"href":"https:\/\/www.europesays.com\/lt\/wp-json\/wp\/v2\/media?parent=268047"}],"wp:term":[{"taxonomy":"category","embeddable":true,"href":"https:\/\/www.europesays.com\/lt\/wp-json\/wp\/v2\/categories?post=268047"},{"taxonomy":"post_tag","embeddable":true,"href":"https:\/\/www.europesays.com\/lt\/wp-json\/wp\/v2\/tags?post=268047"}],"curies":[{"name":"wp","href":"https:\/\/api.w.org\/{rel}","templated":true}]}}