{"id":268049,"date":"2026-09-03T08:23:08","date_gmt":"2026-09-03T08:23:08","guid":{"rendered":"https:\/\/www.europesays.com\/lt\/268049\/"},"modified":"2026-09-03T08:23:08","modified_gmt":"2026-09-03T08:23:08","slug":"teismas-atmete-orlen-lietuvos-prasyma-arestuoti-petrofac-turta-lietuvoje","status":"publish","type":"post","link":"https:\/\/www.europesays.com\/lt\/268049\/","title":{"rendered":"Teismas atmet\u0117 \u201eOrlen Lietuvos\u201c pra\u0161ym\u0105 are\u0161tuoti \u201ePetrofac\u201c turt\u0105 Lietuvoje"},"content":{"rendered":"\n<p>Vilniaus apygardos teismas rugs\u0117jo 2 dien\u0105 i\u0161nagrin\u0117j\u0119s \u201eOrlen Lietuvos\u201c pra\u0161ym\u0105 d\u0117l laikin\u0173j\u0173 apsaugos priemoni\u0173 taikymo u\u017etikrinant Vilniaus komercinio arbitra\u017eo teisme pareik\u0161tus reikalavimus j\u012f atmet\u0117, BNS prane\u0161\u0117 teismo atstov\u0117 Lina Nemeikait\u0117.\u00a0<\/p>\n<p>\u201eTeismo vertinimu, ie\u0161kov\u0117 (\u201eOrlen Lietuva\u201c \u2013 BNS) nepateik\u0117 pakankamai duomen\u0173, kurie gal\u0117t\u0173 sudaryti pagrind\u0105 spr\u0119sti apie gr\u0117sm\u0119 b\u016bsimo teismo sprendimo \u012fvykdymui ar jo \u012fvykdymo pasunk\u0117jim\u0105\u201c, \u2013 komentare BNS teig\u0117 L. Nemeikait\u0117.\u00a0<\/p>\n<p>Pasak jos, sprendimas gali b\u016bti skund\u017eiamas Lietuvos apeliaciniam teismui.\u00a0<\/p>\n<p>L. Nemeikait\u0117 motyvuodama u\u017edaru bylos nagrin\u0117jimu arbitra\u017ee ne\u012fvardijo, koki\u0173 konkre\u010di\u0173 laikin\u0173j\u0173 apsaugos priemoni\u0173 pra\u0161\u0117 \u201eOrlen Lietuva\u201c, ta\u010diau BNS remdamasi \u0161altiniais \u0161i\u0105 savait\u0119 skelb\u0117, kad \u012fmon\u0117 pra\u0161\u0117 laikinai are\u0161tuoti 104 mln. eur\u0173 vert\u0117s \u201ePetrofac International\u201c filialo turto.\u00a0<\/p>\n<p>    Siekia prisiteisti 104 mln. eur\u0173 <\/p>\n<p>\u201eOrlen Lietuva\u201c arbitra\u017ee siekia prisiteisti 104 mln. eur\u0173 i\u0161 buvusios rangov\u0117s \u201ePetrofac\u201c, su kuria Lietuvos \u012fmon\u0117 pernai nutrauk\u0117 beveik 1 mlrd. eur\u0173 vert\u0117s sutart\u012f d\u0117l Ma\u017eeiki\u0173 gamyklos modernizavimo projekto.<\/p>\n<p>Vilniaus komercinio arbitra\u017eo teismas BNS teig\u0117 negalintis nei patvirtinti, nei paneigti, kad gavo \u201eOrlen Lietuvos\u201c ie\u0161kin\u012f.<\/p>\n<p>\u012emon\u0117s atstovas Dominykas Jak\u0161tas anks\u010diau BNS nekomentavo \u0161ios informacijos.<\/p>\n<p>BNS ra\u0161\u0117, kad \u201eOrlen Lietuva\u201c pernai lapkrit\u012f nutrauk\u0117 sutart\u012f su \u201ePetrofac\u201c d\u0117l \u017ealiavos liku\u010dio konversijos \u012frenginio statybos \u0161iai d\u0117l finansini\u0173 sunkum\u0173 nuolat v\u0117luojant atlikti darbus bei laiku neatsiskaitant su Lietuvos subrangovais.<\/p>\n<p>\u201ePetrofac\u201c subrangovai anks\u010diau BNS teig\u0117, kad JK rangov\u0117 viso projekto metu v\u0117lavo sumok\u0117ti u\u017e darb\u0105, o 2025 met\u0173 spalio pabaigoje jai paskyrus bankroto administratori\u0173 mok\u0117jimai buvo sustabdyti. Lietuvos \u012fmon\u0117s tikino, kad d\u0117l v\u0117luojan\u010di\u0173 mok\u0117jim\u0173 jos dirba nuostolingai, tod\u0117l ma\u017eino darbuotoj\u0173 skai\u010di\u0173 ir dirbo minimaliu tempu.<\/p>\n<p>\u201eOrlen Lietuvos\u201c atstov\u0173 teigimu, iki tol buvo atlikta apie 80 proc. vis\u0173 projekto darb\u0173.<\/p>\n<p>BNS \u017einiomis, nauj\u0105 rangov\u0105 tikimasi i\u0161sirinkti artimiausiu metu, o atnaujinti darbus \u2013 kit\u0173 met\u0173 prad\u017eioje.<\/p>\n<p>\u201eOrlen Lietuva\u201c 641 mln. eur\u0173 vert\u0117s sutart\u012f su \u201ePetrofac Ltd.\u201c d\u0117l giluminio naftos perdirbimo \u012frenginio Ma\u017eeikiuose statybos pasira\u0161\u0117 2021 met\u0173 spal\u012f. 2023 met\u0173 rugpj\u016bt\u012f \u201eOrlen Lietuva\u201c prane\u0161\u0117, kad investicijos \u012f gamyklos modernizavim\u0105 pabrango 45 proc. ir siekia apie 970 mln. eur\u0173.<\/p>\n<p>Lietuvos Vyriausyb\u0117 gamyklos modernizavim\u0105 pernai kov\u0105 pripa\u017eino strategin\u0117s svarbos projektu.<\/p>\n<p>\n                                        \u0160altinis:<br \/>\n                                                                                    BNS\n                                                                                <\/p>\n<p><a href=\"https:\/\/www.indeliai.lt\/\" target=\"_blank\" rel=\"nofollow noopener\"><img decoding=\"async\" alt=\"indeliai.lt\" src=\"https:\/\/www.europesays.com\/lt\/wp-content\/uploads\/2026\/09\/1788423788_733_Indeliainew.jpg\" style=\"width: 100%; max-height: 250px; max-width: 800px\" \/><\/a><\/p>\n","protected":false},"excerpt":{"rendered":"Vilniaus apygardos teismas rugs\u0117jo 2 dien\u0105 i\u0161nagrin\u0117j\u0119s \u201eOrlen Lietuvos\u201c pra\u0161ym\u0105 d\u0117l laikin\u0173j\u0173 apsaugos priemoni\u0173 taikymo u\u017etikrinant Vilniaus komercinio&hellip;\n","protected":false},"author":2,"featured_media":268050,"comment_status":"","ping_status":"","sticky":false,"template":"","format":"standard","meta":{"footnotes":"","_share_on_mastodon":"0"},"categories":[17],"tags":[38770,81,57,43,55,48,54,51,49,50,37,39,36,38,40,45,23,44,53,42,56,47,41,46,58,52],"class_list":["post-268049","post","type-post","status-publish","format-standard","has-post-thumbnail","category-verslas","tag-2026-09-03-110750","tag-business","tag-daiktai","tag-dienos-kronika","tag-gatves-tekstai","tag-gyvenimas","tag-interneto-pievos","tag-keliones","tag-kultura","tag-laisvalaikis","tag-lietuva","tag-lietuviu","tag-lithuania","tag-lithuanian","tag-lt","tag-mokslas-ir-it","tag-naujienos","tag-pasaulis","tag-projektai","tag-rinktiniai-tekstai","tag-simtmecio-portalas","tag-sportas","tag-tv3-lt","tag-verslas","tag-video","tag-zaidimai"],"share_on_mastodon":{"url":"https:\/\/pubeurope.com\/@lt\/117206149642260169","error":""},"_links":{"self":[{"href":"https:\/\/www.europesays.com\/lt\/wp-json\/wp\/v2\/posts\/268049","targetHints":{"allow":["GET"]}}],"collection":[{"href":"https:\/\/www.europesays.com\/lt\/wp-json\/wp\/v2\/posts"}],"about":[{"href":"https:\/\/www.europesays.com\/lt\/wp-json\/wp\/v2\/types\/post"}],"author":[{"embeddable":true,"href":"https:\/\/www.europesays.com\/lt\/wp-json\/wp\/v2\/users\/2"}],"replies":[{"embeddable":true,"href":"https:\/\/www.europesays.com\/lt\/wp-json\/wp\/v2\/comments?post=268049"}],"version-history":[{"count":0,"href":"https:\/\/www.europesays.com\/lt\/wp-json\/wp\/v2\/posts\/268049\/revisions"}],"wp:featuredmedia":[{"embeddable":true,"href":"https:\/\/www.europesays.com\/lt\/wp-json\/wp\/v2\/media\/268050"}],"wp:attachment":[{"href":"https:\/\/www.europesays.com\/lt\/wp-json\/wp\/v2\/media?parent=268049"}],"wp:term":[{"taxonomy":"category","embeddable":true,"href":"https:\/\/www.europesays.com\/lt\/wp-json\/wp\/v2\/categories?post=268049"},{"taxonomy":"post_tag","embeddable":true,"href":"https:\/\/www.europesays.com\/lt\/wp-json\/wp\/v2\/tags?post=268049"}],"curies":[{"name":"wp","href":"https:\/\/api.w.org\/{rel}","templated":true}]}}