{"id":268051,"date":"2026-09-03T08:24:13","date_gmt":"2026-09-03T08:24:13","guid":{"rendered":"https:\/\/www.europesays.com\/lt\/268051\/"},"modified":"2026-09-03T08:24:13","modified_gmt":"2026-09-03T08:24:13","slug":"staiga-akinantis-blyksnis-siaubinga-kas-brazilijos-papludimyje-nutiko-turistei-gyvenimas","status":"publish","type":"post","link":"https:\/\/www.europesays.com\/lt\/268051\/","title":{"rendered":"Staiga \u2013 akinantis blyksnis: siaubinga, kas Brazilijos papl\u016bdimyje nutiko turistei | Gyvenimas"},"content":{"rendered":"<p>Incidentas nutiko po 18 val., ra\u0161oma \u201eMirror\u201c. Tragi\u0161kas \u012fvykis buvo u\u017efiksuotas vaizdo steb\u0117jimo kamera: \u012fra\u0161e matyti, kaip pora eina sm\u0117liu ir trumpam stabteli. Staiga vien\u0105 i\u0161 j\u0173 nutrenkia akinantis \u017eaibas, parblok\u0161damas auk\u0105 ant \u017eem\u0117s. Tuomet i\u0161sigand\u0119s moters partneris pasilenkia nor\u0117damas jai pad\u0117ti atsikelti. Pats vyras nuo \u017eaibo nenukent\u0117jo.<\/p>\n<p> <a href=\"https:\/\/s1.15min.lt\/images\/photos\/2022\/01\/14\/original\/zaibas-61e1560176d01.jpg\" rel=\"content-image nofollow noopener\" title=\"123RF.com nuotr. \/ \u017daibas\" target=\"_blank\"><img decoding=\"async\" alt=\"123RF.com nuotr. \/ \u017daibas\" rel=\"content-image\" src=\"https:\/\/www.europesays.com\/lt\/wp-content\/uploads\/2026\/09\/zaibas-61e1560176d01.jpg\" style=\"width: auto; height: auto;\"\/><\/a> <\/p>\n<p>123RF.com nuotr. \/ \u017daibas<\/p>\n<p>Region\u0105 paveik\u0117 besikei\u010dian\u010dios oro s\u0105lygos \u2013 \u010dia kilo lietus, stipr\u016bs v\u0117jai ir pasirei\u0161k\u0117 intensyvus \u017eaibavimas.<\/p>\n<p>Endinara \u0161iame regione lank\u0117si kaip turist\u0117; ji buvo kilusi i\u0161 Ka\u0161ias do Sulio, kur dirbo popieriaus ir mi\u0161ko produkt\u0173 \u012fmon\u0117je. Buvo i\u0161kviestos pagalbos tarnybos; atvyk\u0119 ugniagesiai rado j\u0105 gulin\u010di\u0105 ant sm\u0117lio be s\u0105mon\u0117s ir be gyvyb\u0117s \u017eenkl\u0173. Jos partneris jau buvo prad\u0117j\u0119s gaivinim\u0105, kur\u012f v\u0117liau t\u0119s\u0117 atvyk\u0119 gelb\u0117tojai.<\/p>\n<p>Tuomet ji buvo nuve\u017eta \u012f \u201ePraia do Sonho\u201c skubiosios pagalbos skyri\u0173. Atvykus \u012f gydymo \u012fstaig\u0105, medikams pavyko atkurti gyvybines funkcijas; v\u0117liau Endinara buvo intubuota ir kritin\u0117s b\u016bkl\u0117s perve\u017eta \u012f S\u00e3o Jos\u00e9 regionin\u0119 ligonin\u0119. Deja, nors po \u0161irdies sustojimo j\u0105 pavyko atgaivinti, \u0161e\u0161tadienio ryt\u0105 ji mir\u0117.<\/p>\n","protected":false},"excerpt":{"rendered":"Incidentas nutiko po 18 val., ra\u0161oma \u201eMirror\u201c. Tragi\u0161kas \u012fvykis buvo u\u017efiksuotas vaizdo steb\u0117jimo kamera: \u012fra\u0161e matyti, kaip pora&hellip;\n","protected":false},"author":2,"featured_media":268052,"comment_status":"","ping_status":"","sticky":false,"template":"","format":"standard","meta":{"footnotes":"","_share_on_mastodon":"0"},"categories":[15],"tags":[25,30,31,34,35,24,32,33,37,39,36,38,40,23,22,44,28,29,26,27,74,75,76],"class_list":["post-268051","post","type-post","status-publish","format-standard","has-post-thumbnail","category-pasaulis","tag-antrastes","tag-breaking-news","tag-breakingnews","tag-featured-news","tag-featurednews","tag-headlines","tag-latest-news","tag-latestnews","tag-lietuva","tag-lietuviu","tag-lithuania","tag-lithuanian","tag-lt","tag-naujienos","tag-news","tag-pasaulis","tag-populiariausios-naujienos","tag-populiariausiosnaujienos","tag-top-stories","tag-topstories","tag-world","tag-world-news","tag-worldnews"],"share_on_mastodon":{"url":"https:\/\/pubeurope.com\/@lt\/117206153518843364","error":""},"_links":{"self":[{"href":"https:\/\/www.europesays.com\/lt\/wp-json\/wp\/v2\/posts\/268051","targetHints":{"allow":["GET"]}}],"collection":[{"href":"https:\/\/www.europesays.com\/lt\/wp-json\/wp\/v2\/posts"}],"about":[{"href":"https:\/\/www.europesays.com\/lt\/wp-json\/wp\/v2\/types\/post"}],"author":[{"embeddable":true,"href":"https:\/\/www.europesays.com\/lt\/wp-json\/wp\/v2\/users\/2"}],"replies":[{"embeddable":true,"href":"https:\/\/www.europesays.com\/lt\/wp-json\/wp\/v2\/comments?post=268051"}],"version-history":[{"count":0,"href":"https:\/\/www.europesays.com\/lt\/wp-json\/wp\/v2\/posts\/268051\/revisions"}],"wp:featuredmedia":[{"embeddable":true,"href":"https:\/\/www.europesays.com\/lt\/wp-json\/wp\/v2\/media\/268052"}],"wp:attachment":[{"href":"https:\/\/www.europesays.com\/lt\/wp-json\/wp\/v2\/media?parent=268051"}],"wp:term":[{"taxonomy":"category","embeddable":true,"href":"https:\/\/www.europesays.com\/lt\/wp-json\/wp\/v2\/categories?post=268051"},{"taxonomy":"post_tag","embeddable":true,"href":"https:\/\/www.europesays.com\/lt\/wp-json\/wp\/v2\/tags?post=268051"}],"curies":[{"name":"wp","href":"https:\/\/api.w.org\/{rel}","templated":true}]}}