{"id":268055,"date":"2026-09-03T08:29:14","date_gmt":"2026-09-03T08:29:14","guid":{"rendered":"https:\/\/www.europesays.com\/lt\/268055\/"},"modified":"2026-09-03T08:29:14","modified_gmt":"2026-09-03T08:29:14","slug":"vos-prisiekusio-karaliaus-hokono-viii-seimoje-nerimas-zmona-pats-nuveze-i-ligonine","status":"publish","type":"post","link":"https:\/\/www.europesays.com\/lt\/268055\/","title":{"rendered":"Vos prisiekusio karaliaus Hokono VIII \u0161eimoje \u2013 nerimas: \u017emon\u0105 pats nuve\u017e\u0117 \u012f ligonin\u0119"},"content":{"rendered":"<p>Naujasis Norvegijos karalius Hokonas VIII antradien\u012f parlamente dav\u0117 priesaik\u0105, ta\u010diau \u0161i\u0105 svarbi\u0105 akimirk\u0105 jam teko i\u0161gyventi be \u017emonos. I\u0161 prad\u017ei\u0173 buvo skelbta, kad karalien\u0117 Mette Marit ceremonijoje dalyvaus, ta\u010diau t\u0105 pa\u010di\u0105 dien\u0105 Karali\u0161kieji r\u016bmai prane\u0161\u0117 apie pasikeitusius planus.<\/p>\n<p>Paai\u0161k\u0117jo, kad po neseniai atliktos plau\u010di\u0173 transplantacijos karalienei kilo komplikacij\u0173, tod\u0117l ji tur\u0117jo likti medik\u0173 prie\u017ei\u016broje.<\/p>\n<p>Pra\u0117jus vos kelioms valandoms po priesaikos ceremonijos, Norvegijos \u017einiasklaida u\u017efiksavo 53-ej\u0173 Mette Marit atvykstan\u010di\u0105 \u012f Oslo nacionalin\u0119 ligonin\u0119. Karalien\u0117 i\u0161lipo i\u0161 automobilio, kur\u012f vairavo pats jos vyras.<\/p>\n<p>Naujien\u0173 agent\u016bros NTB duomenimis, v\u0117liau Hokonas VIII buvo pasteb\u0117tas i\u0161vykstantis i\u0161 ligonin\u0117s, ta\u010diau Mette Marit kartu su juo nebuvo.<\/p>\n<p>Karali\u0161kieji r\u016bmai i\u0161samesni\u0173 komentar\u0173 apie karalien\u0117s b\u016bkl\u0119 nepateik\u0117 ir nukreip\u0117 \u012f anks\u010diau t\u0105 pa\u010di\u0105 dien\u0105 i\u0161platint\u0105 prane\u0161im\u0105. Jame buvo nurodyta, kad Mette Marit vyro priesaikos ceremonijoje negal\u0117s dalyvauti d\u0117l kilusi\u0173 komplikacij\u0173.<\/p>\n<p>Karalienei persodinti plau\u010diai<\/p>\n<p>Nepagydoma plau\u010di\u0173 liga sergan\u010diai Mette Marit bir\u017eelio 17 dien\u0105 buvo atlikta plau\u010di\u0173 transplantacija. Pasak j\u0105 gydan\u010dio mediko, po tokios operacijos komplikacijos n\u0117ra ne\u012fprastos.<\/p>\n<p>\u201ePo plau\u010di\u0173 transplantacijos komplikacijos n\u0117ra ne\u012fprastas rei\u0161kinys. Po operacijos karalien\u0117 su jomis susid\u016br\u0117 jau kelet\u0105 kart\u0173, taip pat ir \u0161iandien\u201c, \u2013 Karali\u0161k\u0173j\u0173 r\u016bm\u0173 i\u0161platintame prane\u0161ime teig\u0117 gydytojas Are Holmas.<\/p>\n<p>Medikas prid\u016br\u0117, kad d\u0117l \u0161ios prie\u017easties karalien\u0117 vis\u0105 dien\u0105 tur\u0117jo likti stebima gydytoj\u0173.<\/p>\n<p>Dar dien\u0105 prie\u0161 ceremonij\u0105 Karali\u0161kieji r\u016bmai buvo paskelb\u0119, kad Mette Marit dalyvaus vyro priesaikoje, tod\u0117l \u017einia apie jos sveikatos b\u016bkl\u0119 pasirod\u0117 netik\u0117tai.<\/p>\n<p>Vie\u0161umoje pasirod\u0117 pirmadien\u012f<\/p>\n<p>Vos dien\u0105 prie\u0161 Hokono VIII priesaik\u0105 Mette Marit buvo pasirod\u017eiusi vie\u0161umoje. Pirmadien\u012f ji dalyvavo i\u0161lydint karaliaus Haraldo V \u2013 Hokono t\u0117vo, mirusio penktadien\u012f, sulaukus 89 met\u0173, \u2013 karst\u0105.<\/p>\n<p>V\u0117liau karalien\u0117 kartu su kitais karali\u0161kosios \u0161eimos nariais pasirod\u0117 prie r\u016bm\u0173. \u010cia jie ap\u017ei\u016br\u0117jo t\u016bkstan\u010di\u0173 \u017emoni\u0173 mirusiam monarchui atminti sune\u0161tas g\u0117les.<\/p>\n<p>Hokonas Norvegijos karalisus sost\u0105 paveld\u0117jo penktadien\u012f, mirus jo t\u0117vui Haraldui V. Antradienio popiet\u0119 taip pat 53-ej\u0173 naujasis monarchas prisiek\u0117 parlamente. \u0160i ceremonija simbolizuoja, kad karaliaus galios yra apibr\u0117\u017etos ir ribojamos \u0161alies Konstitucijos.<\/p>\n","protected":false},"excerpt":{"rendered":"Naujasis Norvegijos karalius Hokonas VIII antradien\u012f parlamente dav\u0117 priesaik\u0105, ta\u010diau \u0161i\u0105 svarbi\u0105 akimirk\u0105 jam teko i\u0161gyventi be \u017emonos.&hellip;\n","protected":false},"author":2,"featured_media":268056,"comment_status":"","ping_status":"","sticky":false,"template":"","format":"standard","meta":{"footnotes":"","_share_on_mastodon":"0"},"categories":[6],"tags":[25,30,31,34,35,24,32,33,37,39,36,38,40,23,22,28,29,26,27],"class_list":["post-268055","post","type-post","status-publish","format-standard","has-post-thumbnail","category-antrastes","tag-antrastes","tag-breaking-news","tag-breakingnews","tag-featured-news","tag-featurednews","tag-headlines","tag-latest-news","tag-latestnews","tag-lietuva","tag-lietuviu","tag-lithuania","tag-lithuanian","tag-lt","tag-naujienos","tag-news","tag-populiariausios-naujienos","tag-populiariausiosnaujienos","tag-top-stories","tag-topstories"],"share_on_mastodon":{"url":"https:\/\/pubeurope.com\/@lt\/117206172472654037","error":""},"_links":{"self":[{"href":"https:\/\/www.europesays.com\/lt\/wp-json\/wp\/v2\/posts\/268055","targetHints":{"allow":["GET"]}}],"collection":[{"href":"https:\/\/www.europesays.com\/lt\/wp-json\/wp\/v2\/posts"}],"about":[{"href":"https:\/\/www.europesays.com\/lt\/wp-json\/wp\/v2\/types\/post"}],"author":[{"embeddable":true,"href":"https:\/\/www.europesays.com\/lt\/wp-json\/wp\/v2\/users\/2"}],"replies":[{"embeddable":true,"href":"https:\/\/www.europesays.com\/lt\/wp-json\/wp\/v2\/comments?post=268055"}],"version-history":[{"count":0,"href":"https:\/\/www.europesays.com\/lt\/wp-json\/wp\/v2\/posts\/268055\/revisions"}],"wp:featuredmedia":[{"embeddable":true,"href":"https:\/\/www.europesays.com\/lt\/wp-json\/wp\/v2\/media\/268056"}],"wp:attachment":[{"href":"https:\/\/www.europesays.com\/lt\/wp-json\/wp\/v2\/media?parent=268055"}],"wp:term":[{"taxonomy":"category","embeddable":true,"href":"https:\/\/www.europesays.com\/lt\/wp-json\/wp\/v2\/categories?post=268055"},{"taxonomy":"post_tag","embeddable":true,"href":"https:\/\/www.europesays.com\/lt\/wp-json\/wp\/v2\/tags?post=268055"}],"curies":[{"name":"wp","href":"https:\/\/api.w.org\/{rel}","templated":true}]}}