{"id":268067,"date":"2026-09-03T08:41:40","date_gmt":"2026-09-03T08:41:40","guid":{"rendered":"https:\/\/www.europesays.com\/lt\/268067\/"},"modified":"2026-09-03T08:41:40","modified_gmt":"2026-09-03T08:41:40","slug":"karas-ukrainoje-putinas-pasisake-apie-karo-pries-ukraina-pabaiga-yra-vilties-tv3-lt","status":"publish","type":"post","link":"https:\/\/www.europesays.com\/lt\/268067\/","title":{"rendered":"Karas Ukrainoje. Putinas pasisak\u0117 apie karo prie\u0161 Ukrain\u0105 pabaig\u0105: \u201eYra vilties\u201c &#8211; tv3.lt"},"content":{"rendered":"<ol>\n<li><a href=\"https:\/\/news.google.com\/rss\/articles\/CBMizgFBVV95cUxPQXNuTzRrV0hxUXd5X1hXZllIOUNDNGpBWkhtb3BLSHF0RmNqeF9Ob0RtLVV1WmZpTGVnb0pBVkRlczMtQ042NHU5VDktUFVCWGk2RFZWMmVJajBnN1h0elB5ajJaeVQxYkpDSEJqdUk1enRxN2JtOS1FSl9UVnVPNlNMN2IzS29raUxURjhzZnVSVm44RWdPd3RZQzBXWGNWSGlNcEFKZ3ZaQ1RmRkJ3TDZiRndjRFM2RGF2UzdxOFF4ZHMxeDVFa0hqNGtDUQ?oc=5\" target=\"_blank\" rel=\"nofollow noopener\">Karas Ukrainoje. Putinas pasisak\u0117 apie karo prie\u0161 Ukrain\u0105 pabaig\u0105: \u201eYra vilties\u201c<\/a>&nbsp;&nbsp;tv3.lt<\/li>\n<li><a href=\"https:\/\/news.google.com\/rss\/articles\/CBMipwFBVV95cUxNNzhUSGUzWm96aG9nQktqQXkzNXhNQW1tcEQ0N2ZCTkhMTXlvem9qNjN0ald6c0Rqd0plVzNNWnJTUUFsR3VITmg3cE9BMVNPWTA3d2NPQ1JLZ2JFX1pYa3Blbm9id2xBNFEzWHNkQmpGTzYyOUpfS0xXZDM5cnhwOVBaY19WZDlzdi1jZUF3V1U5UkQyY1cyU1FHbkVTUWlmeDNSSWlZMA?oc=5\" target=\"_blank\" rel=\"nofollow noopener\">\u017diniasklaida: Putino draugai pagaliau jam pasak\u0117 ties\u0105<\/a>&nbsp;&nbsp;delfi.lt<\/li>\n<li><a href=\"https:\/\/news.google.com\/rss\/articles\/CBMirwFBVV95cUxOeW80dzBZRDNfdzZYZ2xxakFRRjItVldKMmlTZFNJa0FldHAzR0dnMXBYc29rcHVuYXFSa2pnam8tOWx3WDFibEJDdWstTm9RWWROMFpLSl9XYVZRcVptQWU1VWVINHU3cTVXekxtOWluREZLM1RXT1JQTS1fWkZoYjh1Qnloa09WWGdFaGhLR3dGNVlzRkowZElzQVJpNXF2OWQ3Z1R2amliTnNzR0ZJ?oc=5\" target=\"_blank\" rel=\"nofollow noopener\">Kinijos vadovas pasisak\u0117 apie karo Ukrainoje pabaig\u0105<\/a>&nbsp;&nbsp;15min.lt<\/li>\n<li><a href=\"https:\/\/news.google.com\/rss\/articles\/CBMisgFBVV95cUxOS3JIUDljZmZQV0tscXU1XzNZT1hWZlZOMnY1NU5lV19WVWVLTDZvZVZWcHY4SVY1dWVBYU9rNF9FQ291SDMzeHB0VjI2bEluaWxhTGo3UUxVS3dScFpENGcwaGlZbEFOVVJMdlJKVG5JeXBRTER1Q3ExSXJHQmRDNUhPNDVhZ1h5NERUX3B0d19TaWtKdEJvOFRveE8xU3hsdWxRQkpCNTdGREhTbVdEWjFB?oc=5\" target=\"_blank\" rel=\"nofollow noopener\">Modi paragino Putin\u0105 u\u017ebaigti kar\u0105 Ukrainoje<\/a>&nbsp;&nbsp;Diena.lt<\/li>\n<li><a href=\"https:\/\/news.google.com\/rss\/articles\/CBMimAFBVV95cUxPdlMySFg3WWxfNDQzaEQzbHpxVFpndjkxN2pZcF9WUUNWemJHUzhlZE01ZnRPYTZZTTFNM3JKSXF3ZGhDNTBwUUU3U3NGYTlacHh1bUp1STRuS2ZmdGlmQ01nbkQ5QldQbkNCOEFKbUYtUnkwZXVCWG1RamstSERUWTFyUm5NYXFIQWhDTVNxNEl2MTRKXzJiMw?oc=5\" target=\"_blank\" rel=\"nofollow noopener\">[\u017dT] Pekinas prabilo apie karo pabaig\u0105<\/a>&nbsp;&nbsp;Mokslo ir technologij\u0173 pasaulis<\/li>\n<\/ol>\n","protected":false},"excerpt":{"rendered":"Karas Ukrainoje. Putinas pasisak\u0117 apie karo prie\u0161 Ukrain\u0105 pabaig\u0105: \u201eYra vilties\u201c&nbsp;&nbsp;tv3.lt \u017diniasklaida: Putino draugai pagaliau jam pasak\u0117 ties\u0105&nbsp;&nbsp;delfi.lt&hellip;\n","protected":false},"author":2,"featured_media":268068,"comment_status":"","ping_status":"","sticky":false,"template":"","format":"standard","meta":{"footnotes":"","_share_on_mastodon":"0"},"categories":[15],"tags":[38765,25,30,31,57,43,34,35,55,48,24,54,51,49,50,32,33,37,39,36,38,40,45,23,22,44,28,29,53,42,56,47,26,27,41,46,58,74,75,76,52],"class_list":["post-268067","post","type-post","status-publish","format-standard","has-post-thumbnail","category-pasaulis","tag-2026-09-03-070100","tag-antrastes","tag-breaking-news","tag-breakingnews","tag-daiktai","tag-dienos-kronika","tag-featured-news","tag-featurednews","tag-gatves-tekstai","tag-gyvenimas","tag-headlines","tag-interneto-pievos","tag-keliones","tag-kultura","tag-laisvalaikis","tag-latest-news","tag-latestnews","tag-lietuva","tag-lietuviu","tag-lithuania","tag-lithuanian","tag-lt","tag-mokslas-ir-it","tag-naujienos","tag-news","tag-pasaulis","tag-populiariausios-naujienos","tag-populiariausiosnaujienos","tag-projektai","tag-rinktiniai-tekstai","tag-simtmecio-portalas","tag-sportas","tag-top-stories","tag-topstories","tag-tv3-lt","tag-verslas","tag-video","tag-world","tag-world-news","tag-worldnews","tag-zaidimai"],"share_on_mastodon":{"url":"","error":"Validation failed: Text character limit of 500 exceeded"},"_links":{"self":[{"href":"https:\/\/www.europesays.com\/lt\/wp-json\/wp\/v2\/posts\/268067","targetHints":{"allow":["GET"]}}],"collection":[{"href":"https:\/\/www.europesays.com\/lt\/wp-json\/wp\/v2\/posts"}],"about":[{"href":"https:\/\/www.europesays.com\/lt\/wp-json\/wp\/v2\/types\/post"}],"author":[{"embeddable":true,"href":"https:\/\/www.europesays.com\/lt\/wp-json\/wp\/v2\/users\/2"}],"replies":[{"embeddable":true,"href":"https:\/\/www.europesays.com\/lt\/wp-json\/wp\/v2\/comments?post=268067"}],"version-history":[{"count":0,"href":"https:\/\/www.europesays.com\/lt\/wp-json\/wp\/v2\/posts\/268067\/revisions"}],"wp:featuredmedia":[{"embeddable":true,"href":"https:\/\/www.europesays.com\/lt\/wp-json\/wp\/v2\/media\/268068"}],"wp:attachment":[{"href":"https:\/\/www.europesays.com\/lt\/wp-json\/wp\/v2\/media?parent=268067"}],"wp:term":[{"taxonomy":"category","embeddable":true,"href":"https:\/\/www.europesays.com\/lt\/wp-json\/wp\/v2\/categories?post=268067"},{"taxonomy":"post_tag","embeddable":true,"href":"https:\/\/www.europesays.com\/lt\/wp-json\/wp\/v2\/tags?post=268067"}],"curies":[{"name":"wp","href":"https:\/\/api.w.org\/{rel}","templated":true}]}}