{"id":268071,"date":"2026-09-03T08:51:15","date_gmt":"2026-09-03T08:51:15","guid":{"rendered":"https:\/\/www.europesays.com\/lt\/268071\/"},"modified":"2026-09-03T08:51:15","modified_gmt":"2026-09-03T08:51:15","slug":"daliai-gyventoju-nemaloni-zinia-is-lietuvos-banko-vadovo-mokesite-daugiau","status":"publish","type":"post","link":"https:\/\/www.europesays.com\/lt\/268071\/","title":{"rendered":"Daliai gyventoj\u0173 \u2013 nemaloni \u017einia i\u0161 Lietuvos banko vadovo: mok\u0117site daugiau?"},"content":{"rendered":"\n<p>\u201eVisi \u0161iuo metu prieinami duomenys leid\u017eia man manyti, kad labai tik\u0117tina, jog kelsime pal\u016bkanas, ir kad \u0161io rugs\u0117jo k\u0117limo nepakaks\u201c, \u2013 antradien\u012f publikuotame interviu leidiniui \u201eEconostream\u201c sak\u0117 ECB valdybos narys G. \u0160imkus.<\/p>\n<p>\u201eApskritai infliacin\u0117 aplinka sustipr\u0117jo, tod\u0117l argumentai u\u017e k\u0117lim\u0105 yra gana ai\u0161k\u016bs. Mano nuomone, tai leid\u017eia ai\u0161kiai suprasti, kad rugs\u0117j\u012f tur\u0117tume didinti pal\u016bkanas\u201c, \u2013 prid\u016br\u0117 jis.<\/p>\n<p>     G. \u0160imkus: grie\u017etinti pinig\u0173 politik\u0105 lems daug veiksni\u0173 <\/p>\n<p>G. \u0160imkaus teigimu, poreik\u012f papildomai grie\u017etinti pinig\u0173 politik\u0105 lems daug veiksni\u0173.<\/p>\n<p>\u201eAugant gamtini\u0173 duj\u0173 ateities sandori\u0173 kainoms, naftos kainoms i\u0161liekant pana\u0161aus lygio kaip bir\u017eel\u012f, atsi\u017evelgiant \u012f karo Ukrainoje poveik\u012f kvie\u010di\u0173 ir gr\u016bd\u0173 eksportui i\u0161 <a href=\"https:\/\/www.tv3.lt\/rubrika\/naujienos\/uzsienis\/rusija\" target=\"_blank\" class=\"phrase\" rel=\"nofollow noopener\">Rusijos<\/a> bei Ukrainos, bendrai kylan\u010dias \u017eem\u0117s \u016bkio produkt\u0173 (kvie\u010di\u0173, kukur\u016bz\u0173) kainas ir Europos ekonomikai rodant stipr\u0117jimo bei didesnio atsparumo \u017eenklus, tai tur\u0117t\u0173 lemti prognozes, kad pal\u016bkan\u0173 norm\u0173 kreiv\u0117 \u0161iek tiek kils auk\u0161tyn siekiant i\u0161laikyti vidutin\u0117s trukm\u0117s infliacij\u0105 ties 2 proc. riba\u201c, \u2013 ai\u0161kino centrinio banko vadovas.<\/p>\n<p>Vis d\u0117lto jis atmet\u0117 id\u0117j\u0105, kad ECB kit\u0105 savait\u0119 padidins pal\u016bkanas 50 bazini\u0173 punkt\u0173.<\/p>\n<p>Kaip ra\u0161\u0117 BNS, karui Artimuosiuose Rytuose st\u016bmus infliacij\u0105 \u012f vir\u0161\u0173 bir\u017eel\u012f ECB pirm\u0105 kart\u0105 nuo 2023 met\u0173 padidino bazines pal\u016bkan\u0173 normas.\u00a0Liepos pabaigoje bankas j\u0173 nepakeit\u0117.\u00a0<\/p>\n<p>Tuomet G. \u0160imkus irgi teig\u0117 manantis, kad rugs\u0117j\u012f pal\u016bkanos tur\u0117t\u0173 b\u016bti padidintos.<\/p>\n<p>\n                                        \u0160altinis:<br \/>\n                                                                                    BNS\n                                                                                <\/p>\n<p><a href=\"https:\/\/www.indeliai.lt\/\" target=\"_blank\" rel=\"nofollow noopener\"><img decoding=\"async\" alt=\"indeliai.lt\" src=\"https:\/\/www.europesays.com\/lt\/wp-content\/uploads\/2026\/09\/1788425475_994_Indeliainew.jpg\" style=\"width: 100%; max-height: 250px; max-width: 800px\" \/><\/a><\/p>\n","protected":false},"excerpt":{"rendered":"\u201eVisi \u0161iuo metu prieinami duomenys leid\u017eia man manyti, kad labai tik\u0117tina, jog kelsime pal\u016bkanas, ir kad \u0161io rugs\u0117jo&hellip;\n","protected":false},"author":2,"featured_media":268072,"comment_status":"","ping_status":"","sticky":false,"template":"","format":"standard","meta":{"footnotes":"","_share_on_mastodon":"0"},"categories":[17],"tags":[38771,81,57,43,55,48,54,51,49,50,37,39,36,38,40,45,23,44,53,42,56,47,41,46,58,52],"class_list":["post-268071","post","type-post","status-publish","format-standard","has-post-thumbnail","category-verslas","tag-2026-09-03-110204","tag-business","tag-daiktai","tag-dienos-kronika","tag-gatves-tekstai","tag-gyvenimas","tag-interneto-pievos","tag-keliones","tag-kultura","tag-laisvalaikis","tag-lietuva","tag-lietuviu","tag-lithuania","tag-lithuanian","tag-lt","tag-mokslas-ir-it","tag-naujienos","tag-pasaulis","tag-projektai","tag-rinktiniai-tekstai","tag-simtmecio-portalas","tag-sportas","tag-tv3-lt","tag-verslas","tag-video","tag-zaidimai"],"share_on_mastodon":{"url":"https:\/\/pubeurope.com\/@lt\/117206259565856375","error":""},"_links":{"self":[{"href":"https:\/\/www.europesays.com\/lt\/wp-json\/wp\/v2\/posts\/268071","targetHints":{"allow":["GET"]}}],"collection":[{"href":"https:\/\/www.europesays.com\/lt\/wp-json\/wp\/v2\/posts"}],"about":[{"href":"https:\/\/www.europesays.com\/lt\/wp-json\/wp\/v2\/types\/post"}],"author":[{"embeddable":true,"href":"https:\/\/www.europesays.com\/lt\/wp-json\/wp\/v2\/users\/2"}],"replies":[{"embeddable":true,"href":"https:\/\/www.europesays.com\/lt\/wp-json\/wp\/v2\/comments?post=268071"}],"version-history":[{"count":0,"href":"https:\/\/www.europesays.com\/lt\/wp-json\/wp\/v2\/posts\/268071\/revisions"}],"wp:featuredmedia":[{"embeddable":true,"href":"https:\/\/www.europesays.com\/lt\/wp-json\/wp\/v2\/media\/268072"}],"wp:attachment":[{"href":"https:\/\/www.europesays.com\/lt\/wp-json\/wp\/v2\/media?parent=268071"}],"wp:term":[{"taxonomy":"category","embeddable":true,"href":"https:\/\/www.europesays.com\/lt\/wp-json\/wp\/v2\/categories?post=268071"},{"taxonomy":"post_tag","embeddable":true,"href":"https:\/\/www.europesays.com\/lt\/wp-json\/wp\/v2\/tags?post=268071"}],"curies":[{"name":"wp","href":"https:\/\/api.w.org\/{rel}","templated":true}]}}