{"id":268077,"date":"2026-09-03T08:54:13","date_gmt":"2026-09-03T08:54:13","guid":{"rendered":"https:\/\/www.europesays.com\/lt\/268077\/"},"modified":"2026-09-03T08:54:13","modified_gmt":"2026-09-03T08:54:13","slug":"policija-siuncia-skubia-zinia-visiems-lietuvos-gyventojams-isidemekite","status":"publish","type":"post","link":"https:\/\/www.europesays.com\/lt\/268077\/","title":{"rendered":"Policija siun\u010dia skubi\u0105 \u017eini\u0105 visiems Lietuvos gyventojams: \u012fsid\u0117m\u0117kite"},"content":{"rendered":"\n<p>Vilniaus apskrities <a href=\"https:\/\/www.tv3.lt\/gaires\/policija\" target=\"_blank\" rel=\"nofollow noopener\">policija<\/a> socialiniame tinkle \u201eFacebook\u201c vairuotojams primena pagrindines saugaus elgesio kelyje taisykles ir ragina nepamir\u0161ti, kad ma\u017eieji eismo dalyviai ne visuomet gali tinkamai \u012fvertinti pavoj\u0173.<\/p>\n<p>  Policija siun\u010dia \u017eini\u0105 vairuotojams <\/p>\n<p>Policija taip pat atkreipia d\u0117mes\u012f \u012f vaik\u0173 ve\u017eim\u0105 automobiliu bei situacijas, kai vaikai \u012flipa \u012f mokyklinius autobusus ar i\u0161 j\u0173 i\u0161lipa.<\/p>\n<p>\u201eVaikams sugr\u012f\u017eus \u012f mokyklas, vairuotojams svarbu b\u016bti ypatingai atidiems ir atsargiems kelyje.<\/p>\n<p>Pamat\u0119 kelio \u017eenkl\u0105 \u201eVaikai\u201c, suma\u017einkite greit\u012f \u2013 \u0161iame ruo\u017ee gali pasirodyti ma\u017eieji eismo dalyviai.<\/p>\n<p>B\u016bkite pasiruo\u0161\u0119 sustoti, ypa\u010d va\u017eiuodami pro vietas, kur b\u016briuojasi vaikai, taip pat prie mokyklini\u0173 autobus\u0173, kai vaikai \u012flipa ar i\u0161lipa.<\/p>\n<p>Vaikus, \u017eemesnius nei 135 cm, ve\u017ekite tik j\u0173 \u016bgiui ir svoriui pritaikytose specialiose k\u0117dut\u0117se.<\/p>\n<p>Pasir\u016bpinkite, kad vaikai \u012f automobil\u012f \u012flipt\u0173 ir i\u0161 jo i\u0161lipt\u0173 tik i\u0161 \u0161aligatvio ar kelkra\u0161\u010dio pus\u0117s.<\/p>\n<p>Gyvenamojoje zonoje, daugiabu\u010di\u0173 kiemuose ir stov\u0117jimo aik\u0161tel\u0117se p\u0117stieji turi pirmumo teis\u0119 prie\u0161 <a href=\"https:\/\/www.tv3.lt\/rubrika\/naujienos\/verslas\/transportas\" target=\"_blank\" class=\"phrase\" rel=\"nofollow noopener\">transporto<\/a> priemones.<\/p>\n<p>Va\u017eiuodami atbuline eiga visada privalote duoti keli\u0105 p\u0117stiesiems.<\/p>\n<p>Saugus kelias \u012f mokykl\u0105 prasideda nuo m\u016bs\u0173 vis\u0173 atidumo!\u201c \u2013 ra\u0161oma \u012fra\u0161e.<\/p>\n","protected":false},"excerpt":{"rendered":"Vilniaus apskrities policija socialiniame tinkle \u201eFacebook\u201c vairuotojams primena pagrindines saugaus elgesio kelyje taisykles ir ragina nepamir\u0161ti, kad ma\u017eieji&hellip;\n","protected":false},"author":2,"featured_media":268078,"comment_status":"","ping_status":"","sticky":false,"template":"","format":"standard","meta":{"footnotes":"","_share_on_mastodon":"0"},"categories":[6],"tags":[38772,25,30,31,57,43,34,35,55,48,24,54,51,49,50,32,33,37,39,36,38,40,45,23,22,44,28,29,53,42,56,47,26,27,41,46,58,52],"class_list":["post-268077","post","type-post","status-publish","format-standard","has-post-thumbnail","category-antrastes","tag-2026-09-03-095000","tag-antrastes","tag-breaking-news","tag-breakingnews","tag-daiktai","tag-dienos-kronika","tag-featured-news","tag-featurednews","tag-gatves-tekstai","tag-gyvenimas","tag-headlines","tag-interneto-pievos","tag-keliones","tag-kultura","tag-laisvalaikis","tag-latest-news","tag-latestnews","tag-lietuva","tag-lietuviu","tag-lithuania","tag-lithuanian","tag-lt","tag-mokslas-ir-it","tag-naujienos","tag-news","tag-pasaulis","tag-populiariausios-naujienos","tag-populiariausiosnaujienos","tag-projektai","tag-rinktiniai-tekstai","tag-simtmecio-portalas","tag-sportas","tag-top-stories","tag-topstories","tag-tv3-lt","tag-verslas","tag-video","tag-zaidimai"],"share_on_mastodon":{"url":"","error":"Validation failed: Text character limit of 500 exceeded"},"_links":{"self":[{"href":"https:\/\/www.europesays.com\/lt\/wp-json\/wp\/v2\/posts\/268077","targetHints":{"allow":["GET"]}}],"collection":[{"href":"https:\/\/www.europesays.com\/lt\/wp-json\/wp\/v2\/posts"}],"about":[{"href":"https:\/\/www.europesays.com\/lt\/wp-json\/wp\/v2\/types\/post"}],"author":[{"embeddable":true,"href":"https:\/\/www.europesays.com\/lt\/wp-json\/wp\/v2\/users\/2"}],"replies":[{"embeddable":true,"href":"https:\/\/www.europesays.com\/lt\/wp-json\/wp\/v2\/comments?post=268077"}],"version-history":[{"count":0,"href":"https:\/\/www.europesays.com\/lt\/wp-json\/wp\/v2\/posts\/268077\/revisions"}],"wp:featuredmedia":[{"embeddable":true,"href":"https:\/\/www.europesays.com\/lt\/wp-json\/wp\/v2\/media\/268078"}],"wp:attachment":[{"href":"https:\/\/www.europesays.com\/lt\/wp-json\/wp\/v2\/media?parent=268077"}],"wp:term":[{"taxonomy":"category","embeddable":true,"href":"https:\/\/www.europesays.com\/lt\/wp-json\/wp\/v2\/categories?post=268077"},{"taxonomy":"post_tag","embeddable":true,"href":"https:\/\/www.europesays.com\/lt\/wp-json\/wp\/v2\/tags?post=268077"}],"curies":[{"name":"wp","href":"https:\/\/api.w.org\/{rel}","templated":true}]}}