{"id":268147,"date":"2026-09-03T10:04:47","date_gmt":"2026-09-03T10:04:47","guid":{"rendered":"https:\/\/www.europesays.com\/lt\/268147\/"},"modified":"2026-09-03T10:04:47","modified_gmt":"2026-09-03T10:04:47","slug":"meteorologai-pateike-audros-skaicius-to-dar-nebuvo","status":"publish","type":"post","link":"https:\/\/www.europesays.com\/lt\/268147\/","title":{"rendered":"Meteorologai pateik\u0117 audros skai\u010dius: to dar nebuvo"},"content":{"rendered":"<p>\u201e2026 m. rugpj\u016b\u010dio 22 d. audra pasi\u017eym\u0117jo itin stipriais v\u0117jais, gausiais krituliais, perk\u016bnijomis bei labai pla\u010dia apr\u0117ptimi: reik\u0161mingi padariniai fiksuoti ne tik Lietuvoje, bet ir visame Baltijos regione. \u0160io vasarin\u0117s audros poveik\u012f sustiprino ir tai, kad med\u017eiai buvo su lapais, o stiprus v\u0117jas buvo senokai.<\/p>\n<p>Paprastai \u0161iltuoju met\u0173 laikotarpiu daugiausia \u017ealos padaro \u0161kvaliniai v\u0117jai, nulemti konvekcijos. Tokie v\u0117jai paprastai apima nedidel\u0119 Lietuvos teritorijos. Tuo tarpu rugpj\u016b\u010dio 22 d. audra buvo nulemta gilaus pietinio ciklono ir gradientini\u0173 v\u0117j\u0173, o tokio tipo v\u0117jai kur kas labiau b\u016bdingi \u0161altajam met\u0173 laikotarpiui\u201c, \u2013 ra\u0161o meteo.lt.<\/p>\n<p>\u0160ios audros metu penkiose meteorologijos stotyse pasiekti nauji vasaros v\u0117jo grei\u010dio rekordai: Dotnuva 22,8 m\/s, Lazdijai 24,3 m\/s (stichinis), Roki\u0161kis 25,2 m\/s (stichinis), Vent\u0117 33,1 m\/s (katastrofinis) ir V\u0117\u017eai\u010diai 22,7 m\/s.<\/p>\n<p> <a href=\"https:\/\/s1.15min.lt\/images\/photos\/2026\/09\/02\/original\/791923090_1645870650463927_4534241823929846118_n-6a9812a9710f0.jpg\" rel=\"content-image nofollow noopener\" title=\"\" target=\"_blank\"><img decoding=\"async\" alt=\"\" rel=\"content-image\" src=\"https:\/\/www.europesays.com\/lt\/wp-content\/uploads\/2026\/09\/791923090_1645870650463927_4534241823929846118_n-6a9812a9710f0.jpg\" style=\"width: auto; height: auto;\"\/><\/a>   <\/p>\n<p>Pagal turimus nuo 1970 m. v\u0117jo duomenis 2026 m. rugpj\u016b\u010dio 22 d. audra buvo vienintel\u0117 audra vasar\u0105, kai pavojingas ir stipresnis v\u0117jas registruotas visose v\u0117jo parametrus matuojan\u010diose meteorologijos stotyse.<\/p>\n<p>Iki \u0161iol did\u017eiojoje \u0161alies dalyje vasar\u0105 fiksuoti stipr\u016bs v\u0117jai:<\/p>\n<p>1994-06-23 pavojingas v\u0117jas registruotas 17 i\u0161 tuo metu v\u0117jus matavusi\u0173 18 meteorologijos sto\u010di\u0173, maksimalus v\u0117jo greitis 22 m\/s registruotas Klaip\u0117doje;<\/p>\n<p>2024-07-28\/29 stipr\u016bs v\u0117jai fiksuoti 25 i\u0161 26 meteorologijos sto\u010di\u0173, Panev\u0117\u017eyje registruotas stichinis v\u0117jo greitis (26 m\/s).<\/p>\n<p>2025-06-29 pavojingas v\u0117jas registruotas 24 i\u0161 26 meteorologijos sto\u010di\u0173, maksimalus v\u0117jo greitis 20 m\/s Vent\u0117je.<\/p>\n<p>\u0160i audra taip pat pasi\u017eym\u0117jo ir dideliu krituli\u0173 kiekiu: 11-oje meteorologijos sto\u010di\u0173 ir 3-ose vandens matavimo stotyse buvo registruoti stichiniai liet\u016bs, \u0160ilut\u0117je registruotas katastrofinis lietus, dar 15-oje sto\u010di\u0173 \u2013 pavojingas lietus. Gausiausi krituliai buvo registruoti vakarin\u0117je Lietuvos dalyje.<\/p>\n<p>Pana\u0161i audra buvo ir 2024 m. liep\u0105, ta\u010diau tuomet nors pavojing\u0173 ir stichini\u0173 krituli\u0173 buvo daugiau, maksimalus v\u0117jo g\u016bsiai buvo ma\u017eesni.<\/p>\n","protected":false},"excerpt":{"rendered":"\u201e2026 m. rugpj\u016b\u010dio 22 d. audra pasi\u017eym\u0117jo itin stipriais v\u0117jais, gausiais krituliais, perk\u016bnijomis bei labai pla\u010dia apr\u0117ptimi: reik\u0161mingi&hellip;\n","protected":false},"author":2,"featured_media":268148,"comment_status":"","ping_status":"","sticky":false,"template":"","format":"standard","meta":{"footnotes":"","_share_on_mastodon":"0"},"categories":[13],"tags":[25,30,31,34,35,24,32,33,37,39,36,38,40,23,22,28,29,26,27],"class_list":["post-268147","post","type-post","status-publish","format-standard","has-post-thumbnail","category-lietuva","tag-antrastes","tag-breaking-news","tag-breakingnews","tag-featured-news","tag-featurednews","tag-headlines","tag-latest-news","tag-latestnews","tag-lietuva","tag-lietuviu","tag-lithuania","tag-lithuanian","tag-lt","tag-naujienos","tag-news","tag-populiariausios-naujienos","tag-populiariausiosnaujienos","tag-top-stories","tag-topstories"],"share_on_mastodon":{"url":"https:\/\/pubeurope.com\/@lt\/117206546612225000","error":""},"_links":{"self":[{"href":"https:\/\/www.europesays.com\/lt\/wp-json\/wp\/v2\/posts\/268147","targetHints":{"allow":["GET"]}}],"collection":[{"href":"https:\/\/www.europesays.com\/lt\/wp-json\/wp\/v2\/posts"}],"about":[{"href":"https:\/\/www.europesays.com\/lt\/wp-json\/wp\/v2\/types\/post"}],"author":[{"embeddable":true,"href":"https:\/\/www.europesays.com\/lt\/wp-json\/wp\/v2\/users\/2"}],"replies":[{"embeddable":true,"href":"https:\/\/www.europesays.com\/lt\/wp-json\/wp\/v2\/comments?post=268147"}],"version-history":[{"count":0,"href":"https:\/\/www.europesays.com\/lt\/wp-json\/wp\/v2\/posts\/268147\/revisions"}],"wp:featuredmedia":[{"embeddable":true,"href":"https:\/\/www.europesays.com\/lt\/wp-json\/wp\/v2\/media\/268148"}],"wp:attachment":[{"href":"https:\/\/www.europesays.com\/lt\/wp-json\/wp\/v2\/media?parent=268147"}],"wp:term":[{"taxonomy":"category","embeddable":true,"href":"https:\/\/www.europesays.com\/lt\/wp-json\/wp\/v2\/categories?post=268147"},{"taxonomy":"post_tag","embeddable":true,"href":"https:\/\/www.europesays.com\/lt\/wp-json\/wp\/v2\/tags?post=268147"}],"curies":[{"name":"wp","href":"https:\/\/api.w.org\/{rel}","templated":true}]}}