{"id":268151,"date":"2026-09-03T10:13:10","date_gmt":"2026-09-03T10:13:10","guid":{"rendered":"https:\/\/www.europesays.com\/lt\/268151\/"},"modified":"2026-09-03T10:13:10","modified_gmt":"2026-09-03T10:13:10","slug":"v-zelenskiui-dovana-kurios-atsisakyti-negalejo-suniuko-istorija-neeiline","status":"publish","type":"post","link":"https:\/\/www.europesays.com\/lt\/268151\/","title":{"rendered":"V. Zelenskiui \u2013 dovana, kurios atsisakyti negal\u0117jo: \u0161uniuko istorija neeilin\u0117"},"content":{"rendered":"<p>V. Zelenskis Kyjive buvo nufilmuotas gl\u0117byje laikantis \u0161uniuk\u0105, j\u012f glostantis ir meiliai kalbinantis. \u0160is epizodas tapo ne\u012fprastu vaizdu prezidento kasdienyb\u0117je, ta\u010diau u\u017e mielos scenos slypi ir simbolin\u0117 \u017einut\u0117,\u00a0skelbia \u201eAssociated Press\u201c (AP).<\/p>\n<p>T. Crawfordas, ilgametis Ukrainos r\u0117m\u0117jas ir amerikie\u010di\u0173 pitbulterjer\u0173 gerb\u0117jas, prezidentui perdav\u0117 rausvai gelsv\u0105 kalyt\u0119. Kelioms minut\u0117ms politin\u0117 \u012ftampa, karas ir geopolitika u\u017eleido viet\u0105 \u0161uniukui, meilumui ir simboliams, siejamiems su atsparumu bei apsauga.<\/p>\n<p>Mielas \u0161uniukas slepia rimt\u0105 istorij\u0105<\/p>\n<p>Politikos pasaulyje seniai gyvuoja posakis: jei nori draugo, \u012fsigyk \u0161un\u012f. V. Zelenskis, slegiamas karo ir politini\u0173 i\u0161\u0161\u016bki\u0173, \u0161\u012fkart, regis, sulauk\u0117 abiej\u0173.<\/p>\n<p>Prezidentas \u0161ypsojosi, glost\u0117 \u0161uniuk\u0105 ir laik\u0117 j\u012f prisiglaudus\u012f prie sav\u0119s. Jam buvo paai\u0161kinta, kad kalyt\u0117 pavadinta Freya \u2013 pagal Ukrainos ir Europos partneri\u0173 kuriam\u0105 prie\u0161balistini\u0173 raket\u0173 gynybos sistem\u0105 \u201eFreyja\u201c.<\/p>\n<p>\u0160uniuko istorija taip pat neeilin\u0117. V. Zelenskiui buvo papasakota, kad Freyos senelis Athosas i\u0161gyveno 2022 metais vykusi\u0105 Rusijos kariuomen\u0117s apsiaust\u012f Bu\u010doje.<\/p>\n<p>\u201ePrezidentas pasak\u0117, kad priims Frey\u0105\u201c, \u2013 sak\u0117 Ukrainos jaunimo ir sporto ministro patar\u0117jas Vadymas Danylchenko, pad\u0117j\u0119s organizuoti susitikim\u0105.<\/p>\n<p>Politiniu ir kult\u016briniu po\u017ei\u016briu atsisakyti tokios dovanos b\u016bt\u0173 buv\u0119 sud\u0117tinga. Gyv\u016bnai per ketverius karo metus tapo vienu i\u0161 Ukrainos atsparumo simboli\u0173. \u0160\u012fkart prezidentui amerikieti\u0161k\u0105 \u0161un\u0173 veisl\u0119 perdav\u0117 amerikie\u010di\u0173 sporto legenda, o V. Zelenskis dovan\u0105 pri\u0117m\u0117.<\/p>\n<p>Freyos senelis Athosas i\u0161gyveno Rusijos kariuomen\u0117s vykdyt\u0105 smurt\u0105 Bu\u010doje. Pasak V. Danylchenko, \u0161uo buvo rastas gatv\u0117je, kurioje Ukrainos paj\u0117gos sunaikino didel\u0119 Rusijos kariuomen\u0117s kolon\u0105.<\/p>\n<p>V\u0117liau, padedant gyv\u016bn\u0173 gelb\u0117tojams, Athosas pateko pas T. Crawfordo draug\u0105 Francisco Lopez\u0105 \u2013 profesional\u0173 veis\u0117j\u0105 ir ilgamet\u012f Ukrainos r\u0117m\u0117j\u0105 Jungtin\u0117se Valstijose.<\/p>\n<p>Athoso dukra liko Ukrainoje. F. Lopezas \u012f \u0161al\u012f atskraidino su ja nesusijus\u012f patin\u0105, kad \u0161ie gal\u0117t\u0173 susiporuoti. Taip gim\u0117 Freya.<\/p>\n<p>\u0160uniuko vardas \u2013 neatsitiktinis<\/p>\n<p>Freyos vardas Ukrainoje turi ypating\u0105 reik\u0161m\u0119. Jis siejamas su b\u016bsimu prie\u0161balistini\u0173 raket\u0173 gynybos projektu \u201eFreyja\u201c, kur\u012f Ukraina kuria kartu su Europos \u0161alimis.<\/p>\n<p>\u0160io projekto svarba ypa\u010d i\u0161ry\u0161k\u0117ja Ukrainai susiduriant su oro gynybos raket\u0173, ypa\u010d amerikieti\u0161k\u0173 \u201ePatriot\u201c sistemos per\u0117m\u0117j\u0173, tr\u016bkumu.<\/p>\n<p>\u201eTerence&#8217;as i\u0161 tikr\u0173j\u0173 labai nor\u0117jo padovanoti prezidentui b\u016btent \u0161i\u0105 kalyt\u0119\u201c, \u2013 sak\u0117 V. Danylchenko. Jis pripa\u017eino, kad i\u0161 prad\u017ei\u0173 nebuvo link\u0119s pritarti tokiai dovanai, nes augintinis prezidentui rei\u0161kia ir nema\u017e\u0105 atsakomyb\u0119.<\/p>\n<p>\u201eJie pavadino j\u0105 Freya. Akivaizdu, kad m\u016bs\u0173 \u0161alies ateities po\u017ei\u016briu tai buvo svarbu\u201c, \u2013 prid\u016br\u0117 jis.<\/p>\n<p>Pasak V. Danylchenko, \u0161uniukas simbolizuoja ir jo \u0161eimos istorij\u0105.<\/p>\n<p>\u201e\u0160i ma\u017eyl\u0117 yra simbolis to, kad jos senelis i\u0161gyveno ir buvo tiesioginis Bu\u010dos \u012fvyki\u0173 liudininkas. Tod\u0117l tai buvo labai simboli\u0161ka\u201c, \u2013 sak\u0117 jis.<\/p>\n","protected":false},"excerpt":{"rendered":"V. Zelenskis Kyjive buvo nufilmuotas gl\u0117byje laikantis \u0161uniuk\u0105, j\u012f glostantis ir meiliai kalbinantis. \u0160is epizodas tapo ne\u012fprastu vaizdu&hellip;\n","protected":false},"author":2,"featured_media":268152,"comment_status":"","ping_status":"","sticky":false,"template":"","format":"standard","meta":{"footnotes":"","_share_on_mastodon":"0"},"categories":[15],"tags":[25,30,31,34,35,24,32,33,37,39,36,38,40,23,22,44,28,29,26,27,74,75,76],"class_list":["post-268151","post","type-post","status-publish","format-standard","has-post-thumbnail","category-pasaulis","tag-antrastes","tag-breaking-news","tag-breakingnews","tag-featured-news","tag-featurednews","tag-headlines","tag-latest-news","tag-latestnews","tag-lietuva","tag-lietuviu","tag-lithuania","tag-lithuanian","tag-lt","tag-naujienos","tag-news","tag-pasaulis","tag-populiariausios-naujienos","tag-populiariausiosnaujienos","tag-top-stories","tag-topstories","tag-world","tag-world-news","tag-worldnews"],"share_on_mastodon":{"url":"https:\/\/pubeurope.com\/@lt\/117206581573775400","error":""},"_links":{"self":[{"href":"https:\/\/www.europesays.com\/lt\/wp-json\/wp\/v2\/posts\/268151","targetHints":{"allow":["GET"]}}],"collection":[{"href":"https:\/\/www.europesays.com\/lt\/wp-json\/wp\/v2\/posts"}],"about":[{"href":"https:\/\/www.europesays.com\/lt\/wp-json\/wp\/v2\/types\/post"}],"author":[{"embeddable":true,"href":"https:\/\/www.europesays.com\/lt\/wp-json\/wp\/v2\/users\/2"}],"replies":[{"embeddable":true,"href":"https:\/\/www.europesays.com\/lt\/wp-json\/wp\/v2\/comments?post=268151"}],"version-history":[{"count":0,"href":"https:\/\/www.europesays.com\/lt\/wp-json\/wp\/v2\/posts\/268151\/revisions"}],"wp:featuredmedia":[{"embeddable":true,"href":"https:\/\/www.europesays.com\/lt\/wp-json\/wp\/v2\/media\/268152"}],"wp:attachment":[{"href":"https:\/\/www.europesays.com\/lt\/wp-json\/wp\/v2\/media?parent=268151"}],"wp:term":[{"taxonomy":"category","embeddable":true,"href":"https:\/\/www.europesays.com\/lt\/wp-json\/wp\/v2\/categories?post=268151"},{"taxonomy":"post_tag","embeddable":true,"href":"https:\/\/www.europesays.com\/lt\/wp-json\/wp\/v2\/tags?post=268151"}],"curies":[{"name":"wp","href":"https:\/\/api.w.org\/{rel}","templated":true}]}}