{"id":268191,"date":"2026-09-03T10:47:12","date_gmt":"2026-09-03T10:47:12","guid":{"rendered":"https:\/\/www.europesays.com\/lt\/268191\/"},"modified":"2026-09-03T10:47:12","modified_gmt":"2026-09-03T10:47:12","slug":"dar-vienas-incidentas-vilniaus-autobuse-keleive-atsidure-ligonineje","status":"publish","type":"post","link":"https:\/\/www.europesays.com\/lt\/268191\/","title":{"rendered":"Dar vienas incidentas Vilniaus autobuse: keleiv\u0117 atsid\u016br\u0117 ligonin\u0117je"},"content":{"rendered":"<p class=\"wp-block-paragraph\">Tre\u010diadienio popiet\u0119 Vilniuje staigiai stabdant autobus\u0105, susi\u017ealojo juo vykusi keleiv\u0117.<\/p>\n<p class=\"wp-block-paragraph\">Kaip prane\u0161\u0117 sostin\u0117s <a style=\"font-weight:bold;\" href=\"https:\/\/madeinvilnius.lt\/tema\/policija\/\" target=\"_blank\" rel=\"nofollow noopener\">policija<\/a>, nelaim\u0117 \u012fvyko apie 17.41 val. Laisv\u0117s prospekto ir Rygos gatv\u0117s sankry\u017eoje.<\/p>\n<p class=\"wp-block-paragraph\">Pirminiais duomenimis, autobusui \u201eSolaris\u201c, kur\u012f vairavo 1971 metais gim\u0119s vyras, staigiai stabdant, jame nukrito ir susi\u017ealojo keleiv\u0117, gimusi 1976 metais.<\/p>\n<p>Skaitykite taip pat<a class=\"miv-ax-rel-link\" href=\"https:\/\/madeinvilnius.lt\/verslas\/vilniaus-rinka\/lidl-ruosiasi-dideliems-pokyciams-gali-nebereiketi-skenuoti-prekiu\/\" rel=\"nofollow noopener\" target=\"_blank\">\u201eLidl\u201c ruo\u0161iasi dideliems poky\u010diams: gali nebereik\u0117ti skenuoti preki\u0173<\/a><a class=\"miv-ax-rel-link\" href=\"https:\/\/madeinvilnius.lt\/verslas\/vilniaus-rinka\/lietuvoje-zlugo-dar-viena-finansu-imone-teismas-iskele-bankroto-byla\/\" rel=\"nofollow noopener\" target=\"_blank\">Lietuvoje \u017elugo dar viena finans\u0173 \u012fmon\u0117: teismas i\u0161k\u0117l\u0117 bankroto byl\u0105<\/a><\/p>\n<p class=\"wp-block-paragraph\">Nukent\u0117jusioji d\u0117l patirt\u0173 su\u017ealojim\u0173 paguldyta \u012f ligonin\u0119.\u00a0<\/p>\n<p class=\"wp-block-paragraph\">Policija prad\u0117jo ikiteismin\u012f tyrim\u0105 d\u0117l keli\u0173 transporto eismo saugumo ar transporto priemoni\u0173 eksploatavimo taisykli\u0173 pa\u017eeidimo.<\/p>\n","protected":false},"excerpt":{"rendered":"Tre\u010diadienio popiet\u0119 Vilniuje staigiai stabdant autobus\u0105, susi\u017ealojo juo vykusi keleiv\u0117. Kaip prane\u0161\u0117 sostin\u0117s policija, nelaim\u0117 \u012fvyko apie 17.41&hellip;\n","protected":false},"author":2,"featured_media":268192,"comment_status":"","ping_status":"","sticky":false,"template":"","format":"standard","meta":{"footnotes":"","_share_on_mastodon":"0"},"categories":[6],"tags":[25,5626,30,31,34,35,24,32,33,37,39,36,38,40,65,23,22,28,29,26,27,5627],"class_list":["post-268191","post","type-post","status-publish","format-standard","has-post-thumbnail","category-antrastes","tag-antrastes","tag-autobusai","tag-breaking-news","tag-breakingnews","tag-featured-news","tag-featurednews","tag-headlines","tag-latest-news","tag-latestnews","tag-lietuva","tag-lietuviu","tag-lithuania","tag-lithuanian","tag-lt","tag-naujiena","tag-naujienos","tag-news","tag-populiariausios-naujienos","tag-populiariausiosnaujienos","tag-top-stories","tag-topstories","tag-vilniaus-viesasis-transportas"],"share_on_mastodon":{"url":"https:\/\/pubeurope.com\/@lt\/117206715398260946","error":""},"_links":{"self":[{"href":"https:\/\/www.europesays.com\/lt\/wp-json\/wp\/v2\/posts\/268191","targetHints":{"allow":["GET"]}}],"collection":[{"href":"https:\/\/www.europesays.com\/lt\/wp-json\/wp\/v2\/posts"}],"about":[{"href":"https:\/\/www.europesays.com\/lt\/wp-json\/wp\/v2\/types\/post"}],"author":[{"embeddable":true,"href":"https:\/\/www.europesays.com\/lt\/wp-json\/wp\/v2\/users\/2"}],"replies":[{"embeddable":true,"href":"https:\/\/www.europesays.com\/lt\/wp-json\/wp\/v2\/comments?post=268191"}],"version-history":[{"count":0,"href":"https:\/\/www.europesays.com\/lt\/wp-json\/wp\/v2\/posts\/268191\/revisions"}],"wp:featuredmedia":[{"embeddable":true,"href":"https:\/\/www.europesays.com\/lt\/wp-json\/wp\/v2\/media\/268192"}],"wp:attachment":[{"href":"https:\/\/www.europesays.com\/lt\/wp-json\/wp\/v2\/media?parent=268191"}],"wp:term":[{"taxonomy":"category","embeddable":true,"href":"https:\/\/www.europesays.com\/lt\/wp-json\/wp\/v2\/categories?post=268191"},{"taxonomy":"post_tag","embeddable":true,"href":"https:\/\/www.europesays.com\/lt\/wp-json\/wp\/v2\/tags?post=268191"}],"curies":[{"name":"wp","href":"https:\/\/api.w.org\/{rel}","templated":true}]}}