{"id":268197,"date":"2026-09-03T10:51:04","date_gmt":"2026-09-03T10:51:04","guid":{"rendered":"https:\/\/www.europesays.com\/lt\/268197\/"},"modified":"2026-09-03T10:51:04","modified_gmt":"2026-09-03T10:51:04","slug":"perspeja-del-elektros-kainos-rugseji-gali-brangti-perpus-2","status":"publish","type":"post","link":"https:\/\/www.europesays.com\/lt\/268197\/","title":{"rendered":"Persp\u0117ja d\u0117l elektros kainos rugs\u0117j\u012f: gali brangti perpus"},"content":{"rendered":"<p>Rugpj\u016bt\u012f elektros kaina bir\u017eoje Lietuvoje paaugo apie 6 proc. ir siek\u0117 80 eur\u0173 u\u017e megavatvaland\u0119. Ekspertai prognozuoja, kad rugs\u0117j\u012f kaina gali \u0161oktel\u0117ti perpus, apie 50 proc. Tok\u012f augim\u0105 lems ma\u017e\u0117janti atsinaujinan\u010di\u0173 \u0161altini\u0173 generacija, ribojamas pigesn\u0117s elektros importas ir brangstanti i\u0161kastinio kuro gamyba.<\/p>\n<p>Rugpj\u016bt\u012f elektros energijos kainas Lietuvoje, kaip ir ankstesniais vasaros m\u0117nesiais, daugiausia veik\u0117 orai ir j\u0173 \u012ftaka atsinaujinan\u010dios energijos \u0161altini\u0173 gamybai. Kainai \u012ftakos tur\u0117jo ir tarpvalstybin\u0117s elektros energijos perdavimo jungtys.<\/p>\n<p>Nors pra\u0117jus\u012f m\u0117nes\u012f Lietuvoje netr\u016bko krituli\u0173, v\u0117jo ir saul\u0117s elektrin\u0117s elektros pagamino ma\u017eiau nei liep\u0105. I\u0161 atsinaujinan\u010di\u0173 \u0161altini\u0173 pagamintos elektros kiekis, palyginti su liepa, suma\u017e\u0117jo 7 proc. Ma\u017eesn\u0117 vietin\u0117 generacija rei\u0161k\u0117 ir didesn\u012f poreik\u012f elektr\u0105 importuoti arba j\u0105 gaminti brangesniais \u0161altiniais.<\/p>\n<p>Prie pigesn\u0117s elektros pasi\u016blos ma\u017e\u0117jimo prisid\u0117jo ir planiniai tarpvalstybini\u0173 elektros energijos perdavimo jung\u010di\u0173 remonto darbai. Jie ribojo pigesn\u0117s suomi\u0161kos elektros patekim\u0105 \u012f Baltijos \u0161alis, tod\u0117l Lietuv\u0105 pasiek\u0117 ma\u017eesn\u0117 dalis regione pagaminamos pigios elektros.<\/p>\n<p>\u201e\u0160\u012f rugpj\u016bt\u012f elektros energijos kaina susiformavo prakti\u0161kai tame pa\u010diame lygyje kaip ir tuo pa\u010diu metu pra\u0117jusiais metais. Ma\u017e\u0117jusi gamyba atsinaujinan\u010diais \u0161altiniais, ma\u017eiau pigios elektros energijos i\u0161 Suomijos ir rezultatas \u2013 \u0161iek tiek brangesn\u0117 kaina bir\u017eoje.<\/p>\n<p><img loading=\"lazy\" decoding=\"async\" class=\"wp-image-814683 size-large\" src=\"https:\/\/www.europesays.com\/lt\/wp-content\/uploads\/2026\/09\/S.-Jasiulis-Enefit-1024x684.jpg\" alt=\"\" width=\"1024\" height=\"684\"  \/>S. Jasiulis.<\/p>\n<p>Nepaisant to, tur\u0117jome ir pigesn\u0117s elektros kainos interval\u0173 bir\u017eoje. Bendraudami su klientais nuolat konsultuojame, kad jei turite su bir\u017ea susiet\u0105 elektros energijos plan\u0105 \u2013 pakoreguotas elektros prietais\u0173 naudojimo laikas gali pad\u0117ti sutaupyti reik\u0161ming\u0105 sum\u0105. Ir tai bus itin aktualu prasidedant rudeniui, art\u0117jant \u017eiemai\u201c, \u2013 sako \u017eali\u0173j\u0173 energijos sprendim\u0173 \u201eEnefit\u201c energijos produkt\u0173 vadovas Simonas Jasiulis.<\/p>\n<p>Ta\u010diau, anot eksperto, didesnis kain\u0173 \u0161uolis gali b\u016bti fiksuojamas jau rugs\u0117j\u012f. Prasid\u0117jus rudeniui, saul\u0117s ir v\u0117jo elektrini\u0173 generacija tur\u0117t\u0173 ma\u017e\u0117ti, o elektros gamyba i\u0161kastiniu kuru varomomis elektrin\u0117mis brangs d\u0117l augan\u010di\u0173 \u017ealiav\u0173 kain\u0173. Tuo metu infrastrukt\u016bros remonto darbai ir toliau ribos pigesn\u0117s elektros patekim\u0105 \u012f Lietuv\u0105.<\/p>\n<p>\u201e\u017dvelgiant \u012f ruden\u012f \u2013 perspektyva ni\u016bri. Jei prognoz\u0117s i\u0161sipildys, rugs\u0117jo m\u0117nuo bus brangiausias per kelet\u0105 paskutini\u0173 met\u0173. Prie\u017eastys kelios: ir toliau vykstantys infrastrukt\u016bros remonto darbai, ribojantys pigios elektros patekim\u0105 \u012f Lietuv\u0105, ma\u017e\u0117janti atsinaujinan\u010di\u0173 \u0161altini\u0173 generacija ir brangesn\u0117 i\u0161kastiniu kuru gaminama elektros energija\u201c, \u2013 teigia S. Jasiulis.<\/p>\n<p>Pigesn\u0117s elektros tr\u016bkumas Lietuvoje matomas ir palyginus kainas regione. Rugpj\u016bt\u012f suomiai u\u017e megavatvaland\u0119 mok\u0117jo vos 41,30 euro \u2013 beveik perpus ma\u017eiau nei lietuviai. Estijoje kaina siek\u0117 59 eurus, o Latvijoje buvo prakti\u0161kai tokia pati kaip Lietuvoje \u2013 atitinkamai 79,94 ir 80 eur\u0173 u\u017e megavatvaland\u0119. Tuo metu Lenkijoje ir Vokietijoje elektra buvo dar brangesn\u0117 \u2013 atitinkamai 134,40 ir 126,89 euro u\u017e megavatvaland\u0119.<\/p>\n<p>Anot S. Jasiulio, rugs\u0117j\u012f elektros energijos kaina Lietuvoje gali siekti ma\u017edaug 122 eurus u\u017e megavatvaland\u0119. Tai reik\u0161t\u0173, kad po gana ramaus vasaros laikotarpio rudens prad\u017eia elektros rinkoje Lietuvai gali b\u016bti gerokai brangesn\u0117.<\/p>\n<p>\t\t\t\t\t\t\t\t\t\t\t\t <img decoding=\"async\" src=\"https:\/\/www.europesays.com\/lt\/wp-content\/uploads\/2026\/09\/1788432664_542_jp-1.png\"\/><\/p>\n","protected":false},"excerpt":{"rendered":"Rugpj\u016bt\u012f elektros kaina bir\u017eoje Lietuvoje paaugo apie 6 proc. ir siek\u0117 80 eur\u0173 u\u017e megavatvaland\u0119. Ekspertai prognozuoja, kad&hellip;\n","protected":false},"author":2,"featured_media":268198,"comment_status":"","ping_status":"","sticky":false,"template":"","format":"standard","meta":{"footnotes":"","_share_on_mastodon":"0"},"categories":[17],"tags":[81,543,1058,37,39,36,38,40,46],"class_list":["post-268197","post","type-post","status-publish","format-standard","has-post-thumbnail","category-verslas","tag-business","tag-elektra","tag-elektros-kaina","tag-lietuva","tag-lietuviu","tag-lithuania","tag-lithuanian","tag-lt","tag-verslas"],"share_on_mastodon":{"url":"https:\/\/pubeurope.com\/@lt\/117206731558005017","error":""},"_links":{"self":[{"href":"https:\/\/www.europesays.com\/lt\/wp-json\/wp\/v2\/posts\/268197","targetHints":{"allow":["GET"]}}],"collection":[{"href":"https:\/\/www.europesays.com\/lt\/wp-json\/wp\/v2\/posts"}],"about":[{"href":"https:\/\/www.europesays.com\/lt\/wp-json\/wp\/v2\/types\/post"}],"author":[{"embeddable":true,"href":"https:\/\/www.europesays.com\/lt\/wp-json\/wp\/v2\/users\/2"}],"replies":[{"embeddable":true,"href":"https:\/\/www.europesays.com\/lt\/wp-json\/wp\/v2\/comments?post=268197"}],"version-history":[{"count":0,"href":"https:\/\/www.europesays.com\/lt\/wp-json\/wp\/v2\/posts\/268197\/revisions"}],"wp:featuredmedia":[{"embeddable":true,"href":"https:\/\/www.europesays.com\/lt\/wp-json\/wp\/v2\/media\/268198"}],"wp:attachment":[{"href":"https:\/\/www.europesays.com\/lt\/wp-json\/wp\/v2\/media?parent=268197"}],"wp:term":[{"taxonomy":"category","embeddable":true,"href":"https:\/\/www.europesays.com\/lt\/wp-json\/wp\/v2\/categories?post=268197"},{"taxonomy":"post_tag","embeddable":true,"href":"https:\/\/www.europesays.com\/lt\/wp-json\/wp\/v2\/tags?post=268197"}],"curies":[{"name":"wp","href":"https:\/\/api.w.org\/{rel}","templated":true}]}}