{"id":268199,"date":"2026-09-03T10:52:10","date_gmt":"2026-09-03T10:52:10","guid":{"rendered":"https:\/\/www.europesays.com\/lt\/268199\/"},"modified":"2026-09-03T10:52:10","modified_gmt":"2026-09-03T10:52:10","slug":"taikos-susitarimas-trumpas-ivardijo-salyga-kad-nedelsiant-susitiktu-su-putinu-respublika-lt","status":"publish","type":"post","link":"https:\/\/www.europesays.com\/lt\/268199\/","title":{"rendered":"\u201eTaikos susitarimas&#8221;: Trumpas \u012fvardijo s\u0105lyg\u0105, kad \u201enedelsiant\u201c susitikt\u0173 su Putinu &#8211; Respublika.lt"},"content":{"rendered":"<p>    \u00d7<\/p>\n<p>    (1\/1) Donaldas Trumpas ir Vladimiras Putinas. EPA-Eltos nuotr. <a href=\"https:\/\/www.respublika.lt\/uploads\/img\/catalog\/1\/photo_1_70766395.png\" class=\"swiper-photo-download\" download=\"\" rel=\"nofollow noopener\" target=\"_blank\">Atsisi\u0173sti<\/a><\/p>\n<p><img loading=\"lazy\" decoding=\"async\" src=\"https:\/\/www.respublika.lt\/lt\/naujienos\/pasaulis\/pasaulio_politika\/taikos-susitarimas-trumpas-ivardijo-salyga-kad-nedelsiant-susitiktu-su-putinu\/images\/ico_camera_white.gif\" class=\"camera\" width=\"22\" height=\"15\" alt=\"nuotr.\" style=\"position:relative; top:-2px; right:2px;\"\/> 1 nuotr.<\/p>\n<p>Donaldas Trumpas ir Vladimiras Putinas. EPA-Eltos nuotr.<\/p>\n<p style=\"text-align: left;\">Jungtini\u0173 Valstij\u0173 prezidentas Donaldas Trumpas parei\u0161k\u0117 es\u0105s pasireng\u0119s surengti derybas su Rusijos prezidentu Vladimiru Putinu, bet tik tada, kai abi pus\u0117s bus pasiruo\u0161usios sudaryti taikos susitarim\u0105.<\/p>\n<p style=\"text-align: justify;\" class=\"desktop_banner\">\u00a0<\/p>\n<p style=\"text-align: left;\">Kaip prane\u0161a naujien\u0173 agent\u016bros \u201eUkrinform\u201c korespondentas, D. Trumpas tai parei\u0161k\u0117 \u017eurnalistams Ovaliajame kabinete, atsakydamas \u012f klausim\u0105, ar tikisi, kad V. Putinas sutiks surengti dar vien\u0105 vir\u0161\u016bni\u0173 susitikim\u0105 su juo netolimoje ateityje.<\/p>\n<p style=\"text-align: left;\">\u201eJis tai padaryt\u0173, jei a\u0161 to nor\u0117\u010diau. Bet a\u0161 noriu tai padaryti, kai b\u016bsime pasireng\u0119 sudaryti taikos susitarim\u0105\u201c, \u2013 teig\u0117 JAV lyderis.<\/p>\n<p style=\"text-align: left;\">Pasak D. Trumpo, Jungtin\u0117s Valstijos nori palaikyti gerus santykius ne tik su Rusija, bet ir su Ukraina bei kitomis \u0161alimis.<\/p>\n<p style=\"text-align: left;\">\u201eMes norime palaikyti gerus santykius su Rusija, Ukraina, su visais.Tai b\u016bt\u0173 puiku verslui. Rusija turi puiki\u0173 \u017eemi\u0173, labai verting\u0173 \u017eemi\u0173. Vyksta daug ger\u0173 dalyk\u0173\u201c, \u2013 kalb\u0117jo D. Trumpas.<\/p>\n<p style=\"text-align: left;\">Jis prid\u016br\u0117 es\u0105s pasireng\u0119s \u201enedelsiant\u201c susitikti su V. Putinu ir pakartojo: \u201eNoriu tai padaryti, kai tas karas baigsis, ir manau, kad tai padarysime.\u201c<\/p>\n<p style=\"text-align: left;\">Kremliaus atstovas Dmitrijus Peskovas parei\u0161k\u0117, kad tri\u0161alis D. Trumpo, Ukrainos prezidento Volodymyro Zelenskio ir V. Putino susitikimas b\u016bt\u0173 \u012fmanomas tik \u201esusitarimams formalizuoti\u201c.<\/p>\n<p>Patiko straipsnis? Leisk mums apie tai su\u017einoti. Nepamir\u0161k pasidalinti Facebook! <\/p>\n<p><img loading=\"lazy\" decoding=\"async\" class=\"p2_social_circle_icon\" src=\"https:\/\/www.respublika.lt\/images\/thumbs_up.svg\" width=\"21\" height=\"22\" alt=\"L\"\/><\/p>\n<p><img loading=\"lazy\" decoding=\"async\" class=\"p2_social_circle_icon\" src=\"https:\/\/www.respublika.lt\/images\/facebook.svg\" alt=\"F\" width=\"22\" height=\"22\" style=\"filter: invert(37%) sepia(55%) saturate(2351%) hue-rotate(187deg) brightness(102%) contrast(106%);\"\/><\/p>\n<p>&#13;<br \/>\n\tNesutinkate &#8211; diskutuokime!<br \/>&#13;<br \/>\n\tNepykite komentatoriai, bet komentarai su keiksma\u017eod\u017eiais bus \u0161alinami automati\u0161kai, be atsipra\u0161ymo.\n    <\/p>\n<p>&#13;<br \/>\n              Respublika.lt pasilieka teis\u0119 pa\u0161alinti nekult\u016bringus, keiksma\u017eod\u017eiais pagardintus, su tema nesusijusius, kito asmens vardu pasira\u0161ytus, \u012fstatymus pa\u017eeid\u017eian\u010dius, \u0161lam\u0161t\u0105 reklamuojan\u010dius ar nusikalsti kurstan\u010dius komentarus. Jei kurstysite smurt\u0105, rasin\u0119, tautin\u0119, religin\u0119 ar kitokio pob\u016bd\u017eio neapykant\u0105, \u017evirbliu i\u0161skrid\u0119 j\u016bs\u0173 \u017eod\u017eiai gr\u012f\u017edami gali virsti ton\u0105 sverian\u010diu jau\u010diu &#8211; specialiosioms Lietuvos tarnyboms pareikalavus suteiksime j\u016bs\u0173 duomenis.\n            <\/p>\n","protected":false},"excerpt":{"rendered":"\u00d7 (1\/1) Donaldas Trumpas ir Vladimiras Putinas. EPA-Eltos nuotr. Atsisi\u0173sti 1 nuotr. Donaldas Trumpas ir Vladimiras Putinas. EPA-Eltos&hellip;\n","protected":false},"author":2,"featured_media":268200,"comment_status":"","ping_status":"","sticky":false,"template":"","format":"standard","meta":{"footnotes":"","_share_on_mastodon":"0"},"categories":[15],"tags":[25,30,31,34,35,24,223,815,32,33,37,39,36,38,40,23,22,44,28,29,2370,119,1725,26,27,1270,360,74,75,76],"class_list":["post-268199","post","type-post","status-publish","format-standard","has-post-thumbnail","category-pasaulis","tag-antrastes","tag-breaking-news","tag-breakingnews","tag-featured-news","tag-featurednews","tag-headlines","tag-jav","tag-karas","tag-latest-news","tag-latestnews","tag-lietuva","tag-lietuviu","tag-lithuania","tag-lithuanian","tag-lt","tag-naujienos","tag-news","tag-pasaulis","tag-populiariausios-naujienos","tag-populiariausiosnaujienos","tag-putinas","tag-rusija","tag-susitikimas","tag-top-stories","tag-topstories","tag-trumpas","tag-ukraina","tag-world","tag-world-news","tag-worldnews"],"share_on_mastodon":{"url":"https:\/\/pubeurope.com\/@lt\/117206735221642394","error":""},"_links":{"self":[{"href":"https:\/\/www.europesays.com\/lt\/wp-json\/wp\/v2\/posts\/268199","targetHints":{"allow":["GET"]}}],"collection":[{"href":"https:\/\/www.europesays.com\/lt\/wp-json\/wp\/v2\/posts"}],"about":[{"href":"https:\/\/www.europesays.com\/lt\/wp-json\/wp\/v2\/types\/post"}],"author":[{"embeddable":true,"href":"https:\/\/www.europesays.com\/lt\/wp-json\/wp\/v2\/users\/2"}],"replies":[{"embeddable":true,"href":"https:\/\/www.europesays.com\/lt\/wp-json\/wp\/v2\/comments?post=268199"}],"version-history":[{"count":0,"href":"https:\/\/www.europesays.com\/lt\/wp-json\/wp\/v2\/posts\/268199\/revisions"}],"wp:featuredmedia":[{"embeddable":true,"href":"https:\/\/www.europesays.com\/lt\/wp-json\/wp\/v2\/media\/268200"}],"wp:attachment":[{"href":"https:\/\/www.europesays.com\/lt\/wp-json\/wp\/v2\/media?parent=268199"}],"wp:term":[{"taxonomy":"category","embeddable":true,"href":"https:\/\/www.europesays.com\/lt\/wp-json\/wp\/v2\/categories?post=268199"},{"taxonomy":"post_tag","embeddable":true,"href":"https:\/\/www.europesays.com\/lt\/wp-json\/wp\/v2\/tags?post=268199"}],"curies":[{"name":"wp","href":"https:\/\/api.w.org\/{rel}","templated":true}]}}