{"id":268201,"date":"2026-09-03T10:54:09","date_gmt":"2026-09-03T10:54:09","guid":{"rendered":"https:\/\/www.europesays.com\/lt\/268201\/"},"modified":"2026-09-03T10:54:09","modified_gmt":"2026-09-03T10:54:09","slug":"istyre-vilneles-vandeni-ir-ora-naujojoje-vilnioje-paskelbe-ka-aptiko","status":"publish","type":"post","link":"https:\/\/www.europesays.com\/lt\/268201\/","title":{"rendered":"I\u0161tyr\u0117 Vilnel\u0117s vanden\u012f ir or\u0105 Naujojoje Vilnioje: paskelb\u0117, k\u0105 aptiko"},"content":{"rendered":"<p class=\"wp-block-paragraph\">Gavus galutinius aplinkos tyrim\u0173, susijusi\u0173 su mi\u0161ri\u0173 komunalini\u0173 atliek\u0173 tvarkymu <a style=\"font-weight:bold;\" href=\"https:\/\/madeinvilnius.lt\/tema\/naujoji-vilnia\/\" target=\"_blank\" rel=\"nofollow noopener\">Naujojoje Vilnioje<\/a>, rezultatus, tar\u0161a Vilnel\u0117s up\u0117je ir aplinkos ore nenustatyta, tre\u010diadien\u012f prane\u0161\u0117 Aplinkos apsaugos departamentas (AAD).<\/p>\n<p class=\"wp-block-paragraph\">Tyrimus AAD inicijavo reaguodamas \u012f gyventoj\u0173 prane\u0161imus d\u0117l nemaloni\u0173 kvap\u0173 ir siekiant \u012fvertinti \u0161ioje teritorijoje vykdyto atliek\u0173 tvarkymo \u012fmon\u0117s poveik\u012f aplinkai.<\/p>\n<p class=\"wp-block-paragraph\">Skelbiama, kad Aplinkos apsaugos agent\u016bra atliko aplinkos oro kokyb\u0117s matavimus ir Vilnel\u0117s up\u0117s vandens tyrimus.<\/p>\n<p>Skaitykite taip pat<a class=\"miv-ax-rel-link\" href=\"https:\/\/madeinvilnius.lt\/naujienos\/rajonas\/teismas-tare-galutini-zodi-del-dvikalbiu-lenteliu-vilniaus-rajone\/\" rel=\"nofollow noopener\" target=\"_blank\">Teismas tar\u0117 galutin\u012f \u017eod\u012f d\u0117l dvikalbi\u0173 lenteli\u0173 Vilniaus rajone<\/a><a class=\"miv-ax-rel-link\" href=\"https:\/\/madeinvilnius.lt\/verslas\/vilniaus-rinka\/vilniaus-savivaldybes-imone-fntt-akiratyje-pradetas-ikiteisminis-tyrimas\/\" rel=\"nofollow noopener\" target=\"_blank\">Vilniaus savivaldyb\u0117s \u012fmon\u0117 \u2013 FNTT akiratyje: prad\u0117tas ikiteisminis tyrimas<\/a><\/p>\n<p class=\"wp-block-paragraph\">J\u0173 duomenimis, tar\u0161a Vilnel\u0117je nenustatyta ir aplinkos oro kokyb\u0117s matavimai neparod\u0117 nustatyt\u0173 ribini\u0173 ver\u010di\u0173 vir\u0161ijim\u0173.\u00a0<\/p>\n<p class=\"wp-block-paragraph\">Did\u017eiausia tyrim\u0173 metu nustatyta amoniako koncentracija aplinkos ore siek\u0117 0,067 miligramo kubiniame metre (mg\/m\u00b3), kai ribin\u0117 vert\u0117 \u2013 0,2 mg\/m\u00b3, o sieros vandenilio \u2013 0,002 mg\/m\u00b3, kai ribin\u0117 vert\u0117 \u2013 0,008 mg\/m\u00b3.\u00a0<\/p>\n<p class=\"wp-block-paragraph\">AAD teigimu, ribin\u0117 vert\u0117 nurodo did\u017eiausi\u0105 leistin\u0105 med\u017eiagos koncentracij\u0105 aplinkos ore. Taip pat merkaptan\u0173 koncentracija buvo ma\u017eesn\u0117 u\u017e tyrimo metodo aptikimo rib\u0105 \u2013 ji buvo tokia ma\u017ea, kad jos nebuvo galima i\u0161matuoti.<\/p>\n<p>Mi\u0161ri\u0173 komunalini\u0173 atliek\u0173 ve\u017eimas sustabdytas<\/p>\n<p class=\"wp-block-paragraph\"><a style=\"font-weight:bold;\" href=\"https:\/\/madeinvilnius.lt\/tema\/vilniaus-miesto-savivaldybe\/\" target=\"_blank\" rel=\"nofollow noopener\">Vilniaus miesto savivaldyb\u0117s<\/a> ekstremali\u0173j\u0173 situacij\u0173 operacij\u0173 centro (ESOC) sprendimu nuo rugpj\u016b\u010dio 31 d. nutrauktas mi\u0161ri\u0173 komunalini\u0173 atliek\u0173 ve\u017eimas \u012f bendrov\u0117s \u201e\u0160atruva\u201c veiklaviet\u0117s, esan\u010dios Pramon\u0117s gatv\u0117je 141A, Naujojoje Vilnioje.\u00a0<\/p>\n<p class=\"wp-block-paragraph\">Mi\u0161rios komunalin\u0117s atliekos Pramon\u0117s g. 141A buvo tvarkomos \u012fmon\u0117s \u201eEkonovus\u201c pagal ankstesn\u012f ESOC sprendim\u0105, priimt\u0105 esant ekstremaliajai situacijai d\u0117l atliek\u0173 tvarkymo Vilniaus regione.<\/p>\n<p class=\"wp-block-paragraph\">\u201eEkonovus\u201c \u012fpareigota iki \u0161io ketvirtadienio i\u0161ve\u017eti visas teritorijoje likusias mi\u0161rias komunalines atliekas ir sutvarkyti teritorij\u0105.\u00a0<\/p>\n<p class=\"wp-block-paragraph\">\u017dadama, kad su\u0117jus nustatytam terminui, AAD pareig\u016bnai atliks inspekcin\u012f vizit\u0105 ir patikrins, ar teritorijoje nebeliko mi\u0161ri\u0173 komunalini\u0173 atliek\u0173 ir ar ji sutvarkyta.<\/p>\n<p class=\"wp-block-paragraph\">D\u0117l pra\u0117jusi\u0173 met\u0173 pavasar\u012f Vilniaus mechaninio-biologinio apdorojimo (MBA) teritorijoje Gari\u016bnuose \u012fvykusio gaisro buvo paskelbta ekstremalioji situacija, kuri galioja iki \u0161iol.<\/p>\n<p class=\"wp-block-paragraph\">Vilniaus apskrities atliek\u0173 tvarkymo centras (VAATC) dar liep\u0105 nutrauk\u0117 sutart\u012f d\u0117l Vilniaus MBA gamyklos valdymo su priva\u010diu operatoriumi \u201eEnergesman\u201c, kuris es\u0105 nevykd\u0117 sutart\u0173 \u012fsipareigojim\u0173.<\/p>\n<p class=\"wp-block-paragraph\">Kad gal\u0117t\u0173 susitvarkyti su gamykloje likusiomis \u0161iuk\u0161l\u0117mis ir kasdieniu srautu, VAATC pasira\u0161\u0117 sutartis su trimis priva\u010diais partneriais \u201eEcoservice\u201c, \u201eEkonovus\u201c ir \u201eEkobaz\u0117\u201c, kurie surenkamas atliekas r\u016b\u0161iuoja savo teritorijose. Viena i\u0161 toki\u0173 viet\u0173 yra bendrov\u0117s \u201e\u0160atruva\u201c teritorija Naujojoje Vilnioje, Pramon\u0117s gatv\u0117je, kur atliekas r\u016b\u0161iavo \u201eEkonovus\u201c.<\/p>\n<p class=\"wp-block-paragraph\">Anks\u010diau AAD prane\u0161\u0117 si\u016blantis Vilniaus ESOC nustatyti konkre\u010dius terminus, per kuriuos b\u016bt\u0173 pa\u0161alinti Naujoje Vilnioje u\u017efiksuoti tar\u0161os pa\u017eeidimai, o atliek\u0173 tvarkymas \u2013 i\u0161keltas kitur.<\/p>\n<p class=\"wp-block-paragraph\">D\u0117l atliek\u0173 tvarkymo Vilniaus Naujosios Vilnios mikrorajono Pramon\u0117s gatv\u0117je AAD anks\u010diau kreip\u0117si ir \u012f prokurat\u016br\u0105 \u2013 pra\u0161\u0117 \u012fvertinti, ar Vilniaus miesto savivaldyb\u0117s ESOC sprendimai pavesti VAATC bei \u201eEkonovus\u201c, \u201eEcoservice\u201c ir \u201eEkobaz\u0117\u201c vykdyti mi\u0161ri\u0173 komunalini\u0173 atliek\u0173 tvarkym\u0105 atitinka teis\u0117s akt\u0173 reikalavimus.<\/p>\n","protected":false},"excerpt":{"rendered":"Gavus galutinius aplinkos tyrim\u0173, susijusi\u0173 su mi\u0161ri\u0173 komunalini\u0173 atliek\u0173 tvarkymu Naujojoje Vilnioje, rezultatus, tar\u0161a Vilnel\u0117s up\u0117je ir aplinkos&hellip;\n","protected":false},"author":2,"featured_media":268202,"comment_status":"","ping_status":"","sticky":false,"template":"","format":"standard","meta":{"footnotes":"","_share_on_mastodon":"0"},"categories":[13],"tags":[25,4781,30,31,34,35,24,32,33,37,39,36,38,40,65,23,19141,22,28,29,26,27],"class_list":["post-268201","post","type-post","status-publish","format-standard","has-post-thumbnail","category-lietuva","tag-antrastes","tag-atliekos","tag-breaking-news","tag-breakingnews","tag-featured-news","tag-featurednews","tag-headlines","tag-latest-news","tag-latestnews","tag-lietuva","tag-lietuviu","tag-lithuania","tag-lithuanian","tag-lt","tag-naujiena","tag-naujienos","tag-naujoji-vilnia","tag-news","tag-populiariausios-naujienos","tag-populiariausiosnaujienos","tag-top-stories","tag-topstories"],"share_on_mastodon":{"url":"https:\/\/pubeurope.com\/@lt\/117206742685300549","error":""},"_links":{"self":[{"href":"https:\/\/www.europesays.com\/lt\/wp-json\/wp\/v2\/posts\/268201","targetHints":{"allow":["GET"]}}],"collection":[{"href":"https:\/\/www.europesays.com\/lt\/wp-json\/wp\/v2\/posts"}],"about":[{"href":"https:\/\/www.europesays.com\/lt\/wp-json\/wp\/v2\/types\/post"}],"author":[{"embeddable":true,"href":"https:\/\/www.europesays.com\/lt\/wp-json\/wp\/v2\/users\/2"}],"replies":[{"embeddable":true,"href":"https:\/\/www.europesays.com\/lt\/wp-json\/wp\/v2\/comments?post=268201"}],"version-history":[{"count":0,"href":"https:\/\/www.europesays.com\/lt\/wp-json\/wp\/v2\/posts\/268201\/revisions"}],"wp:featuredmedia":[{"embeddable":true,"href":"https:\/\/www.europesays.com\/lt\/wp-json\/wp\/v2\/media\/268202"}],"wp:attachment":[{"href":"https:\/\/www.europesays.com\/lt\/wp-json\/wp\/v2\/media?parent=268201"}],"wp:term":[{"taxonomy":"category","embeddable":true,"href":"https:\/\/www.europesays.com\/lt\/wp-json\/wp\/v2\/categories?post=268201"},{"taxonomy":"post_tag","embeddable":true,"href":"https:\/\/www.europesays.com\/lt\/wp-json\/wp\/v2\/tags?post=268201"}],"curies":[{"name":"wp","href":"https:\/\/api.w.org\/{rel}","templated":true}]}}