{"id":268207,"date":"2026-09-03T11:03:15","date_gmt":"2026-09-03T11:03:15","guid":{"rendered":"https:\/\/www.europesays.com\/lt\/268207\/"},"modified":"2026-09-03T11:03:15","modified_gmt":"2026-09-03T11:03:15","slug":"po-zelenskio-pareiskimu-maskvos-oro-uostai-paralyziuoti-antra-nakti-is-eiles","status":"publish","type":"post","link":"https:\/\/www.europesays.com\/lt\/268207\/","title":{"rendered":"Po Zelenskio parei\u0161kim\u0173 \u2013 Maskvos oro uostai paraly\u017eiuoti antr\u0105 nakt\u012f i\u0161 eil\u0117s"},"content":{"rendered":"<p>\u201e\u012evesti laikini apribojimai orlaivi\u0173 atvykimui ir i\u0161vykimui\u201c, \u2013 tre\u010diadien\u012f prane\u0161\u0117 Federalin\u0117 oro transporto agent\u016bra.<\/p>\n<p>Dien\u0105 prie\u0161 tai darb\u0105 buvo sustabd\u0119 trys Maskvos oro uostai. \u201eFlightradar24\u201c duomenimis, \u0160eremetjeve buvo at\u0161auktas 21 skrydis, o 235 atid\u0117ti, Vnukove \u2013 at\u0161aukti 22 skryd\u017eiai, o 94 atid\u0117ti.<\/p>\n<p>Anks\u010diau V.Zelenskis savo \u201eTelegram\u201c kanale persp\u0117jo oro linijas ir draudikus, kad Ukraina, reaguodama \u012f Rusijos ginkluot\u0173j\u0173 paj\u0117g\u0173 sm\u016bgius civilinei infrastrukt\u016brai, suintensyvins atakas Rusijos teritorijoje naudodama bepilo\u010dius orlaivius.<\/p>\n<p>VIDEO: Zelenskis: gauname informacijos, kad pirmosios oro linijos atsisako skryd\u017ei\u0173 \u012f Rusij\u0105<\/p>\n<p>\t\t<a href=\"https:\/\/www.15min.lt\/video\/zelenskis-gauname-informacijos-kad-pirmosios-oro-linijos-atsisako-skrydziu-i-rusija-283048\" class=\"video-link\" rel=\"nofollow noopener\" target=\"_blank\"><br \/>\n\t\t\t<img decoding=\"async\" src=\"https:\/\/www.europesays.com\/lt\/wp-content\/uploads\/2026\/09\/sequence-0100_00_00_36still001-6a99116cbae33.jpg\" alt=\"\" style=\"width: 100%;\"\/><\/p>\n<p>\t\t<\/a><\/p>\n<p>Tre\u010diadien\u012f Ukrainos u\u017esienio reikal\u0173 ministras Andrijus Sybiha parei\u0161k\u0117, kad Kyjivas oficialiai prane\u0161\u0117 Tarptautinei civilin\u0117s aviacijos organizacijai (ICAO) apie Rusijos oro erdv\u0117s nesaugum\u0105.<\/p>\n<p>Ukraina kreip\u0117si \u012f ICAO su pra\u0161ymu paraginti valstybes nares visi\u0161kai u\u017edrausti civilin\u0117s aviacijos skryd\u017eius Rusijos danguje.<\/p>\n","protected":false},"excerpt":{"rendered":"\u201e\u012evesti laikini apribojimai orlaivi\u0173 atvykimui ir i\u0161vykimui\u201c, \u2013 tre\u010diadien\u012f prane\u0161\u0117 Federalin\u0117 oro transporto agent\u016bra. Dien\u0105 prie\u0161 tai darb\u0105&hellip;\n","protected":false},"author":2,"featured_media":268208,"comment_status":"","ping_status":"","sticky":false,"template":"","format":"standard","meta":{"footnotes":"","_share_on_mastodon":"0"},"categories":[15],"tags":[25,30,31,34,35,24,32,33,37,39,36,38,40,23,22,44,28,29,26,27,74,75,76],"class_list":["post-268207","post","type-post","status-publish","format-standard","has-post-thumbnail","category-pasaulis","tag-antrastes","tag-breaking-news","tag-breakingnews","tag-featured-news","tag-featurednews","tag-headlines","tag-latest-news","tag-latestnews","tag-lietuva","tag-lietuviu","tag-lithuania","tag-lithuanian","tag-lt","tag-naujienos","tag-news","tag-pasaulis","tag-populiariausios-naujienos","tag-populiariausiosnaujienos","tag-top-stories","tag-topstories","tag-world","tag-world-news","tag-worldnews"],"share_on_mastodon":{"url":"https:\/\/pubeurope.com\/@lt\/117206778730087816","error":""},"_links":{"self":[{"href":"https:\/\/www.europesays.com\/lt\/wp-json\/wp\/v2\/posts\/268207","targetHints":{"allow":["GET"]}}],"collection":[{"href":"https:\/\/www.europesays.com\/lt\/wp-json\/wp\/v2\/posts"}],"about":[{"href":"https:\/\/www.europesays.com\/lt\/wp-json\/wp\/v2\/types\/post"}],"author":[{"embeddable":true,"href":"https:\/\/www.europesays.com\/lt\/wp-json\/wp\/v2\/users\/2"}],"replies":[{"embeddable":true,"href":"https:\/\/www.europesays.com\/lt\/wp-json\/wp\/v2\/comments?post=268207"}],"version-history":[{"count":0,"href":"https:\/\/www.europesays.com\/lt\/wp-json\/wp\/v2\/posts\/268207\/revisions"}],"wp:featuredmedia":[{"embeddable":true,"href":"https:\/\/www.europesays.com\/lt\/wp-json\/wp\/v2\/media\/268208"}],"wp:attachment":[{"href":"https:\/\/www.europesays.com\/lt\/wp-json\/wp\/v2\/media?parent=268207"}],"wp:term":[{"taxonomy":"category","embeddable":true,"href":"https:\/\/www.europesays.com\/lt\/wp-json\/wp\/v2\/categories?post=268207"},{"taxonomy":"post_tag","embeddable":true,"href":"https:\/\/www.europesays.com\/lt\/wp-json\/wp\/v2\/tags?post=268207"}],"curies":[{"name":"wp","href":"https:\/\/api.w.org\/{rel}","templated":true}]}}