{"id":268237,"date":"2026-09-03T11:27:20","date_gmt":"2026-09-03T11:27:20","guid":{"rendered":"https:\/\/www.europesays.com\/lt\/268237\/"},"modified":"2026-09-03T11:27:20","modified_gmt":"2026-09-03T11:27:20","slug":"pigu-lt-artejant-rugsejui-pirkejai-rinkosi-kompiuterius-ir-ausines","status":"publish","type":"post","link":"https:\/\/www.europesays.com\/lt\/268237\/","title":{"rendered":"\u201ePigu.lt\u201c: art\u0117jant rugs\u0117jui pirk\u0117jai rinkosi kompiuterius ir ausines"},"content":{"rendered":"<p>\u201ePrie\u0161 naujus mokslo metus moksleiviai, studentai ir j\u0173 t\u0117vai apsir\u016bpino elektronikos prek\u0117mis \u2013 paskutin\u012f vasaros m\u0117nes\u012f augo tiek kompiuteri\u0173, tiek i\u0161mani\u0173j\u0173 telefon\u0173, tiek ausini\u0173 poreikis\u201c, \u2013 sako \u201ePigu.lt\u201c komunikacijos vadovas Nerijus Mikalaj\u016bnas.<\/p>\n<p>Populiariausiais ne\u0161iojam\u0173 kompiuteri\u0173 pasirinkimais rugpj\u016bt\u012f tapo \u201eLenovo\u201c ir \u201eAsus\u201c modeliai, o tre\u010diojoje vietoje \u012fsitvirtino \u201eMacBook Air 13\u201c. Stacionari\u0173 kompiuteri\u0173 trejetuke rikiavosi \u201eVIST\u201c, \u201eLenovo\u201c ir \u201eDELL\u201c prek\u0117s \u017eenklais pa\u017eym\u0117ta \u012franga.<\/p>\n<p>Pirk\u0117jai ne\u0161iojamam kompiuteriui \u012fsigyti rugpj\u016b\u010dio m\u0117nes\u012f vidutini\u0161kai skyr\u0117 1030 eur\u0173, stacionariam kompiuteriui \u2013 1050 eur\u0173, plan\u0161etiniam kompiuteriui \u2013 293 eurus, o ausin\u0117ms \u2013 77 eurus.<\/p>\n<p>Perkamiausiomis ausin\u0117mis tapo \u201eSamsung Galaxy Buds 4 Pro\u201c, \u201eApple AirPods Pro 3\u201c ir \u201eXiaomi Redmi Buds 6 Play\u201c modeliai.<\/p>\n<p>Anot N. Mikalaj\u016bno, i\u0161mani\u0173j\u0173 telefon\u0173 paklausa e. prekybos nesl\u016bgo vis\u0105 vasar\u0105, ta\u010diau paskutin\u012f m\u0117nes\u012f prie\u0161 mokslo metus j\u0173 pardavimai pa\u0161oko auk\u0161tyn dar 10 procent\u0173.<\/p>\n<p>Populiariausi\u0173j\u0173 telefon\u0173 trejetuke karaliavo du \u201eSamsung Galaxy\u201c modeliai ir nebrangus \u201eXiaomi Redmi 15C\u201c gaminys. I\u0161man\u0173j\u012f telefon\u0105 e. prekybos centro lankytojai \u012fsigijo vidutini\u0161kai u\u017e 405 eurus.<\/p>\n<p>\u201ePigu.lt\u201c priklauso did\u017eiausiai Baltijos \u0161alyse e. prekybos bendrovei \u201ePHH Group\u201c. Ji buvo suformuota \u201ePigu.lt\u201c susijungus su Suomijos prekybos kompanija \u201eHobby Hall\u201c. \u201ePHH Group\u201c valdo e. parduotuvi\u0173 platformas Lietuvoje, Latvijoje, Estijoje ir Suomijoje. Pla\u010diausi\u0105 asortiment\u0105 rinkoje si\u016blan\u010dioje \u201eMarketplace\u201c ekosistemoje apsiperka beveik 2 mln. pirk\u0117j\u0173, o platform\u0173 pasi\u016blymai per metus per\u017ei\u016brimi daugiau kaip 500 mln. kart\u0173.<\/p>\n","protected":false},"excerpt":{"rendered":"\u201ePrie\u0161 naujus mokslo metus moksleiviai, studentai ir j\u0173 t\u0117vai apsir\u016bpino elektronikos prek\u0117mis \u2013 paskutin\u012f vasaros m\u0117nes\u012f augo tiek&hellip;\n","protected":false},"author":2,"featured_media":268238,"comment_status":"","ping_status":"","sticky":false,"template":"","format":"standard","meta":{"footnotes":"","_share_on_mastodon":"0"},"categories":[17],"tags":[81,37,39,36,38,40,46],"class_list":["post-268237","post","type-post","status-publish","format-standard","has-post-thumbnail","category-verslas","tag-business","tag-lietuva","tag-lietuviu","tag-lithuania","tag-lithuanian","tag-lt","tag-verslas"],"share_on_mastodon":{"url":"https:\/\/pubeurope.com\/@lt\/117206872370290942","error":""},"_links":{"self":[{"href":"https:\/\/www.europesays.com\/lt\/wp-json\/wp\/v2\/posts\/268237","targetHints":{"allow":["GET"]}}],"collection":[{"href":"https:\/\/www.europesays.com\/lt\/wp-json\/wp\/v2\/posts"}],"about":[{"href":"https:\/\/www.europesays.com\/lt\/wp-json\/wp\/v2\/types\/post"}],"author":[{"embeddable":true,"href":"https:\/\/www.europesays.com\/lt\/wp-json\/wp\/v2\/users\/2"}],"replies":[{"embeddable":true,"href":"https:\/\/www.europesays.com\/lt\/wp-json\/wp\/v2\/comments?post=268237"}],"version-history":[{"count":0,"href":"https:\/\/www.europesays.com\/lt\/wp-json\/wp\/v2\/posts\/268237\/revisions"}],"wp:featuredmedia":[{"embeddable":true,"href":"https:\/\/www.europesays.com\/lt\/wp-json\/wp\/v2\/media\/268238"}],"wp:attachment":[{"href":"https:\/\/www.europesays.com\/lt\/wp-json\/wp\/v2\/media?parent=268237"}],"wp:term":[{"taxonomy":"category","embeddable":true,"href":"https:\/\/www.europesays.com\/lt\/wp-json\/wp\/v2\/categories?post=268237"},{"taxonomy":"post_tag","embeddable":true,"href":"https:\/\/www.europesays.com\/lt\/wp-json\/wp\/v2\/tags?post=268237"}],"curies":[{"name":"wp","href":"https:\/\/api.w.org\/{rel}","templated":true}]}}