{"id":268258,"date":"2026-09-03T12:02:20","date_gmt":"2026-09-03T12:02:20","guid":{"rendered":"https:\/\/www.europesays.com\/lt\/268258\/"},"modified":"2026-09-03T12:02:20","modified_gmt":"2026-09-03T12:02:20","slug":"apzvalgos-ratas-jau-kyla-aiskeja-neitiketinos-detales-del-dokumentu","status":"publish","type":"post","link":"https:\/\/www.europesays.com\/lt\/268258\/","title":{"rendered":"Ap\u017evalgos ratas jau kyla: ai\u0161k\u0117ja ne\u012ftik\u0117tinos detal\u0117s d\u0117l dokument\u0173"},"content":{"rendered":"<p>Liepos pabaigoje portal\u0105 \u201eKas vyksta Kaune\u201c pasiek\u0117 skaitytojo \u017einut\u0117 apie Nemuno saloje be joki\u0173 skelbim\u0173 prad\u0117jusi\u0105 dirbti sunki\u0105j\u0105 technik\u0105. I\u0161 jos i\u0161aug\u0119s \u017eurnalistinis tyrimas apie slepiamas ap\u017evalgos rato vietos statybas dabar atskleid\u0117, kod\u0117l objekto dokumentai nesutampa su tuo, kas pastatyta. Egzistuoja ma\u017eiausiai dvi to paties projekto versijos, ir jos i\u0161 esm\u0117s skiriasi. <a href=\"https:\/\/kaunas.kasvyksta.lt\/kulturos-paveldo-departamentas\" title=\"Kult\u016bros paveldo departamentas\" rel=\"nofollow noopener\" target=\"_blank\">Kult\u016bros paveldo departamentas<\/a> liep\u0105 derino projekt\u0105, kuriame poli\u0173 ir pamat\u0173 n\u0117ra. Statybos inspekcija, po patikrinimo paskelbusi, kad pa\u017eeidim\u0173 nenustatyta, vertino kit\u0105, v\u0117lesn\u0119 versij\u0105, kurioje poliai atsirado. O statybos darbai saloje prasid\u0117jo tada, kai v\u0117lesn\u0117s versijos dar nebuvo. Administracijos direktorius yra patvirtin\u0119s projekto versij\u0105 be pamat\u0173, tod\u0117l suprantama, kod\u0117l savivaldyb\u0117 teigia, kad joki\u0173 pamat\u0173 ne\u012frengin\u0117jo.<\/p>\n<p>Derinimui ir patikrinimui pateikti skirtingi projektai<\/p>\n<p>\u012e portalo klausim\u0105, kokios laidos ir datos projektas buvo pateiktas patikrinimo metu, Statybos inspekcija atsak\u0117: \u201ePatikrinimo metu Kauno miesto savivaldyb\u0117s administracija pateik\u0117: Projekto Laida A, 2026-08\u201c, \u2013 nurod\u0117 inspekcijos atstov\u0117 Viktorija \u0160ink\u016bnien\u0117.<\/p>\n<p>Kult\u016bros paveldo departamento Kauno teritorinio skyriaus derinimo ra\u0161tas ir portalo turima projekto i\u0161trauka rodo kit\u0105 versij\u0105. Departamentas 2026 m. liepos 23 d. suderino projekto laid\u0105 0, i\u0161leist\u0105 2026 m. bir\u017eel\u012f. \u0160ios laidos bendrajame ai\u0161kinamajame ra\u0161te statybos darb\u0173 etapai i\u0161vardyti keturi \u2013 paruo\u0161iamieji, \u017eem\u0117s, dang\u0173 konstrukcij\u0173 \u012frengimo ir teritorijos sutvarkymo darbai. Poli\u0173, pamat\u0173 ar rostverk\u0173 joje n\u0117ra, o dangos konstrukcija apra\u0161yta kaip analogi\u0161ka esamiems salos takams, lengviausios klas\u0117s, skirta p\u0117stiesiems.<\/p>\n<p>Portalo turimame projekto antra\u0161tiniame lape bir\u017eelio versija u\u017efiksuota tiksliai \u2013 bylos laidos \u017eymuo 0, i\u0161leidimo data 2026-06, statytojas Kauno miesto savivaldyb\u0117. Lape i\u0161vardyta ir visa projekto komanda su kvalifikacijos atestatais \u2013 projekto vadovas, architekt\u0117, koordinator\u0117 ir in\u017einier\u0117.<\/p>\n<p>Statybos darbai saloje prasid\u0117jo liepos 28 dien\u0105 nuo poli\u0173 gr\u0119\u017eimo. Inspekcijos patikrinimo duomenimis, i\u0161 viso \u012frengti 52 gr\u0119\u017etiniai poliai su gel\u017ebetonin\u0117mis plok\u0161t\u0117mis ir rostverkais. Laida A, kurioje \u0161ie sprendiniai atsirado, datuota 2026 met\u0173 rugpj\u016bt\u012f \u2013 tai yra ji i\u0161leista jau vykstant arba pasibaigus darbams, kuriuos tur\u0117jo apra\u0161yti.<\/p>\n<p>Trys i\u0161vados i\u0161 dviej\u0173 dat\u0173<\/p>\n<p>Sud\u0117jus institucij\u0173 patvirtintas datas, i\u0161vados d\u0117liojasi pa\u010dios.<\/p>\n<p>Pirma, poliai saloje buvo gr\u0119\u017eiami pagal projekt\u0105, kurio tuo metu oficialiai dar nebuvo arba buvo pateiktas tik rangovui. Liepos 28 dien\u0105, darbams prasidedant, egzistavo tik bir\u017eelio laida be poli\u0173 \u2013 rugpj\u016b\u010dio laida su poliais dar nebuvo i\u0161leista.<\/p>\n<p><img decoding=\"async\" width=\"720\" height=\"405\" loading=\"lazy\" src=\"https:\/\/www.europesays.com\/lt\/wp-content\/uploads\/2026\/09\/apzvalgos-ratas-2-6a99177cd4487.jpg@webp.webp\" class=\"w-auto h-auto\" alt=\"apzvalgos ratas-2\"\/><\/p>\n<p>Pradedami ap\u017evalgos rato \u012frengimo darbai \/ Kas vyksta Kaune nuotr.<\/p>\n<p>Antra, kult\u016bros paveldo apsaugos zonoje suderintas vienas projektas, o darbai atlikti kitokie. Departamento derinimas, privalomas \u0161ioje teritorijoje, gautas takams be gr\u0119\u017etini\u0173 pamat\u0173 su poliais. Pana\u0161u, kad projekto laida A, kurioje atsirado poliniai pamatai, nebuvo pakartotinai derinta su departamentu.<\/p>\n<p>Tre\u010dia, inspekcijos i\u0161vada apie pa\u017eeidim\u0173 nebuvim\u0105 remiasi versija, parengta po statybos. Inspekcijos prane\u0161ime buvo nurodyta, kad savivaldyb\u0117s pateiktame projekte numatyti poli\u0173 ir rostverk\u0173 sprendiniai ir kad projektas suderintas su Kult\u016bros paveldo departamentu. Abu teiginiai atskirai tiksl\u016bs, ta\u010diau, kaip dabar paai\u0161k\u0117jo, jie \u2013 apie skirtingus dokumentus. Poliai numatyti rugpj\u016b\u010dio laidoje, o su departamentu derinta bir\u017eelio laida, kurioje j\u0173 n\u0117ra.<\/p>\n<p>Specialistai \u2013 tai ne redakcinis patikslinimas<\/p>\n<p>Portalo kalbinti statyb\u0173 ir projektavimo srityse dirbantys specialistai paai\u0161kino, kad projekto laidos yra \u012fprasta praktika, ta\u010diau yra ai\u0161kios ribos. Laidomis tikslinamos detal\u0117s, taisomos klaidos, atnaujinami duomenys \u2013 bet esminiai projekto sprendiniai keistis negali. Polini\u0173 pamat\u0173 atsiradimas projekte, kuriame j\u0173 nebuvo, specialist\u0173 vertinimu, yra esminis konstrukcini\u0173 sprendini\u0173 pokytis \u2013 i\u0161 paprasto takelio ant sankasos objektas virsta statiniu su giluminiais pamatais, o tai kei\u010dia ir statinio pob\u016bd\u012f, ir jam taikomus reikalavimus. Tokiam poky\u010diui, j\u0173 teigimu, reikalingas naujas projekto vertinimas \u2013 \u012fskaitant derinimo proced\u016bras, kurios buvo atliktos ankstesnei versijai.<\/p>\n<p>Projekto antra\u0161tinis lapas atskleid\u017eia ir dar vien\u0105 aplinkyb\u0119. Jame nurodyta, kad projektas rengtas pagal preliminari\u0105j\u0105 projektavimo paslaug\u0173 sutart\u012f, kurios pavadinime \u012fra\u0161yta paskirtis \u2013 susisiekimo komunikacij\u0173, nesud\u0117tingiems statiniams priskiriam\u0173 gatvi\u0173 ir kit\u0173 in\u017einerini\u0173 statini\u0173 projektavimas. Kitaip tariant, objektas buvo projektuojamas per pirkimo kanal\u0105, i\u0161 anksto skirt\u0105 nesud\u0117tingiems statiniams \u2013 statinio kategorija, nuo kurios priklauso leidimo privalomumas, buvo nulemta dar iki projektavimo prad\u017eios ne tik technin\u0117je u\u017eduotyje, bet ir pa\u010diame paslaug\u0173 pirkime.<\/p>\n<p>Dar vien\u0105 klausim\u0105 kelia rugpj\u016b\u010dio 11 dienos administracijos direktoriaus \u012fsakymas, kuriuo projektas patvirtintas. Teis\u0117s akt\u0173 registre prie \u012fsakymo prid\u0117tame statini\u0173 rodikli\u0173 lape nurodyta laida 0 \u2013 ta pati bir\u017eelio versija be poli\u0173. Jeigu \u012fsakymu patvirtinta bir\u017eelio laida, rugpj\u016b\u010dio laida su poliais, kuri\u0105 savivaldyb\u0117 pateik\u0117 inspekcijai, lieka nepatvirtinta jokiu vie\u0161ai \u017einomu dokumentu.<\/p>\n<p>Savivaldyb\u0117 tebeteigia pamat\u0173 ne\u012frengin\u0117jusi<\/p>\n<p>\u012e portalo pra\u0161ym\u0105 leisti susipa\u017einti su projektu ir pamat\u0173 \u012frengimo rangos sutartimi savivaldyb\u0117 atsak\u0117 pakartodama savo pozicij\u0105. \u201eKMSA pamat\u0173 Nemuno saloje neprojektavo, bei ne\u012frengin\u0117jo. KMSA Nemuno saloje u\u017esak\u0117 tak\u0173 \u012frengim\u0105 i\u0161 rangovo \u201eKauno \u0161vara\u201c pagal Urban line parengt\u0105 tak\u0173 projekt\u0105. \u0160iuo metu Nemuno saloje takai pilnai suprojektuoti, bei \u012frengti, objektas priduotas, bei u\u017eregistruotas. Rangos sutar\u010di\u0173 tarp rangovo \u201eKauno \u0161varos\u201c ir jos subrangov\u0173 neturime\u201c, \u2013 portalui perduotame komentare nurod\u0117 Statybos valdymo skyriaus ved\u0117jas Paulius Pachomovas.<\/p>\n<p><img decoding=\"async\" width=\"720\" height=\"405\" loading=\"lazy\" src=\"https:\/\/www.europesays.com\/lt\/wp-content\/uploads\/2026\/09\/rkz08454-6a71e4c0b0b95.JPG@webp.webp\" class=\"w-auto h-auto\" alt=\"RKZ08454\"\/><\/p>\n<p>Ap\u017evalgos rato vietos statybos Nemuno saloje \/ R. Tenio nuotr.<\/p>\n<p>Formaliai pagal dokumentus taip ir yra. \u201eKauno \u0161varos\u201c ir \u201eAutokaustos\u201c pasira\u0161ytoje sutartyje, vienintel\u0117je vie\u0161oje \u0161io objekto darb\u0173 sutartyje, jokios u\u017euominos apie poli\u0173 ar pamat\u0173 statyb\u0105 n\u0117ra \u2013 jos \u017einiara\u0161tis apima tik dangas, pagrindus ir gazonus. Tik \u0161i formali tiesa atveria kit\u0105 klausim\u0105, \u012f kur\u012f iki \u0161iol neatsak\u0117 n\u0117 viena institucija. Jeigu pamat\u0173 ne\u012frengin\u0117jo nei savivaldyb\u0117, nei jie numatyti jos rangovo sutartyje \u2013 kas ir kokiu pagrindu savivaldyb\u0117s sklype i\u0161gr\u0119\u017e\u0117 52 polius, kuriuos savo aktu u\u017efiksavo Statybos inspekcija? Galb\u016bt tai rangovo dovana miestui?<\/p>\n<p><img decoding=\"async\" width=\"720\" height=\"405\" loading=\"lazy\" src=\"https:\/\/www.europesays.com\/lt\/wp-content\/uploads\/2026\/09\/1788436940_285_rato-vietos-statybos-2-6a70ca0e42444.jpg@webp.webp\" class=\"w-auto h-auto\" alt=\"rato vietos statybos-2\"\/><\/p>\n<p>Darbai Nemuno saloje vyksta net ir vakarais \/ Kas vyksta Kaune nuotr.<\/p>\n<p>Projekt\u0173, kuriuos savivaldyb\u0117s atstovas mini kaip patikrintus institucij\u0173, savivaldyb\u0117 \u017einiasklaidai neteikia \u2013 jos teigimu, I kategorijos nesud\u0117ting\u0173 statini\u0173 projektai \u201evisuomenei nereik\u0161mingi\u201c ir \u201eteis\u0117s aktai nenumato vie\u0161inti tokius projektus\u201c. Portalas ir toliau sieks gauti visus su objektu susijusius dokumentus Visuomen\u0117s informavimo \u012fstatymo nustatyta tvarka \u2013 pareiga teikti informacij\u0105 \u017einiasklaidai galioja nepriklausomai nuo statinio kategorijos ir n\u0117ra susijusi su vie\u0161o svarstymo proced\u016bromis.<\/p>\n<p>Ak\u012f r\u0117\u017eia ir oficiali\u0173 sum\u0173 santykis. Tak\u0173 projektavimas savivaldybei kainavo 34,2 t\u016bkst. Eur, dar apie 19 t\u016bkst. Eur \u2013 elektros tinkl\u0173 pertvarkymo projektas, o vieninteliai vie\u0161ai \u012fforminti statybos darbai \u2013 17,4 t\u016bkst. Eur vert\u0117s dangos. Kitaip tariant, pagal vie\u0161us dokumentus objekto projektavimas kainavo kelis kartus daugiau nei visi jo statybos darbai. \u012eprastuose objektuose santykis yra atvirk\u0161\u010dias \u2013 projektavimas paprastai sudaro kelis procentus darb\u0173 vert\u0117s.<\/p>\n<p>Tuo metu saloje jau kyla ratas<\/p>\n<p>Kol klausimai apie projekto versijas lieka be atsakym\u0173, statyb\u0173 aik\u0161tel\u0117je tre\u010diadien\u012f v\u0117l verda veiksmas \u2013 pradedamos montuoti ap\u017evalgos rato konstrukcijos. Montavimas prasideda Kult\u016bros paveldo departamentui nurod\u017eius, kad prie\u0161 \u012frengiant rat\u0105 \u0161ioje vietoje privaloma poveikio kult\u016bros paveldo vietovei analiz\u0117, kuri, departamento patvirtinimu, nebuvo atlikta, o Statybos inspekcijai savo i\u0161vadoje \u012fsp\u0117jus, kad tolesni darbai, kuriems pagal teis\u0117s aktus privalomas statyb\u0105 leid\u017eiantis dokumentas, be jo negal\u0117t\u0173 b\u016bti vykdomi, ir kad pasikeitus faktinei situacijai objektas b\u016bt\u0173 vertinamas i\u0161 naujo.<\/p>\n<p><img decoding=\"async\" width=\"720\" height=\"405\" loading=\"lazy\" src=\"https:\/\/www.europesays.com\/lt\/wp-content\/uploads\/2026\/09\/apzvalgos-ratas-6a99177cdcc32.jpg@webp.webp\" class=\"w-auto h-auto\" alt=\"apzvalgos ratas\"\/><\/p>\n<p>Pradedami ap\u017evalgos rato \u012frengimo darbai \/ Kas vyksta Kaune nuotr.<\/p>\n<p>Primename, kad apie statybas Nemuno saloje portalas ra\u0161o jau daugiau nei m\u0117nes\u012f. Savivaldyb\u0117, dar gegu\u017e\u0117s 13 dien\u0105 pasira\u0161iusi ap\u017evalgos rato vietos projektavimo sutart\u012f su technine u\u017eduotimi \u201ep\u0117s\u010di\u0173j\u0173 takas ap\u017evalgos ratui\u201c, kelis m\u0117nesius \u2013 \u012fskaitant tarybos pos\u0117d\u012f, kuriame tvirtintos rato kainos \u2013 teig\u0117, kad rato vieta dar nepasirinkta.<\/p>\n<p>Atviri lieka klausimai, \u012f kuriuos atsakym\u0173 kol kas n\u0117ra. Kada tiksliai parengta laida A, kas ir kokiu dokumentu j\u0105 patvirtino, ar ji derinta su Kult\u016bros paveldo departamentu ir kod\u0117l inspekcijai pateikta kita versija, nei matoma \u012fsakymo prieduose. Kuri\u0105 laid\u0105 rugpj\u016b\u010dio 3 dien\u0105 ekspertavo bendrov\u0117 \u201eEkspertika\u201c. Ir ar aplinkyb\u0117, kad statybos metu inspekcijai pateiktos laidos dar nebuvo, o su paveldosaugininkais derinta kita versija, taps pagrindu atnaujinti vertinim\u0105 \u2013 inspekcija savo i\u0161vadoje pati nurod\u0117, kad pasikeitus faktinei situacijai objekt\u0105 vertint\u0173 i\u0161 naujo.<\/p>\n","protected":false},"excerpt":{"rendered":"Liepos pabaigoje portal\u0105 \u201eKas vyksta Kaune\u201c pasiek\u0117 skaitytojo \u017einut\u0117 apie Nemuno saloje be joki\u0173 skelbim\u0173 prad\u0117jusi\u0105 dirbti sunki\u0105j\u0105&hellip;\n","protected":false},"author":2,"featured_media":268259,"comment_status":"","ping_status":"","sticky":false,"template":"","format":"standard","meta":{"footnotes":"","_share_on_mastodon":"0"},"categories":[6],"tags":[25,26160,30,31,34,35,24,1061,14628,8039,32,33,37,39,36,38,40,23,22,28,29,2822,26,27,17665],"class_list":["post-268258","post","type-post","status-publish","format-standard","has-post-thumbnail","category-antrastes","tag-antrastes","tag-apzvalgos-ratas","tag-breaking-news","tag-breakingnews","tag-featured-news","tag-featurednews","tag-headlines","tag-kaunas","tag-kauno-savivaldybe","tag-kulturos-paveldo-departamentas","tag-latest-news","tag-latestnews","tag-lietuva","tag-lietuviu","tag-lithuania","tag-lithuanian","tag-lt","tag-naujienos","tag-news","tag-populiariausios-naujienos","tag-populiariausiosnaujienos","tag-statybos","tag-top-stories","tag-topstories","tag-valstybine-teritoriju-planavimo-ir-statybos-inspekcija"],"share_on_mastodon":{"url":"https:\/\/pubeurope.com\/@lt\/117207010591622966","error":""},"_links":{"self":[{"href":"https:\/\/www.europesays.com\/lt\/wp-json\/wp\/v2\/posts\/268258","targetHints":{"allow":["GET"]}}],"collection":[{"href":"https:\/\/www.europesays.com\/lt\/wp-json\/wp\/v2\/posts"}],"about":[{"href":"https:\/\/www.europesays.com\/lt\/wp-json\/wp\/v2\/types\/post"}],"author":[{"embeddable":true,"href":"https:\/\/www.europesays.com\/lt\/wp-json\/wp\/v2\/users\/2"}],"replies":[{"embeddable":true,"href":"https:\/\/www.europesays.com\/lt\/wp-json\/wp\/v2\/comments?post=268258"}],"version-history":[{"count":0,"href":"https:\/\/www.europesays.com\/lt\/wp-json\/wp\/v2\/posts\/268258\/revisions"}],"wp:featuredmedia":[{"embeddable":true,"href":"https:\/\/www.europesays.com\/lt\/wp-json\/wp\/v2\/media\/268259"}],"wp:attachment":[{"href":"https:\/\/www.europesays.com\/lt\/wp-json\/wp\/v2\/media?parent=268258"}],"wp:term":[{"taxonomy":"category","embeddable":true,"href":"https:\/\/www.europesays.com\/lt\/wp-json\/wp\/v2\/categories?post=268258"},{"taxonomy":"post_tag","embeddable":true,"href":"https:\/\/www.europesays.com\/lt\/wp-json\/wp\/v2\/tags?post=268258"}],"curies":[{"name":"wp","href":"https:\/\/api.w.org\/{rel}","templated":true}]}}