{"id":268262,"date":"2026-09-03T12:07:25","date_gmt":"2026-09-03T12:07:25","guid":{"rendered":"https:\/\/www.europesays.com\/lt\/268262\/"},"modified":"2026-09-03T12:07:25","modified_gmt":"2026-09-03T12:07:25","slug":"norvegija-sulaike-rusijos-laiva-kad-butu-atlyginta-zala-ukrainos-imonei-respublika-lt","status":"publish","type":"post","link":"https:\/\/www.europesays.com\/lt\/268262\/","title":{"rendered":"Norvegija sulaik\u0117 Rusijos laiv\u0105, kad b\u016bt\u0173 atlyginta \u017eala Ukrainos \u012fmonei &#8211; Respublika.lt"},"content":{"rendered":"<p>    \u00d7<\/p>\n<p>    (1\/1) Laivas \u201eProfesorius Mol\u010danovas\u201c. Maritime-executive.com nuotr. <a href=\"https:\/\/www.respublika.lt\/uploads\/img\/catalog\/1\/photo_1_47533984.jpg\" class=\"swiper-photo-download\" download=\"\" rel=\"nofollow noopener\" target=\"_blank\">Atsisi\u0173sti<\/a><\/p>\n<p><img loading=\"lazy\" decoding=\"async\" src=\"https:\/\/www.respublika.lt\/lt\/naujienos\/pasaulis\/kitos_pasaulio_naujienos\/norvegija-sulaike-rusijos-laiva-kad-butu-atlyginta-zala-ukrainos-imonei\/images\/ico_camera_white.gif\" class=\"camera\" width=\"22\" height=\"15\" alt=\"nuotr.\" style=\"position:relative; top:-2px; right:2px;\"\/> 1 nuotr.<\/p>\n<p>Laivas \u201eProfesorius Mol\u010danovas\u201c. Maritime-executive.com nuotr.<\/p>\n<p style=\"text-align: left;\">Norvegija Ukrainos valstybin\u0117s energetikos grup\u0117s \u201eNaftogaz\u201c reikalavimu Arktyje sulaik\u0117 Rusijos kruizin\u012f laiv\u0105 kaip kompensacij\u0105 u\u017e turto konfiskavim\u0105, tre\u010diadien\u012f prane\u0161\u0117 \u0161i bendrov\u0117.<\/p>\n<p style=\"text-align: justify;\" class=\"desktop_banner\">\u00a0<\/p>\n<p style=\"text-align: left;\">\u201eNaftogaz\u201c prane\u0161ime teig\u0117, kad tarnybos pagal Norvegijos teismo nutart\u012f Svalbardo salyne sulaik\u0117 laiv\u0105 \u201eProfesorius Mol\u010danovas\u201c.<\/p>\n<p style=\"text-align: left;\">Norvegijos laikra\u0161tis \u201eAftenposten\u201c citavo Svalbardo policijos pareig\u016bn\u0105, kuris patvirtino \u0161\u012f \u017eingsn\u012f.<\/p>\n<p style=\"text-align: left;\">Sulaikymu siekiama \u012fvykdyti arbitra\u017eo sprendim\u0105, kuriuo Rusija buvo \u012fpareigota sumok\u0117ti \u201eNaftogaz\u201c apie 4,2 mlrd. JAV doleri\u0173 (3,6 mlrd. eur\u0173) u\u017e neteis\u0117t\u0105 turto konfiskavim\u0105 po to, kai Maskva 2014 m. aneksavo Krym\u0105.<\/p>\n<p style=\"text-align: left;\">\u012emon\u0117s laikinasis generalinis direktorius Sergijus Fedorenka prane\u0161ime pavadino Norvegijos \u0117jim\u0105 \u201edar vienu svarbiu \u017eingsniu link teisingumo atk\u016brimo\u201c d\u0117l turto konfiskavimo.<\/p>\n<p style=\"text-align: left;\">\u201eMes ir toliau ie\u0161kosime Rusijos turto visame pasaulyje, kol \u201eNaftogaz\u201c ir kitoms \u201eNaftogaz\u201c grup\u0117s \u012fmon\u0117ms priteista kompensacija bus visi\u0161kai i\u0161mok\u0117ta\u201c, \u2013 sak\u0117 jis.<\/p>\n<p style=\"text-align: left;\">Laiv\u0173 sekimo internetin\u0117s svetain\u0117s \u201eVesselFinder\u201c duomenimis, \u201eProfesorius Mol\u010danovas\u201c buvo i\u0161met\u0119s inkar\u0105 prie kalnakasi\u0173 gyvenviet\u0117s Barencburgo.<\/p>\n<p>Patiko straipsnis? Leisk mums apie tai su\u017einoti. Nepamir\u0161k pasidalinti Facebook! <\/p>\n<p><img loading=\"lazy\" decoding=\"async\" class=\"p2_social_circle_icon\" src=\"https:\/\/www.respublika.lt\/images\/thumbs_up.svg\" width=\"21\" height=\"22\" alt=\"L\"\/><\/p>\n<p><img loading=\"lazy\" decoding=\"async\" class=\"p2_social_circle_icon\" src=\"https:\/\/www.respublika.lt\/images\/facebook.svg\" alt=\"F\" width=\"22\" height=\"22\" style=\"filter: invert(37%) sepia(55%) saturate(2351%) hue-rotate(187deg) brightness(102%) contrast(106%);\"\/><\/p>\n<p>&#13;<br \/>\n\tNesutinkate &#8211; diskutuokime!<br \/>&#13;<br \/>\n\tNepykite komentatoriai, bet komentarai su keiksma\u017eod\u017eiais bus \u0161alinami automati\u0161kai, be atsipra\u0161ymo.\n    <\/p>\n<p>&#13;<br \/>\n              Respublika.lt pasilieka teis\u0119 pa\u0161alinti nekult\u016bringus, keiksma\u017eod\u017eiais pagardintus, su tema nesusijusius, kito asmens vardu pasira\u0161ytus, \u012fstatymus pa\u017eeid\u017eian\u010dius, \u0161lam\u0161t\u0105 reklamuojan\u010dius ar nusikalsti kurstan\u010dius komentarus. Jei kurstysite smurt\u0105, rasin\u0119, tautin\u0119, religin\u0119 ar kitokio pob\u016bd\u017eio neapykant\u0105, \u017evirbliu i\u0161skrid\u0119 j\u016bs\u0173 \u017eod\u017eiai gr\u012f\u017edami gali virsti ton\u0105 sverian\u010diu jau\u010diu &#8211; specialiosioms Lietuvos tarnyboms pareikalavus suteiksime j\u016bs\u0173 duomenis.\n            <\/p>\n","protected":false},"excerpt":{"rendered":"\u00d7 (1\/1) Laivas \u201eProfesorius Mol\u010danovas\u201c. Maritime-executive.com nuotr. Atsisi\u0173sti 1 nuotr. Laivas \u201eProfesorius Mol\u010danovas\u201c. Maritime-executive.com nuotr. Norvegija Ukrainos valstybin\u0117s&hellip;\n","protected":false},"author":2,"featured_media":268263,"comment_status":"","ping_status":"","sticky":false,"template":"","format":"standard","meta":{"footnotes":"","_share_on_mastodon":"0"},"categories":[15],"tags":[25,30,31,34,35,24,815,3561,32,33,37,39,36,38,40,3862,23,22,2443,44,28,29,119,26,27,360,74,75,76],"class_list":["post-268262","post","type-post","status-publish","format-standard","has-post-thumbnail","category-pasaulis","tag-antrastes","tag-breaking-news","tag-breakingnews","tag-featured-news","tag-featurednews","tag-headlines","tag-karas","tag-laivas","tag-latest-news","tag-latestnews","tag-lietuva","tag-lietuviu","tag-lithuania","tag-lithuanian","tag-lt","tag-naftogaz","tag-naujienos","tag-news","tag-norvegija","tag-pasaulis","tag-populiariausios-naujienos","tag-populiariausiosnaujienos","tag-rusija","tag-top-stories","tag-topstories","tag-ukraina","tag-world","tag-world-news","tag-worldnews"],"share_on_mastodon":{"url":"https:\/\/pubeurope.com\/@lt\/117207030450032709","error":""},"_links":{"self":[{"href":"https:\/\/www.europesays.com\/lt\/wp-json\/wp\/v2\/posts\/268262","targetHints":{"allow":["GET"]}}],"collection":[{"href":"https:\/\/www.europesays.com\/lt\/wp-json\/wp\/v2\/posts"}],"about":[{"href":"https:\/\/www.europesays.com\/lt\/wp-json\/wp\/v2\/types\/post"}],"author":[{"embeddable":true,"href":"https:\/\/www.europesays.com\/lt\/wp-json\/wp\/v2\/users\/2"}],"replies":[{"embeddable":true,"href":"https:\/\/www.europesays.com\/lt\/wp-json\/wp\/v2\/comments?post=268262"}],"version-history":[{"count":0,"href":"https:\/\/www.europesays.com\/lt\/wp-json\/wp\/v2\/posts\/268262\/revisions"}],"wp:featuredmedia":[{"embeddable":true,"href":"https:\/\/www.europesays.com\/lt\/wp-json\/wp\/v2\/media\/268263"}],"wp:attachment":[{"href":"https:\/\/www.europesays.com\/lt\/wp-json\/wp\/v2\/media?parent=268262"}],"wp:term":[{"taxonomy":"category","embeddable":true,"href":"https:\/\/www.europesays.com\/lt\/wp-json\/wp\/v2\/categories?post=268262"},{"taxonomy":"post_tag","embeddable":true,"href":"https:\/\/www.europesays.com\/lt\/wp-json\/wp\/v2\/tags?post=268262"}],"curies":[{"name":"wp","href":"https:\/\/api.w.org\/{rel}","templated":true}]}}