{"id":268270,"date":"2026-09-03T12:18:07","date_gmt":"2026-09-03T12:18:07","guid":{"rendered":"https:\/\/www.europesays.com\/lt\/268270\/"},"modified":"2026-09-03T12:18:07","modified_gmt":"2026-09-03T12:18:07","slug":"vasara-gyventojai-islaidavo-be-skrupulu-2","status":"publish","type":"post","link":"https:\/\/www.europesays.com\/lt\/268270\/","title":{"rendered":"Vasar\u0105 gyventojai i\u0161laidavo be skrupul\u0173"},"content":{"rendered":"<td valign=\"top\" colspan=\"2\">\n\t\t\t\t<a name=\"top\" title=\"top\" id=\"top\"><\/a><a class=\"link_image\" href=\"http:\/\/www.verslosavaite.lt\/index.php?option=com_content&amp;task=view&amp;id=25433&amp;Itemid=214\" rel=\"nofollow noopener\" target=\"_blank\"><img decoding=\"async\" src=\"https:\/\/www.europesays.com\/lt\/wp-content\/uploads\/2026\/09\/eur2_sxc.jpg\" width=\"198\" height=\"147.84\" hspace=\"0\" alt=\"Image\" title=\"Image\" border=\"1\" \/><\/a><\/p>\n<p>Eurai<\/p>\n<p>\u0160i\u0105 vasar\u0105 gyventoj\u0173 i\u0161laidos prek\u0117ms ir paslaugoms augo spar\u010diau negu pernai. \u017dmon\u0117s nesikuklino leisdami pinigus nei Lietuvoje, nei keliaudami u\u017esienyje. Daugiausiai d\u0117mesio, palyginti su pra\u0117jusi\u0173 met\u0173 vasara, sulauk\u0117 Balkan\u0173 regionas. Lietuvoje nam\u0173 \u016bki\u0173 vartojim\u0105 skatino atsiimti antros pensij\u0173 pakopos pinigai, bet \u0161io veiksnio \u012ftaka kas m\u0117nes\u012f ma\u017e\u0117ja.   &#13;&#13;<\/p>\n<p class=\"MsoNormal\">\u00a0<\/p>\n<p class=\"MsoNormal\">Ruden\u012f gyventoj\u0173 i\u0161laidos augs l\u0117\u010diau, o infliacija bei padid\u0117jusios pal\u016bkanos kand\u017eiosis stipriau.<\/p>\n<p class=\"MsoNormal\">\u00a0<\/p>\n<p class=\"MsoNormal\">Gaivi vasara Lietuvoje neatv\u0117sino ne pirmo b\u016btinumo preki\u0173 ir paslaug\u0173 vartojimo<\/p>\n<p class=\"MsoNormal\">\u00a0<\/p>\n<p class=\"MsoNormal\">SEB banko duomenys i\u0161 atsiskaitym\u0173 kortel\u0117mis naudojant banko korteli\u0173 skaitytuvus rodo, kad vasar\u0105 gyventojai prek\u0117ms ir paslaugoms Lietuvoje \u012fsigyti i\u0161leido 14 proc. daugiau negu pernai tokiu pat metu. Toks metinis pokytis buvo ma\u017edaug 5 proc. punktais didesnis negu 2025 m. vasar\u0105. Metinis atsiskaitym\u0173 kortel\u0117mis vert\u0117s pikas buvo pasiektas baland\u017eio viduryje, o v\u0117lesniais m\u0117nesiais pokytis stabiliai ma\u017e\u0117jo ir rugpj\u016bt\u012f augimas buvo tik \u0161iek tiek didesnis, palyginti su laikotarpiu iki baland\u017eio. Akivaizdu, kad tok\u012f vartojimo aktyvum\u0105 labiausiai augino i\u0161 antros pakopos pensij\u0173 atsiimtos l\u0117\u0161os. <\/p>\n<p class=\"MsoNormal\">\u00a0<\/p>\n<p class=\"MsoNormal\">\u017dinoma, nereikia nuvertint ir gyventoj\u0173 pajam\u0173 poky\u010di\u0173. Joms augant gyventojai gali sau leisti daugiau. \u0160iemet vidutinis darbo u\u017emokestis po mokes\u010di\u0173 antr\u0105 ketvirt\u012f buvo beveik 9 proc., o vidutin\u0117 senatv\u0117s pensija \u2013 12 proc. didesn\u0117 negu pernai. Bet tokie poky\u010diai yra labai pana\u0161\u016bs \u012f pra\u0117jusi\u0105 vasar\u0105 steb\u0117tas tendencijas. Nam\u0173 \u016bki\u0173 taupymo norma \u0161iemet irgi netur\u0117jo reik\u0161mingiau suma\u017e\u0117ti.\t\t<\/p>\n<p class=\"MsoNormal\">\u00a0<\/p>\n<p class=\"MsoNormal\">\u00a0<\/p>\n<p class=\"MsoNormal\">Daugiau i\u0161leido statybos preki\u0173, bald\u0173 ir juvelyrikos parduotuv\u0117se\u00a0 <\/p>\n<p class=\"MsoNormal\">\u00a0<\/p>\n<p class=\"MsoNormal\">Vasar\u0105 augimu, vir\u0161ijan\u010diu 20 procent\u0173, toliau i\u0161siskyr\u0117 atsiskaitym\u0173 kortel\u0117mis vert\u0117s pokytis statybini\u0173 preki\u0173 parduotuv\u0117se. Spar\u010diau negu pernai ir vis dar dvi\u017eenkliu tempu augo atsiskaitym\u0173 kortel\u0117mis vert\u0117 bald\u0173, telekomunikacij\u0173 \u012frangos, buitin\u0117s \u012frangos ir sporto preki\u0173 parduotuv\u0117se. Istori\u0161kai dideliu apyvartos augimu d\u0117l leid\u017eiam\u0173 atsiimt\u0173 antros pakopos pensij\u0173 fond\u0173 l\u0117\u0161\u0173 gal\u0117jo d\u017eiaugtis ir juvelyrikos dirbini\u0173 prekeiviai. <\/p>\n<p class=\"MsoNormal\">\u00a0<\/p>\n<p class=\"MsoNormal\">Atsiimti antros pakopos pensij\u0173 fond\u0173 pinigai netur\u0117jo \u012ftakos prekybininkams maistu, g\u0117rimais ir tabaku. Atsiskaitymai kortel\u0117mis \u0161iose parduotuv\u0117se vasar\u0105 augo ma\u017edaug 6 proc., arba l\u0117\u010diau negu met\u0173 prad\u017eioje. Tok\u012f l\u0117tesn\u012f augim\u0105 labiausiai l\u0117m\u0117 i\u0161nykusi maisto kain\u0173 infliacija. Visgi manome, kad maisto kainos artimiausiais m\u0117nesiais gali augti d\u0117l prad\u0117jusi\u0173 did\u0117ti kai kuri\u0173 \u017eem\u0117s \u016bkio produkt\u0173 kain\u0173 ir tebedid\u0117jan\u010di\u0173 su energetika susijusi\u0173 s\u0105naud\u0173.<\/p>\n<p class=\"MsoNormal\">\u00a0<\/p>\n<p class=\"MsoNormal\">Kelion\u0117ms u\u017esienyje i\u0161leista gerokai daugiau negu pernai\u00a0 <\/p>\n<p class=\"MsoNormal\">\u00a0<\/p>\n<p class=\"MsoNormal\">\u012e akis labiausiai krinta atsiskaitym\u0173 kortel\u0117mis Balkan\u0173 valstyb\u0117se \u0161uolis \u0161i\u0105 vasar\u0105. Jis ai\u0161kiai rodo, kad regionas yra vis labiau atrandamas poilsiautoj\u0173 i\u0161 Lietuvos. Labiausiai augimu i\u0161siskyr\u0117 i\u0161laid\u0173 \u0161uolis Albanijoje, kur atsiskaitym\u0173 kortel\u0117mis pokytis vir\u0161ijo 150 procent\u0173. Per pastaruosius dvejus metus vykdomi tiesioginiai skryd\u017eiai i\u0161 Vilniaus \u012f Tiran\u0105, matyt, yra svarbiausia tokio augimo prie\u017eastis. Be to, Balkanuose santykinai yra pigiau ir \u0161io kra\u0161to valstyb\u0117s yra ma\u017eai pa\u017eintos, tod\u0117l sulaukia vis daugiau u\u017esienio turist\u0173. Metinis atsiskaitym\u0173 kortel\u0117mis vert\u0117s pokytis vasar\u0105 tokiose \u0161alyse kaip Rumunija, Bulgarija, Juodkalnija ar Bosnija ir Hercegovina did\u0117jo daugiau negu 50 procent\u0173.<\/p>\n<p class=\"MsoNormal\">\u00a0<\/p>\n<p class=\"MsoNormal\">Ne pagal pokyt\u012f, o pagal i\u0161leistas l\u0117\u0161as atostogaujant u\u017esienyje vasar\u0105 toliau karaliavo Piet\u0173 Europos valstyb\u0117s: Italija, Ispanija ir Pranc\u016bzija. Ir \u0161iose \u0161alyse \u0161iemet vasar\u0105 atsiskaitym\u0173 kortel\u0117mis sumos augo kur kas stipriau negu pernai \u2013 metinis pokytis vir\u0161ijo 20 procent\u0173. \u012edomu ir tai, kad pra\u0117jusi\u0173 met\u0173 vasar\u0105 atsiskaitym\u0173 kortel\u0117mis Graikijoje ir Kroatijoje duomenys nerod\u0117 jokio augimo (Graikija, matyt, d\u0117l gaisr\u0173 ankstesniais metais, o Kroatija d\u0117l spartaus kain\u0173 did\u0117jimo), ta\u010diau \u0161iemet \u0161ios valstyb\u0117s v\u0117l gr\u012f\u017eo \u012f keliautoj\u0173 akirat\u012f ir atsiskaitym\u0173 pokytis buvo didesnis negu 20 procent\u0173. <\/p>\n<p class=\"MsoNormal\">\u00a0<\/p>\n<p class=\"MsoNormal\">Gyventoj\u0173 atsiskaitym\u0173 kortel\u0117mis pokytis vasar\u0105 rodo, kad didelio d\u0117mesio sulauk\u0117 ir Kaukazo valstyb\u0117s \u2013 Sakartvelas bei Arm\u0117nija. Taip pat stipriai augo gyventoj\u0173 i\u0161laidos ir dar tolimesn\u0117se valstyb\u0117se, tokiose kaip Kinija, Piet\u0173 Kor\u0117ja bei Indonezija. <\/p>\n<p class=\"MsoNormal\">\u00a0<\/p>\n<p class=\"MsoNormal\">Tiesa, i\u0161laidos u\u017esienyje did\u0117ja ne tik d\u0117l to, kad daugiau keliaujama, bet ir tod\u0117l, kad paslaug\u0173 kainos u\u017esienyje taip pat did\u0117ja. Eurostatas skelbia, kad, pavyzd\u017eiui, Piet\u0173 Europos \u0161alyse maitinimo ir apgyvendinimo kainos per metus padid\u0117jo 3-5 procentais. <\/p>\n<p class=\"MsoNormal\">\u00a0<\/p>\n<p class=\"MsoNormal\">Ruden\u012f i\u0161laidos ne pirmo b\u016btinumo prek\u0117ms ir paslaugoms tur\u0117t\u0173 augti l\u0117\u010diau <\/p>\n<p class=\"MsoNormal\">\u00a0<\/p>\n<p class=\"MsoNormal\">Tik\u0117tina, kad metinis gyventoj\u0173 vartojimo i\u0161laid\u0173 pokytis ruden\u012f bus kuklesnis negu vasar\u0105, ta\u010diau liks istori\u0161kai pakankamai stiprus. Atsiimt\u0173 i\u0161 antros pakopos pensij\u0173 fond\u0173 pinig\u0173 \u012ftaka vartojimui ma\u017e\u0117s. Nors Lietuvoje \u012fsib\u0117g\u0117jo vartojimo preki\u0173 ir paslaug\u0173 kain\u0173 infliacija, o pal\u016bkan\u0173 normos irgi padid\u0117jo, vartotoj\u0173 l\u016bkes\u010diai rugpj\u016bt\u012f i\u0161liko beveik nepakit\u0119, palyginti su pra\u0117jusiais metais. Kita vertus, didesn\u0117 infliacija ir paaugusios i\u0161laidos pal\u016bkanoms vis labiau darys neigiam\u0105 \u012ftak\u0105 realiajam nam\u0173 \u016bki\u0173 vartojimui, juolab, kad gr\u0117sm\u0117, jog \u0161altasis met\u0173 laikas gali b\u016bti gerokai brangesnis d\u0117l didesni\u0173 negu pra\u0117jusiais metais \u0161ilumos, biokuro ir elektros kain\u0173, yra didel\u0117.\u00a0 <\/p>\n<p class=\"MsoNormal\">\u00a0<\/p>\n<tr>\n<td valign=\"top\" colspan=\"2\">\n\t\t\t\t<a name=\"top\" title=\"top\" id=\"top\"><\/a><\/p>\n<p class=\"MsoNormal\"><a href=\"http:\/\/www.verslosavaite.lt\/index.php\" target=\"_blank\" rel=\"nofollow noopener\"><img loading=\"lazy\" decoding=\"async\" src=\"https:\/\/www.europesays.com\/lt\/wp-content\/uploads\/2026\/09\/verslosavaite.gif\" border=\"0\" alt=\"Verslosavaite.lt\" width=\"120\" height=\"29\" align=\"right\" \/><\/a><\/p>\n<p>\u00a0  <\/p>\n<p class=\"MsoNormal\"><a href=\"http:\/\/www.verslosavaite.lt\/index.php\/Kontaktai.html\" rel=\"nofollow noopener\" target=\"_blank\"><img loading=\"lazy\" decoding=\"async\" src=\"https:\/\/www.europesays.com\/lt\/wp-content\/uploads\/2026\/09\/susisiekite.jpg\" border=\"0\" alt=\" \" width=\"538\" height=\"16\" align=\"middle\" \/><\/a> <\/p>\n<p class=\"MsoNormal\">\u00a0<\/p>\n<\/td>\n<\/tr>\n<p>\t\t\u00a0<\/p>\n<p>\t\t\u00a0   \t\t<\/p>\n<tr>\n<td>\n<tr>\n<td valign=\"top\" colspan=\"2\">\n\t\t\t\t<a name=\"top\" title=\"top\" id=\"top\"><\/a><\/p>\n<p class=\"MsoNormal\">VersloSavaite.lt pasilieka teis\u0119 \u0161alinti reklaminius, nekult\u016bringus, \u012f\u017eeid\u017eian\u010dius ar kitaip \u012fstatymus pa\u017eeid\u017eian\u010dius skaitytoj\u0173 komentarus. U\u017e komentarus atsako juos paskelb\u0119 skaitytojai. Paskelbusieji netinkamus komentarus gali b\u016bti patraukti baud\u017eiamojon, administracin\u0117n ar civilin\u0117n atsakomyb\u0117n.<\/p>\n<\/td>\n<\/tr>\n<p>\t\t\u00a0<\/p>\n<\/td>\n<\/tr>\n<p>Susij\u0119 straipsniai: <\/p>\n<\/td>\n","protected":false},"excerpt":{"rendered":"Eurai \u0160i\u0105 vasar\u0105 gyventoj\u0173 i\u0161laidos prek\u0117ms ir paslaugoms augo spar\u010diau negu pernai. \u017dmon\u0117s nesikuklino leisdami pinigus nei Lietuvoje,&hellip;\n","protected":false},"author":2,"featured_media":268271,"comment_status":"","ping_status":"","sticky":false,"template":"","format":"standard","meta":{"footnotes":"","_share_on_mastodon":"0"},"categories":[17],"tags":[4256,81,248,4257,1432,4258,959,37,39,36,38,40,23,4259,1269,1792,38799,46,4252,4253,4254,4255],"class_list":["post-268270","post","type-post","status-publish","format-standard","has-post-thumbnail","category-verslas","tag-biuro-grazuole","tag-business","tag-ekonomika","tag-ekonomine-krize","tag-islaidos","tag-kauno-arena","tag-krize","tag-lietuva","tag-lietuviu","tag-lithuania","tag-lithuanian","tag-lt","tag-naujienos","tag-parduodamas-verslas","tag-politika","tag-straipsniai","tag-vasara-gyventojai-islaidavo-be-skrupulu","tag-verslas","tag-verslo-naujienos","tag-verslosavaite","tag-verslosavaite-lt","tag-www-verslosavaite-lt"],"share_on_mastodon":{"url":"https:\/\/pubeurope.com\/@lt\/117207073779561870","error":""},"_links":{"self":[{"href":"https:\/\/www.europesays.com\/lt\/wp-json\/wp\/v2\/posts\/268270","targetHints":{"allow":["GET"]}}],"collection":[{"href":"https:\/\/www.europesays.com\/lt\/wp-json\/wp\/v2\/posts"}],"about":[{"href":"https:\/\/www.europesays.com\/lt\/wp-json\/wp\/v2\/types\/post"}],"author":[{"embeddable":true,"href":"https:\/\/www.europesays.com\/lt\/wp-json\/wp\/v2\/users\/2"}],"replies":[{"embeddable":true,"href":"https:\/\/www.europesays.com\/lt\/wp-json\/wp\/v2\/comments?post=268270"}],"version-history":[{"count":0,"href":"https:\/\/www.europesays.com\/lt\/wp-json\/wp\/v2\/posts\/268270\/revisions"}],"wp:featuredmedia":[{"embeddable":true,"href":"https:\/\/www.europesays.com\/lt\/wp-json\/wp\/v2\/media\/268271"}],"wp:attachment":[{"href":"https:\/\/www.europesays.com\/lt\/wp-json\/wp\/v2\/media?parent=268270"}],"wp:term":[{"taxonomy":"category","embeddable":true,"href":"https:\/\/www.europesays.com\/lt\/wp-json\/wp\/v2\/categories?post=268270"},{"taxonomy":"post_tag","embeddable":true,"href":"https:\/\/www.europesays.com\/lt\/wp-json\/wp\/v2\/tags?post=268270"}],"curies":[{"name":"wp","href":"https:\/\/api.w.org\/{rel}","templated":true}]}}