{"id":268358,"date":"2026-09-03T13:29:36","date_gmt":"2026-09-03T13:29:36","guid":{"rendered":"https:\/\/www.europesays.com\/lt\/268358\/"},"modified":"2026-09-03T13:29:36","modified_gmt":"2026-09-03T13:29:36","slug":"seimo-pirmininkas-manau-kad-vegele-ir-jankunas-briuselyje-nepagadins-lietuvos-ivaizdzio-respublika-lt","status":"publish","type":"post","link":"https:\/\/www.europesays.com\/lt\/268358\/","title":{"rendered":"Seimo pirmininkas: manau, kad V\u0117g\u0117l\u0117 ir Jank\u016bnas Briuselyje nepagadins Lietuvos \u012fvaizd\u017eio &#8211; Respublika.lt"},"content":{"rendered":"<p><img loading=\"lazy\" decoding=\"async\" src=\"https:\/\/www.respublika.lt\/lt\/naujienos\/lietuva\/lietuvos_politika\/seimo-pirmininkas-manau-kad-vegele-ir-jankunas-briuselyje-nepagadins-lietuvos-ivaizdzio\/images\/ico_camera_white.gif\" class=\"camera\" width=\"22\" height=\"15\" alt=\"nuotr.\" style=\"position:relative; top:-2px; right:2px;\"\/> 1 nuotr.<\/p>\n<p>Juozas Olekas. Eltos nuotr.<\/p>\n<p style=\"text-align: left;\">Parlamentarams Ignui V\u0117g\u0117lei ir Rimui Jonui Jank\u016bnui planuojant vizit\u0105 \u012f Briusel\u012f, kur jie ketina susitikti su Kinijos atstovais Europos S\u0105jungoje, Seimo pirmininkas Juozas Olekas mano, kad tai netur\u0117t\u0173 gadinti Lietuvos \u012fvaizd\u017eio.<\/p>\n<p style=\"text-align: justify;\" class=\"desktop_banner\">\u00a0<\/p>\n<p style=\"text-align: left;\">\u00a0<\/p>\n<p style=\"text-align: left;\">\u201eSeimo nariai laisvi keliauti. (&#8230;) Laisvi \u017emon\u0117s laisvoje \u0161alyje gali keliauti ir susitikti su kuo nori\u201c, \u2013 \u017eurnalistams Seime teig\u0117 J. Olekas.<\/p>\n<p style=\"text-align: left;\">\u201eU\u017esienio politik\u0105 Seime atlieka U\u017esienio reikal\u0173 komitetas, o valstyb\u0117je \u2013 U\u017esienio reikal\u0173 ministerija. Jie turi oficiali\u0105 pozicij\u0105, kaip Lietuvai atstovaujama ir su kuo ji turi kalb\u0117tis ir k\u0105 kalb\u0117tis. Seimo nariai yra protingi \u017emon\u0117s, manau, kad jie nuva\u017eiav\u0119 nepagadins Lietuvos \u012fvaizd\u017eio. Tikiu, kad Seimo nariai susitvarkys\u201c, \u2013 akcentavo jis.<\/p>\n<p style=\"text-align: left;\">Seimo valdyba ketvirtadien\u012f nepritar\u0117 I. V\u0117g\u0117l\u0117s ir R. J. Jank\u016bno komandiruotei \u012f Briusel\u012f, kur parlamentarai planuoja susitikti su Kinijos atstovais.<\/p>\n<p style=\"text-align: left;\">Parlamento vadovas J. Olekas Seimo valdybos pos\u0117dyje pa\u017eym\u0117jo, kad parlamentarai \u012f Briusel\u012f gali vykti, ta\u010diau tokiu atveju jie neb\u016bt\u0173 parlamento deleguoti atstovai.<\/p>\n<p style=\"text-align: left;\">Nepaisant valdybos sprendimo, I. V\u0117g\u0117l\u0117 Eltai tre\u010diadien\u012f patvirtino, jog ketina \u012f susitikim\u0105 vykti savo l\u0117\u0161omis.<\/p>\n<p style=\"text-align: left;\">Savo ruo\u017etu konservator\u0117 Radvil\u0117 Mork\u016bnait\u0117-Mikul\u0117nien\u0117 kreip\u0117si \u012f Seimo Etikos ir proced\u016br\u0173 komisij\u0105, pra\u0161ydama \u012fvertinti \u0161\u012f planuojam\u0105 vizit\u0105.<\/p>\n<p style=\"text-align: left;\">Parlamentarai Briuselyje ketina lankytis rugs\u0117jo\u00a07\u20139 dienomis.\u00a0<\/p>\n<p style=\"text-align: left;\">ELTA primena, kad Vilniaus ir Pekino santykiai gerokai paa\u0161tr\u0117jo po to, kai 2021 m. pabaigoje Lietuvoje buvo atidaryta Taivanie\u010di\u0173 atstovyb\u0117. Pekinas laiko Taivan\u0105 Kinijos provincija, neturin\u010dia teis\u0117s steigti atstovybi\u0173 \u0161alyse, su kuriomis Kinija palaiko oficialius ry\u0161ius. D\u0117l Lietuvos sprendimo Kinija \u0161aliai pritaik\u0117 grie\u017etas diplomatines ir ekonomines sankcijas.\u00a0<\/p>\n","protected":false},"excerpt":{"rendered":"1 nuotr. Juozas Olekas. Eltos nuotr. Parlamentarams Ignui V\u0117g\u0117lei ir Rimui Jonui Jank\u016bnui planuojant vizit\u0105 \u012f Briusel\u012f, kur&hellip;\n","protected":false},"author":2,"featured_media":268359,"comment_status":"","ping_status":"","sticky":false,"template":"","format":"standard","meta":{"footnotes":"","_share_on_mastodon":"0"},"categories":[13],"tags":[25,30,31,6019,34,35,24,17708,479,32,33,37,39,36,38,40,23,22,1145,28,29,1725,26,27,132],"class_list":["post-268358","post","type-post","status-publish","format-standard","has-post-thumbnail","category-lietuva","tag-antrastes","tag-breaking-news","tag-breakingnews","tag-briuselis","tag-featured-news","tag-featurednews","tag-headlines","tag-jankunas","tag-kinija","tag-latest-news","tag-latestnews","tag-lietuva","tag-lietuviu","tag-lithuania","tag-lithuanian","tag-lt","tag-naujienos","tag-news","tag-olekas","tag-populiariausios-naujienos","tag-populiariausiosnaujienos","tag-susitikimas","tag-top-stories","tag-topstories","tag-vegele"],"share_on_mastodon":{"url":"https:\/\/pubeurope.com\/@lt\/117207352705509906","error":""},"_links":{"self":[{"href":"https:\/\/www.europesays.com\/lt\/wp-json\/wp\/v2\/posts\/268358","targetHints":{"allow":["GET"]}}],"collection":[{"href":"https:\/\/www.europesays.com\/lt\/wp-json\/wp\/v2\/posts"}],"about":[{"href":"https:\/\/www.europesays.com\/lt\/wp-json\/wp\/v2\/types\/post"}],"author":[{"embeddable":true,"href":"https:\/\/www.europesays.com\/lt\/wp-json\/wp\/v2\/users\/2"}],"replies":[{"embeddable":true,"href":"https:\/\/www.europesays.com\/lt\/wp-json\/wp\/v2\/comments?post=268358"}],"version-history":[{"count":0,"href":"https:\/\/www.europesays.com\/lt\/wp-json\/wp\/v2\/posts\/268358\/revisions"}],"wp:featuredmedia":[{"embeddable":true,"href":"https:\/\/www.europesays.com\/lt\/wp-json\/wp\/v2\/media\/268359"}],"wp:attachment":[{"href":"https:\/\/www.europesays.com\/lt\/wp-json\/wp\/v2\/media?parent=268358"}],"wp:term":[{"taxonomy":"category","embeddable":true,"href":"https:\/\/www.europesays.com\/lt\/wp-json\/wp\/v2\/categories?post=268358"},{"taxonomy":"post_tag","embeddable":true,"href":"https:\/\/www.europesays.com\/lt\/wp-json\/wp\/v2\/tags?post=268358"}],"curies":[{"name":"wp","href":"https:\/\/api.w.org\/{rel}","templated":true}]}}