{"id":268370,"date":"2026-09-03T13:37:45","date_gmt":"2026-09-03T13:37:45","guid":{"rendered":"https:\/\/www.europesays.com\/lt\/268370\/"},"modified":"2026-09-03T13:37:45","modified_gmt":"2026-09-03T13:37:45","slug":"zelenskis-siulo-vokietijai-parama-respublika-lt","status":"publish","type":"post","link":"https:\/\/www.europesays.com\/lt\/268370\/","title":{"rendered":"Zelenskis si\u016blo Vokietijai param\u0105 &#8211; Respublika.lt"},"content":{"rendered":"<p>    \u00d7<\/p>\n<p>    (1\/1) Volodymyras Zelenskis. EPA-Eltos nuotr. <a href=\"https:\/\/www.respublika.lt\/uploads\/img\/catalog\/1\/photo_1_14730641.jpg\" class=\"swiper-photo-download\" download=\"\" rel=\"nofollow noopener\" target=\"_blank\">Atsisi\u0173sti<\/a><\/p>\n<p><img loading=\"lazy\" decoding=\"async\" src=\"https:\/\/www.respublika.lt\/lt\/naujienos\/pasaulis\/kitos_pasaulio_naujienos\/zelenskis-siulo-vokietijai-parama\/images\/ico_camera_white.gif\" class=\"camera\" width=\"22\" height=\"15\" alt=\"nuotr.\" style=\"position:relative; top:-2px; right:2px;\"\/> 1 nuotr.<\/p>\n<p>Volodymyras Zelenskis. EPA-Eltos nuotr.<\/p>\n<p style=\"text-align: left;\">Po drono incidento Leipcigo oro uoste Ukrainos prezidentas Volodymyras Zelenskis pasi\u016bl\u0117 Vokietijai param\u0105. Ukraina yra pasirengusi pad\u0117ti \u201e\u017einiomis, patirtimi ar kitose srityse\u201c, kuriose Vokietijai reikalinga pagalba, tre\u010diadien\u012f po pokalbio telefonu su Vokietijos kancleriu Friedrichu Merzu parei\u0161k\u0117 V. Zelenskis.\u00a0<\/p>\n<p style=\"text-align: justify;\" class=\"desktop_banner\">\u00a0<\/p>\n<p style=\"text-align: left;\">\u00a0<\/p>\n<p style=\"text-align: left;\">F. Merzas, jo atstovo duomenimis, pokalbio metu patikino, kad Vokietija toliau t\u0119s ry\u017eting\u0105 \u00a0civilin\u0119 ir karin\u0119 param\u0105 Ukrainai. Be to, kancleris informavo Ukrainos prezident\u0105 apie Vokietijos institucij\u0173 i\u0161vadas d\u0117l Rusijos atsakomyb\u0117s u\u017e hibridin\u012f i\u0161puol\u012f Leipcigo oro uoste.<\/p>\n<p style=\"text-align: left;\">V. Zelenskis tinkle \u201eX\u201c teig\u0117, kad Ukrainos ir Vokietijos derybininkai \u0161iuo metu baigia rengti planuojamo dron\u0173 susitarimo tarp abiej\u0173 \u0161ali\u0173 tekst\u0105. Jis es\u0105 suteiks Vokietijai ir Ukrainai \u201epapildom\u0173 gynybos paj\u0117gum\u0173\u201c. V. Zelenskis ra\u0161\u0117, kad su F. Merzu aptar\u0117 susitarimo turin\u012f ir galim\u0105 jo pasira\u0161ymo dat\u0105. Abu susitar\u0117 susitikti asmeni\u0161kai.<\/p>\n<p style=\"text-align: left;\">V. Zelenskis paskelb\u0117, kad Ukraina dar \u0161\u012f m\u0117nes\u012f i\u0161 Vokietijos gaus naujos oro gynybos \u012frangos. Jis pad\u0117kojo F. Merzui u\u017e nuolatin\u0119 Vokietijos param\u0105 ir jos lyderyst\u0119 saugant Ukrainos \u017emones.<\/p>\n<p style=\"text-align: left;\">Antradien\u012f Vokietijos vyriausyb\u0117 apkaltino Rusij\u0105 d\u0117l rugpj\u016b\u010dio 4 d. Leipcigo oro uoste surengto bandymo surengti i\u0161puol\u012f. Ten buvo aptiktas dronas su sprogmenimis \u2013 netoli keli\u0173 Ukrainos krovinini\u0173 l\u0117ktuv\u0173. Berlynas kartu paskelb\u0117, kad, be kita ko, u\u017edarys Rusijos generalin\u012f konsulat\u0105 Bonoje ir Rus\u0173 namus Berlyne.<\/p>\n<p>Patiko straipsnis? Leisk mums apie tai su\u017einoti. Nepamir\u0161k pasidalinti Facebook! <\/p>\n<p><img loading=\"lazy\" decoding=\"async\" class=\"p2_social_circle_icon\" src=\"https:\/\/www.respublika.lt\/images\/thumbs_up.svg\" width=\"21\" height=\"22\" alt=\"L\"\/><\/p>\n<p><img loading=\"lazy\" decoding=\"async\" class=\"p2_social_circle_icon\" src=\"https:\/\/www.respublika.lt\/images\/facebook.svg\" alt=\"F\" width=\"22\" height=\"22\" style=\"filter: invert(37%) sepia(55%) saturate(2351%) hue-rotate(187deg) brightness(102%) contrast(106%);\"\/><\/p>\n<p>&#13;<br \/>\n\tNesutinkate &#8211; diskutuokime!<br \/>&#13;<br \/>\n\tNepykite komentatoriai, bet komentarai su keiksma\u017eod\u017eiais bus \u0161alinami automati\u0161kai, be atsipra\u0161ymo.\n    <\/p>\n<p>&#13;<br \/>\n              Respublika.lt pasilieka teis\u0119 pa\u0161alinti nekult\u016bringus, keiksma\u017eod\u017eiais pagardintus, su tema nesusijusius, kito asmens vardu pasira\u0161ytus, \u012fstatymus pa\u017eeid\u017eian\u010dius, \u0161lam\u0161t\u0105 reklamuojan\u010dius ar nusikalsti kurstan\u010dius komentarus. Jei kurstysite smurt\u0105, rasin\u0119, tautin\u0119, religin\u0119 ar kitokio pob\u016bd\u017eio neapykant\u0105, \u017evirbliu i\u0161skrid\u0119 j\u016bs\u0173 \u017eod\u017eiai gr\u012f\u017edami gali virsti ton\u0105 sverian\u010diu jau\u010diu &#8211; specialiosioms Lietuvos tarnyboms pareikalavus suteiksime j\u016bs\u0173 duomenis.\n            <\/p>\n","protected":false},"excerpt":{"rendered":"\u00d7 (1\/1) Volodymyras Zelenskis. EPA-Eltos nuotr. Atsisi\u0173sti 1 nuotr. Volodymyras Zelenskis. EPA-Eltos nuotr. Po drono incidento Leipcigo oro&hellip;\n","protected":false},"author":2,"featured_media":268371,"comment_status":"","ping_status":"","sticky":false,"template":"","format":"standard","meta":{"footnotes":"","_share_on_mastodon":"0"},"categories":[6],"tags":[25,30,31,34,35,24,9011,32,33,27592,37,39,36,38,40,4378,23,22,28,29,26,27,360,320,363],"class_list":["post-268370","post","type-post","status-publish","format-standard","has-post-thumbnail","category-antrastes","tag-antrastes","tag-breaking-news","tag-breakingnews","tag-featured-news","tag-featurednews","tag-headlines","tag-ispuolis","tag-latest-news","tag-latestnews","tag-leipcigas","tag-lietuva","tag-lietuviu","tag-lithuania","tag-lithuanian","tag-lt","tag-merzas","tag-naujienos","tag-news","tag-populiariausios-naujienos","tag-populiariausiosnaujienos","tag-top-stories","tag-topstories","tag-ukraina","tag-vokietija","tag-zelenskis"],"share_on_mastodon":{"url":"https:\/\/pubeurope.com\/@lt\/117207384172517962","error":""},"_links":{"self":[{"href":"https:\/\/www.europesays.com\/lt\/wp-json\/wp\/v2\/posts\/268370","targetHints":{"allow":["GET"]}}],"collection":[{"href":"https:\/\/www.europesays.com\/lt\/wp-json\/wp\/v2\/posts"}],"about":[{"href":"https:\/\/www.europesays.com\/lt\/wp-json\/wp\/v2\/types\/post"}],"author":[{"embeddable":true,"href":"https:\/\/www.europesays.com\/lt\/wp-json\/wp\/v2\/users\/2"}],"replies":[{"embeddable":true,"href":"https:\/\/www.europesays.com\/lt\/wp-json\/wp\/v2\/comments?post=268370"}],"version-history":[{"count":0,"href":"https:\/\/www.europesays.com\/lt\/wp-json\/wp\/v2\/posts\/268370\/revisions"}],"wp:featuredmedia":[{"embeddable":true,"href":"https:\/\/www.europesays.com\/lt\/wp-json\/wp\/v2\/media\/268371"}],"wp:attachment":[{"href":"https:\/\/www.europesays.com\/lt\/wp-json\/wp\/v2\/media?parent=268370"}],"wp:term":[{"taxonomy":"category","embeddable":true,"href":"https:\/\/www.europesays.com\/lt\/wp-json\/wp\/v2\/categories?post=268370"},{"taxonomy":"post_tag","embeddable":true,"href":"https:\/\/www.europesays.com\/lt\/wp-json\/wp\/v2\/tags?post=268370"}],"curies":[{"name":"wp","href":"https:\/\/api.w.org\/{rel}","templated":true}]}}