{"id":268512,"date":"2026-09-03T16:18:35","date_gmt":"2026-09-03T16:18:35","guid":{"rendered":"https:\/\/www.europesays.com\/lt\/268512\/"},"modified":"2026-09-03T16:18:35","modified_gmt":"2026-09-03T16:18:35","slug":"kvazidrastiskos-priemones-kremlius-apie-vokietijos-dvigubus-standartus-respublika-lt","status":"publish","type":"post","link":"https:\/\/www.europesays.com\/lt\/268512\/","title":{"rendered":"\u201eKvazidrasti\u0161kos priemon\u0117s\u201c: Kremlius apie Vokietijos dvigubus standartus &#8211; Respublika.lt"},"content":{"rendered":"<p><img loading=\"lazy\" decoding=\"async\" src=\"https:\/\/www.respublika.lt\/lt\/naujienos\/pasaulis\/pasaulio_politika\/kvazidrastiskos-priemones-kremlius-apie-vokietijos-dvigubus-standartus\/images\/ico_camera_white.gif\" class=\"camera\" width=\"22\" height=\"15\" alt=\"nuotr.\" style=\"position:relative; top:-2px; right:2px;\"\/> 1 nuotr.<\/p>\n<p>Dmitrijus Peskovas. EPA-Eltos nuotr.<\/p>\n<p style=\"text-align: justify;\" class=\"desktop_banner\">\u00a0<\/p>\n<p style=\"text-align: left;\">Maskva neinicijuos jokio diplomatini\u0173 santyki\u0173 lygio ma\u017einimo, Vladivostoke vykstan\u010dio Ryt\u0173 ekonomikos forumo kuluaruose Rusijos valstybinei televizijai sak\u0117 Kremliaus atstovas Dmitrijus Peskovas.<\/p>\n<p style=\"text-align: left;\">Toks sprendimas gal\u0117t\u0173 reik\u0161ti, kad Maskva ir Berlynas at\u0161aukt\u0173 savo ambasadorius.<\/p>\n<p style=\"text-align: left;\">Rusijos u\u017esienio reikal\u0173 ministerija anks\u010diau teig\u0117, kad santyki\u0173 lygio suma\u017einimas yra viena i\u0161 galim\u0173 reakcij\u0173 \u012f baud\u017eiam\u0105sias priemones, apie kurias po incidento, kuomet rugpj\u016b\u010dio prad\u017eioje Leipcigo\/Hal\u0117s oro uoste buvo rastas nesprog\u0119s dronas su sprogmenimis, paskelb\u0117 Vokietija.<\/p>\n<p style=\"text-align: left;\">Rusija neigia bet kokias s\u0105sajas su dronu, kuris buvo rastas prie Ukrainos krovininio l\u0117ktuvo.<\/p>\n<p style=\"text-align: left;\">D. Peskovas v\u0117l pa\u017e\u0117r\u0117 kritikos priemon\u0117ms, apie kurias antradien\u012f paskelb\u0117 Vokietijos vyriausyb\u0117, apiman\u010dias Rusijos konsulato Bonoje ir Rus\u0173 nam\u0173 Berlyne u\u017edarym\u0105.<\/p>\n<p style=\"text-align: left;\">Jis pavadino planuojam\u0105 konsulato u\u017edarym\u0105 \u201eabsurdi\u0161ku\u201c, atsi\u017evelgiant \u012f tai, kad, pasak jo, Vokietija nepateik\u0117 \u012frodym\u0173, liudijan\u010di\u0173 Rusijos atsakomyb\u0119.<\/p>\n<p style=\"text-align: left;\">Rusija anks\u010diau ketvirtadien\u012f paskelb\u0117, kad, atsakydama \u012f Rus\u0173 nam\u0173 u\u017edarym\u0105, u\u017evers Vokietijos Goethe\u2019s instituto filialus.<\/p>\n<p style=\"text-align: left;\">Kaltina Vokietij\u0105 dvigubais standartais<\/p>\n<p style=\"text-align: left;\">D. Peskovas apkaltino kancler\u012f Friedrich\u0105 Merz\u0105 siekiu pelnyti politini\u0173 ta\u0161k\u0173, nes imamasi nerangi\u0173 ir \u201ekvazidrasti\u0161k\u0173 priemoni\u0173\u201c prie\u0161 Rusij\u0105.<\/p>\n<p style=\"text-align: left;\">\u201eVargu, ar tai i\u0161gelb\u0117s j\u012f nuo jo politinio likimo\u201c, \u2013 tikino D. Peskovas.<\/p>\n<p style=\"text-align: left;\">Jis taip pat kritikavo Vokietijos reakcij\u0105 \u012f 2022 m. \u012fvykusius sprogimus, per kuriuos buvo pa\u017eeisti \u201eNord Stream 1\u201c ir \u00a0\u201eNord Stream 2\u201c dujotiekiai tarp Rusijos ir Vokietijos.<\/p>\n<p style=\"text-align: left;\">D. Peskovas sak\u0117, kad ukrainie\u010diai buvo identifikuoti kaip \u012ftariamieji d\u0117l sprogim\u0173 ir buvo prad\u0117ti tyrimai, ta\u010diau Vokietija ne\u012fved\u0117 joki\u0173 baud\u017eiam\u0173j\u0173 priemoni\u0173 Ukrainai.\u00a0<\/p>\n<p style=\"text-align: left;\">\u201eIki \u0161iol visi \u017emon\u0117s, kurie pastaraisiais metais susprogdino k\u0105 nors voki\u0161ko, buvo ukrainie\u010diai, kuriuos su\u010diupo patys vokie\u010diai\u201c, \u2013 teig\u0117 D. Peskovas.<\/p>\n<p style=\"text-align: left;\">\u201eAr jie u\u017edar\u0117 bent vien\u0105 Ukrainos generalin\u012f konsulat\u0105 tebevykstan\u010dio teismo proceso fone? Ne, neu\u017edar\u0117. Ar jie u\u017edar\u0117 kokius nors Ukrainos kult\u016bros centrus? Ne\u201c, \u2013 prid\u016br\u0117 jis.<\/p>\n<p style=\"text-align: left;\">Vokietija yra did\u017eiausia Ukrainos, besiginan\u010dios nuo Rusijos visapusi\u0161kos invazijos, kuri\u0105 2022 m. vasar\u012f prad\u0117jo Rusijos prezidentas Vladimiras Putinas, r\u0117m\u0117ja Europoje.<\/p>\n","protected":false},"excerpt":{"rendered":"1 nuotr. Dmitrijus Peskovas. EPA-Eltos nuotr. \u00a0 Maskva neinicijuos jokio diplomatini\u0173 santyki\u0173 lygio ma\u017einimo, Vladivostoke vykstan\u010dio Ryt\u0173 ekonomikos&hellip;\n","protected":false},"author":2,"featured_media":268513,"comment_status":"","ping_status":"","sticky":false,"template":"","format":"standard","meta":{"footnotes":"","_share_on_mastodon":"0"},"categories":[15],"tags":[25,30,31,6809,92,34,35,24,8775,32,33,27592,37,39,36,38,40,23,22,44,4376,28,29,119,26,27,320,74,75,76],"class_list":["post-268512","post","type-post","status-publish","format-standard","has-post-thumbnail","category-pasaulis","tag-antrastes","tag-breaking-news","tag-breakingnews","tag-diplomatija","tag-dronas","tag-featured-news","tag-featurednews","tag-headlines","tag-kaltinimai","tag-latest-news","tag-latestnews","tag-leipcigas","tag-lietuva","tag-lietuviu","tag-lithuania","tag-lithuanian","tag-lt","tag-naujienos","tag-news","tag-pasaulis","tag-peskovas","tag-populiariausios-naujienos","tag-populiariausiosnaujienos","tag-rusija","tag-top-stories","tag-topstories","tag-vokietija","tag-world","tag-world-news","tag-worldnews"],"share_on_mastodon":{"url":"https:\/\/pubeurope.com\/@lt\/117208017628455260","error":""},"_links":{"self":[{"href":"https:\/\/www.europesays.com\/lt\/wp-json\/wp\/v2\/posts\/268512","targetHints":{"allow":["GET"]}}],"collection":[{"href":"https:\/\/www.europesays.com\/lt\/wp-json\/wp\/v2\/posts"}],"about":[{"href":"https:\/\/www.europesays.com\/lt\/wp-json\/wp\/v2\/types\/post"}],"author":[{"embeddable":true,"href":"https:\/\/www.europesays.com\/lt\/wp-json\/wp\/v2\/users\/2"}],"replies":[{"embeddable":true,"href":"https:\/\/www.europesays.com\/lt\/wp-json\/wp\/v2\/comments?post=268512"}],"version-history":[{"count":0,"href":"https:\/\/www.europesays.com\/lt\/wp-json\/wp\/v2\/posts\/268512\/revisions"}],"wp:featuredmedia":[{"embeddable":true,"href":"https:\/\/www.europesays.com\/lt\/wp-json\/wp\/v2\/media\/268513"}],"wp:attachment":[{"href":"https:\/\/www.europesays.com\/lt\/wp-json\/wp\/v2\/media?parent=268512"}],"wp:term":[{"taxonomy":"category","embeddable":true,"href":"https:\/\/www.europesays.com\/lt\/wp-json\/wp\/v2\/categories?post=268512"},{"taxonomy":"post_tag","embeddable":true,"href":"https:\/\/www.europesays.com\/lt\/wp-json\/wp\/v2\/tags?post=268512"}],"curies":[{"name":"wp","href":"https:\/\/api.w.org\/{rel}","templated":true}]}}