{"id":268556,"date":"2026-09-03T17:25:12","date_gmt":"2026-09-03T17:25:12","guid":{"rendered":"https:\/\/www.europesays.com\/lt\/268556\/"},"modified":"2026-09-03T17:25:12","modified_gmt":"2026-09-03T17:25:12","slug":"kamstis-iki-neaisku-kur-vakarinis-pikas-paralyziavo-kauna","status":"publish","type":"post","link":"https:\/\/www.europesays.com\/lt\/268556\/","title":{"rendered":"\u201eKam\u0161tis iki neai\u0161ku kur\u201c: vakarinis pikas paraly\u017eiavo Kaun\u0105"},"content":{"rendered":"<p>Ketvirtadienio pavakar\u0119 Kauno vairuotoj\u0173 kantryb\u0119 v\u0117l bando mil\u017eini\u0161kos <a href=\"https:\/\/kaunas.kasvyksta.lt\/spustys\" title=\"Sp\u016bstys\" rel=\"nofollow noopener\" target=\"_blank\">sp\u016bstys<\/a> \u2013 vakarinio piko metu mieste sustojo eismas. Navigacijos program\u0117l\u0117je \u201eWaze\u201c pagrindin\u0117s Kauno arterijos raudonuoja, o kelion\u0117 namo daugeliui u\u017etruks gerokai ilgiau nei \u012fprastai.<\/p>\n<p>Did\u017eiausios sp\u016bstys susiformavo pagrindiniuose \u012fva\u017eiavimuose ir i\u0161va\u017eiavimuose i\u0161 miesto. Eismas itin apsunkintas A1 magistral\u0117je, Islandijos plente, naujajame pietrytiniame aplinkkelyje bei A5 vakariniame aplinkkelyje.<\/p>\n<p><img decoding=\"async\" width=\"720\" height=\"405\" loading=\"lazy\" src=\"https:\/\/www.europesays.com\/lt\/wp-content\/uploads\/2026\/09\/ketvirtadienine-spustis-kaune-6a9982652afcb.jpg@webp.webp\" class=\"w-auto h-auto\" alt=\"Ketvirtadienin\u0117 sp\u016bstis Kaune\"\/><\/p>\n<p>Ketvirtadienin\u0117 sp\u016bstis Kaune \/ \u201eWaze\u201c nuotr.<\/p>\n<p>Did\u017eiuliai transporto srautai fiksuojami ir kitose Kauno gatv\u0117se. Itin sud\u0117tinga situacija Raudondvario plente, Taikos ir Savanori\u0173 prospektuose, K. Bar\u0161ausko g.<\/p>\n<p>Vairuotojai neslepia pyk\u010dio d\u0117l nusidriekusi\u0173 automobili\u0173 eili\u0173:<\/p>\n<p>\u201eKam\u0161tis nuo \u201eDepo\u201c \u012f Garliavos pus\u0119 \u2013 net neai\u0161ku, kur baigiasi. Kit\u0105 kart\u0105 iki Var\u0161uvos galima tik\u0117tis kam\u0161\u010di\u0173. Venkite \u201eVia Balticos\u201c!\u201c \u2013 \u201eKas vyksta Kaune\u201c grup\u0117je piktinosi kaunietis.<\/p>\n<p>Situacijos nelengvina ir vykdomi keli\u0173 tvarkymo darbai. Skaitytojai informuoja apie tvarkomus atitvarus ir u\u017edaryt\u0105 eismo juost\u0105 prie \u010c. Radzinausko tilto.<\/p>\n<p>Skatiname vairuotojus apsi\u0161arvuoti kantrybe ir, jei \u012fmanoma, rinktis alternatyvius mar\u0161rutus.<\/p>\n","protected":false},"excerpt":{"rendered":"Ketvirtadienio pavakar\u0119 Kauno vairuotoj\u0173 kantryb\u0119 v\u0117l bando mil\u017eini\u0161kos sp\u016bstys \u2013 vakarinio piko metu mieste sustojo eismas. Navigacijos program\u0117l\u0117je&hellip;\n","protected":false},"author":2,"featured_media":268557,"comment_status":"","ping_status":"","sticky":false,"template":"","format":"standard","meta":{"footnotes":"","_share_on_mastodon":"0"},"categories":[13],"tags":[3732,26184,25,30,31,563,34,35,24,1061,32,33,37,39,36,38,40,23,22,30706,28,29,9538,26,27,725],"class_list":["post-268556","post","type-post","status-publish","format-standard","has-post-thumbnail","category-lietuva","tag-a1-magistrale","tag-a5-kelias","tag-antrastes","tag-breaking-news","tag-breakingnews","tag-eismas","tag-featured-news","tag-featurednews","tag-headlines","tag-kaunas","tag-latest-news","tag-latestnews","tag-lietuva","tag-lietuviu","tag-lithuania","tag-lithuanian","tag-lt","tag-naujienos","tag-news","tag-pietrytinis-aplinkkelis","tag-populiariausios-naujienos","tag-populiariausiosnaujienos","tag-spustys","tag-top-stories","tag-topstories","tag-vakarinis-aplinkkelis"],"share_on_mastodon":{"url":"https:\/\/pubeurope.com\/@lt\/117208280612169788","error":""},"_links":{"self":[{"href":"https:\/\/www.europesays.com\/lt\/wp-json\/wp\/v2\/posts\/268556","targetHints":{"allow":["GET"]}}],"collection":[{"href":"https:\/\/www.europesays.com\/lt\/wp-json\/wp\/v2\/posts"}],"about":[{"href":"https:\/\/www.europesays.com\/lt\/wp-json\/wp\/v2\/types\/post"}],"author":[{"embeddable":true,"href":"https:\/\/www.europesays.com\/lt\/wp-json\/wp\/v2\/users\/2"}],"replies":[{"embeddable":true,"href":"https:\/\/www.europesays.com\/lt\/wp-json\/wp\/v2\/comments?post=268556"}],"version-history":[{"count":0,"href":"https:\/\/www.europesays.com\/lt\/wp-json\/wp\/v2\/posts\/268556\/revisions"}],"wp:featuredmedia":[{"embeddable":true,"href":"https:\/\/www.europesays.com\/lt\/wp-json\/wp\/v2\/media\/268557"}],"wp:attachment":[{"href":"https:\/\/www.europesays.com\/lt\/wp-json\/wp\/v2\/media?parent=268556"}],"wp:term":[{"taxonomy":"category","embeddable":true,"href":"https:\/\/www.europesays.com\/lt\/wp-json\/wp\/v2\/categories?post=268556"},{"taxonomy":"post_tag","embeddable":true,"href":"https:\/\/www.europesays.com\/lt\/wp-json\/wp\/v2\/tags?post=268556"}],"curies":[{"name":"wp","href":"https:\/\/api.w.org\/{rel}","templated":true}]}}