{"id":268564,"date":"2026-09-03T17:38:15","date_gmt":"2026-09-03T17:38:15","guid":{"rendered":"https:\/\/www.europesays.com\/lt\/268564\/"},"modified":"2026-09-03T17:38:15","modified_gmt":"2026-09-03T17:38:15","slug":"mire-garsus-muzikantas-liudna-zinia-pranese-dukra","status":"publish","type":"post","link":"https:\/\/www.europesays.com\/lt\/268564\/","title":{"rendered":"Mir\u0117 garsus muzikantas: li\u016bdn\u0105 \u017eini\u0105 prane\u0161\u0117 dukra"},"content":{"rendered":"\n<p>Prane\u0161ama, kad David Fair sirgo <a href=\"https:\/\/www.tv3.lt\/naujiena\/gyvenimas\/lietuvoje-nemokamai-tikrins-ar-nesergate-veziu-nepraleiskite-progos-n1547930\" rel=\"nofollow noopener\" target=\"_blank\">v\u0117\u017eiu<\/a>. \u017dini\u0105 apie jo mirt\u012f socialiniame tinkle \u201eFacebook\u201c patvirtino muzikanto dukra Harper, pasidalijusi jautria \u017einute, ra\u0161\u0117 Express.<\/p>\n<p>\u201eSu sunkia \u0161irdimi prane\u0161u, kad mano t\u0117tis David Fair mir\u0117 2026 met\u0173 rugpj\u016b\u010dio 29 dien\u0105. Jis nugyveno nuostab\u0173 gyvenim\u0105, kupin\u0105 meil\u0117s, gerumo ir k\u016brybos. Ka\u017ekur, ne \u0161ioje \u017dem\u0117je, jis v\u0117l susitiko su savo gyvenimo meile Pam. A\u010di\u016b jums visiems, kad pagerbiate jo atminim\u0105. \u017dinau, kad matydamas kiekvien\u0105 nuotrauk\u0105 ir vaizdo \u012fra\u0161\u0105 jis \u0161ypsosi\u201c, \u2013 ra\u0161\u0117 Harper.<\/p>\n<p>     Atskleid\u0117 paskutines muzikanto akimirkas <\/p>\n<p>Daugiau detali\u0173 apie David Fair mirt\u012f atskleid\u0117 jo draugas ir prodiuseris Don Fleming.<\/p>\n<p>\u201eVakar mir\u0117 David Fair i\u0161 \u201e1\/2 Japanese\u201c ir \u201eCoo Coo Rockin\u2019 Time\u201c. Jo dukra Harper jo garbei pak\u0117l\u0117 taur\u0119 su limonado\u00a0ir led\u0173 kokteiliu, o netrukus po to jis ramiai mir\u0117. Pastaruosius kelerius metus jis gyd\u0117si nuo v\u0117\u017eio. Jis buvo pats mieliausias \u017emogus, tur\u0117j\u0119s puik\u0173 humoro jausm\u0105. Jis buvo tikras menininkas ir muzikantas \u2013 viskas \u0117jo i\u0161 \u0161irdies. Sudie, David\u201c, \u2013 ra\u0161\u0117 jis.<\/p>\n<p>        <a href=\"https:\/\/www.tv3.lt\/Uploads\/UGallery\/photos\/72\/d2\/25\/43\/72d225437552e1ce1a28b4c34035c677.jpg\" data-fancybox=\"photos-embed\" data-caption=\"David Fair (\u201eFacebook\u201c nuotr.)\" target=\"_self\" rel=\"nofollow noopener\"> <img decoding=\"async\" class=\"photo-inside-article\" align=\"center\" alt=\"David Fair (\u201eFacebook\u201c nuotr.)\" title=\"David Fair (\u201eFacebook\u201c nuotr.)\" src=\"https:\/\/www.europesays.com\/lt\/wp-content\/uploads\/2026\/09\/72d225437552e1ce1a28b4c34035c677.jpg\" width=\"684\" height=\"654\" loading=\"lazy\" \/> <\/a>       <\/p>\n<p>David ir Jad Fair grup\u0119 \u201eHalf Japanese\u201c sub\u016br\u0117 savo miegamajame a\u0161tuntojo de\u0161imtme\u010dio viduryje. 1977 metais jie i\u0161leido pirmuosius namuose darytus \u012fra\u0161us \u2013 EP \u201eCalling All Girls\u201c.<\/p>\n<p>I\u0161 prad\u017ei\u0173 k\u016brinys buvo i\u0161leistas j\u0173 pa\u010di\u0173 \u012fkurtoje leidykloje, ta\u010diau v\u0117liau muzikantai pasira\u0161\u0117 sutart\u012f su nepriklausoma Did\u017eiosios Britanijos \u012fra\u0161\u0173 kompanija. 1980 metais pasirod\u0117 debiutinis grup\u0117s albumas \u201eHalf Gentlemen\/Not Beasts\u201c.<\/p>\n<p>\u201eHalf Japanese\u201c ilgainiui tapo kultine ir didel\u0119 \u012ftak\u0105 alternatyviajai muzikai padariusia grupe.<\/p>\n<p> Gerb\u0117jai dalijasi jautriais prisiminimais <\/p>\n<p>Pasklidus \u017einiai apie David Fair mirt\u012f, socialiniuose tinkluose pasipyl\u0117 gerb\u0117j\u0173 u\u017euojautos ir prisiminimai.<\/p>\n<p>\u201eJis pakeit\u0117 vis\u0105 po\u017ei\u016br\u012f \u012f muzik\u0105, k\u016bryb\u0105 ir nesavanaudi\u0161k\u0105 \u017eaismingum\u0105\u201c, \u2013 ra\u0161\u0117 vienas \u017emogus.<\/p>\n<p>Kitas prid\u016br\u0117: \u201eGili siela, kurios labai tr\u016bks.\u201c<\/p>\n<p>     <a href=\"https:\/\/www.tv3.lt\/Uploads\/UGallery\/photos\/14\/74\/c9\/3c\/1474c93c723080eb1936dfbab3e1b7f1.jpg\" data-fancybox=\"photos-embed\" data-caption=\"David Fair (\u201eFacebook\u201c nuotr.)\" target=\"_self\" rel=\"nofollow noopener\"> <img decoding=\"async\" class=\"photo-inside-article\" align=\"center\" alt=\"David Fair (\u201eFacebook\u201c nuotr.)\" title=\"David Fair (\u201eFacebook\u201c nuotr.)\" src=\"https:\/\/www.europesays.com\/lt\/wp-content\/uploads\/2026\/09\/1474c93c723080eb1936dfbab3e1b7f1.jpg\" width=\"684\" height=\"654\" loading=\"lazy\" \/> <\/a>       <\/p>\n<p>Dar vienas gerb\u0117jas prisimin\u0117 \u201eHalf Japanese\u201c koncertuose prad\u0117j\u0119s lankytis dar 1979 metais.<\/p>\n<p>\u201e\u012e \u201eHalf Japanese\u201c koncertus prad\u0117jau eiti 1979 metais, o gal net ir anks\u010diau, kai dar buvau Hopkins studentas. David, Jad ir kiti buvo mano gyvenimo dalis beveik penkis de\u0161imtme\u010dius. Negaliu \u012fsivaizduoti pasaulio be David. Jis buvo pats geriausias \u017emogus, kok\u012f pa\u017einojau\u201c, \u2013 dalijosi jis.<\/p>\n<p>\n                                        \u0160altinis:<br \/>\n                                                                                    tv3.lt\n                                                                                <\/p>\n<p>Kvie\u010diame atrasti nauj\u0105 tv3.lt turin\u012f! Nuo \u0161iol portale j\u016bs\u0173 laukia ne tik <a href=\"https:\/\/www.tv3.lt\/testai\" rel=\"nofollow noopener\" target=\"_blank\">kasdien nauji testai<\/a>, bet ir <a href=\"https:\/\/www.tv3.lt\/kryziazodziai\" rel=\"nofollow noopener\" target=\"_blank\">kry\u017eia\u017eod\u017eiai <\/a>\u2013 i\u0161bandykite savo \u017einias, spr\u0119skite ir smagiai praleiskite laik\u0105. <\/p>\n","protected":false},"excerpt":{"rendered":"Prane\u0161ama, kad David Fair sirgo v\u0117\u017eiu. \u017dini\u0105 apie jo mirt\u012f socialiniame tinkle \u201eFacebook\u201c patvirtino muzikanto dukra Harper, pasidalijusi&hellip;\n","protected":false},"author":2,"featured_media":268565,"comment_status":"","ping_status":"","sticky":false,"template":"","format":"standard","meta":{"footnotes":"","_share_on_mastodon":"0"},"categories":[21],"tags":[38820,57,43,113,55,48,54,51,49,50,37,39,36,38,40,45,23,44,114,53,42,56,47,41,46,58,52],"class_list":["post-268564","post","type-post","status-publish","format-standard","has-post-thumbnail","category-pramogos","tag-2026-09-03-112500","tag-daiktai","tag-dienos-kronika","tag-entertainment","tag-gatves-tekstai","tag-gyvenimas","tag-interneto-pievos","tag-keliones","tag-kultura","tag-laisvalaikis","tag-lietuva","tag-lietuviu","tag-lithuania","tag-lithuanian","tag-lt","tag-mokslas-ir-it","tag-naujienos","tag-pasaulis","tag-pramogos","tag-projektai","tag-rinktiniai-tekstai","tag-simtmecio-portalas","tag-sportas","tag-tv3-lt","tag-verslas","tag-video","tag-zaidimai"],"share_on_mastodon":{"url":"https:\/\/pubeurope.com\/@lt\/117208331944128536","error":""},"_links":{"self":[{"href":"https:\/\/www.europesays.com\/lt\/wp-json\/wp\/v2\/posts\/268564","targetHints":{"allow":["GET"]}}],"collection":[{"href":"https:\/\/www.europesays.com\/lt\/wp-json\/wp\/v2\/posts"}],"about":[{"href":"https:\/\/www.europesays.com\/lt\/wp-json\/wp\/v2\/types\/post"}],"author":[{"embeddable":true,"href":"https:\/\/www.europesays.com\/lt\/wp-json\/wp\/v2\/users\/2"}],"replies":[{"embeddable":true,"href":"https:\/\/www.europesays.com\/lt\/wp-json\/wp\/v2\/comments?post=268564"}],"version-history":[{"count":0,"href":"https:\/\/www.europesays.com\/lt\/wp-json\/wp\/v2\/posts\/268564\/revisions"}],"wp:featuredmedia":[{"embeddable":true,"href":"https:\/\/www.europesays.com\/lt\/wp-json\/wp\/v2\/media\/268565"}],"wp:attachment":[{"href":"https:\/\/www.europesays.com\/lt\/wp-json\/wp\/v2\/media?parent=268564"}],"wp:term":[{"taxonomy":"category","embeddable":true,"href":"https:\/\/www.europesays.com\/lt\/wp-json\/wp\/v2\/categories?post=268564"},{"taxonomy":"post_tag","embeddable":true,"href":"https:\/\/www.europesays.com\/lt\/wp-json\/wp\/v2\/tags?post=268564"}],"curies":[{"name":"wp","href":"https:\/\/api.w.org\/{rel}","templated":true}]}}