{"id":268570,"date":"2026-09-03T17:43:56","date_gmt":"2026-09-03T17:43:56","guid":{"rendered":"https:\/\/www.europesays.com\/lt\/268570\/"},"modified":"2026-09-03T17:43:56","modified_gmt":"2026-09-03T17:43:56","slug":"uz-rabinu-apspjaudyma-vilnieciui-apribota-laisve-respublika-lt","status":"publish","type":"post","link":"https:\/\/www.europesays.com\/lt\/268570\/","title":{"rendered":"U\u017e rabin\u0173 apspjaudym\u0105 vilnie\u010diui apribota laisv\u0117 &#8211; Respublika.lt"},"content":{"rendered":"<p><img loading=\"lazy\" decoding=\"async\" src=\"https:\/\/www.respublika.lt\/lt\/naujienos\/lietuva\/kitos-lietuvos-zinios\/uz-rabinu-apspjaudyma-vilnieciui-apribota-laisve\/images\/ico_camera_white.gif\" class=\"camera\" width=\"22\" height=\"15\" alt=\"nuotr.\" style=\"position:relative; top:-2px; right:2px;\"\/> 1 nuotr.<\/p>\n<p>Visuomenininkas Grafas Liutkevi\u010dius. Irmanto Sidarevi\u010diaus nuotr.<\/p>\n<p style=\"text-align: justify;\" class=\"desktop_banner\">\u00a0<\/p>\n<p>Vilniaus miesto apylink\u0117s teismas baud\u017eiamuoju \u012fsakymu sostin\u0117s gyventojui 54 met\u0173 Grafui Liutkevi\u010diui d\u0117l kurstymo prie\u0161 \u017emoni\u0173 grup\u0119 d\u0117l j\u0173 \u017eyd\u0173 tautyb\u0117s ir religijos bei vie\u0161osios tvarkos pa\u017eeidimo skyr\u0117 laisv\u0117s apribojim\u0105 vieneriems metams.<\/p>\n<p>\u0160iuo laikotarpiu jis \u012fpareigotas b\u016bti savo namuose nuo 22 val. iki 6 val., prad\u0117ti dirbti arba u\u017esiregistruoti U\u017eimtumo tarnyboje, neatlygintinai i\u0161dirbti 80 valand\u0173 socialini\u0173 paslaug\u0173 \u012fstaigose, kurios r\u016bpinasi senyvo am\u017eiaus ar kitais pagalbos reikalingais \u017emon\u0117mis bei sudalyvauti elgesio pataisos programoje.<\/p>\n<p>Teismas konfiskavo nuteistojo telefon\u0105. Vilnietis taip pat tur\u0117s atlyginti nukent\u0117jusi\u0173j\u0173 patirt\u0105 neturtin\u0119 \u017eal\u0105.<\/p>\n<p>Kaip informavo prokurat\u016bra, teismas nustat\u0117, jog \u0161.m. liep\u0105 G. Liutkevi\u010dius vie\u0161oje vietoje Vilniuje, elgdamasis agresyviai ir \u012f\u017e\u016bliai, piktybi\u0161kai ty\u010diodamasis, pri\u0117jo prie trij\u0173 laikinai \u012f Lietuv\u0105 atvykusi\u0173 judaizmo religijos mokytoj\u0173 &#8211; rabin\u0173.<\/p>\n<p>Vyras filmuodamas telefonu, savo \u017eod\u017eiais ir apspjaudamas \u017eydus niekino, i\u0161 j\u0173 ty\u010diojosi ir skatino neapykant\u0105 d\u0117l j\u0173 tautyb\u0117s ir judaizmo religijos.<\/p>\n<p>G. Liutkevi\u010dius pripa\u017eintas kaltu ir d\u0117l to, kad \u0161iuo nufilmuotu vaizdo \u012fra\u0161u su neapykantos kalba kelis kartus vie\u0161ai pasidalino socialinio tinklo \u201eFacebook&#8221; paskyroje. Jis paskelbdamas i\u0161\u0161\u016bk\u012f, kuriuo buvo kurstoma neapykanta prie\u0161 \u017emones d\u0117l j\u0173 \u017eyd\u0173 tautyb\u0117s ir judaizmo religijos, taip pat vie\u0161ai paskelb\u0117 papildom\u0105 vaizdo \u012fra\u0161\u0105, kuriuo m\u0117gino teisinti savo neapykantos prie\u0161 \u017eyd\u0173 tautyb\u0117s asmenis ir j\u0173 religij\u0105 veiksmus.<\/p>\n<p>Kaip ra\u0161\u0117 \u201eElta&#8221;, G.Liutkevi\u010dius buvo pavie\u0161in\u0119s \u012fra\u0161\u0105 su u\u017era\u0161u \u201eNaujas i\u0161\u0161\u016bkis&#8221;: \u201eapspjauk sionist\u0105 ir pavie\u0161ink&#8221;.<\/p>\n<p>Matyti, kaip jis prieina prie atvyk\u0117li\u0173, bando juos kalbinti lietuvi\u0161kai, ta\u010diau \u0161ie papra\u0161o kalb\u0117ti angli\u0161kai. Tuomet vyras angli\u0161kai sako gird\u0117j\u0119s, kad es\u0105 \u017eydai m\u0117gsta spjaudyti ant krik\u0161\u010dioni\u0173. Rabinai tai bando neigti. Tada G.Liutkevi\u010dius liepia jiems va\u017eiuoti namo, o v\u0117liau apspjaudo.<\/p>\n<p>Teismo sprendimas gali b\u016bti skund\u017eiamas.<\/p>\n","protected":false},"excerpt":{"rendered":"1 nuotr. Visuomenininkas Grafas Liutkevi\u010dius. Irmanto Sidarevi\u010diaus nuotr. \u00a0 Vilniaus miesto apylink\u0117s teismas baud\u017eiamuoju \u012fsakymu sostin\u0117s gyventojui 54&hellip;\n","protected":false},"author":2,"featured_media":268571,"comment_status":"","ping_status":"","sticky":false,"template":"","format":"standard","meta":{"footnotes":"","_share_on_mastodon":"0"},"categories":[6],"tags":[25,38825,30,31,34,35,38821,24,38823,32,33,37,39,36,38,38822,40,23,3367,22,28,29,38824,255,26,27,1453],"class_list":["post-268570","post","type-post","status-publish","format-standard","has-post-thumbnail","category-antrastes","tag-antrastes","tag-apspjauti","tag-breaking-news","tag-breakingnews","tag-featured-news","tag-featurednews","tag-grafas","tag-headlines","tag-judaizmas","tag-latest-news","tag-latestnews","tag-lietuva","tag-lietuviu","tag-lithuania","tag-lithuanian","tag-liutkevicius","tag-lt","tag-naujienos","tag-neapykanta","tag-news","tag-populiariausios-naujienos","tag-populiariausiosnaujienos","tag-rabinai","tag-teismas","tag-top-stories","tag-topstories","tag-zydai"],"share_on_mastodon":{"url":"https:\/\/pubeurope.com\/@lt\/117208355234921323","error":""},"_links":{"self":[{"href":"https:\/\/www.europesays.com\/lt\/wp-json\/wp\/v2\/posts\/268570","targetHints":{"allow":["GET"]}}],"collection":[{"href":"https:\/\/www.europesays.com\/lt\/wp-json\/wp\/v2\/posts"}],"about":[{"href":"https:\/\/www.europesays.com\/lt\/wp-json\/wp\/v2\/types\/post"}],"author":[{"embeddable":true,"href":"https:\/\/www.europesays.com\/lt\/wp-json\/wp\/v2\/users\/2"}],"replies":[{"embeddable":true,"href":"https:\/\/www.europesays.com\/lt\/wp-json\/wp\/v2\/comments?post=268570"}],"version-history":[{"count":0,"href":"https:\/\/www.europesays.com\/lt\/wp-json\/wp\/v2\/posts\/268570\/revisions"}],"wp:featuredmedia":[{"embeddable":true,"href":"https:\/\/www.europesays.com\/lt\/wp-json\/wp\/v2\/media\/268571"}],"wp:attachment":[{"href":"https:\/\/www.europesays.com\/lt\/wp-json\/wp\/v2\/media?parent=268570"}],"wp:term":[{"taxonomy":"category","embeddable":true,"href":"https:\/\/www.europesays.com\/lt\/wp-json\/wp\/v2\/categories?post=268570"},{"taxonomy":"post_tag","embeddable":true,"href":"https:\/\/www.europesays.com\/lt\/wp-json\/wp\/v2\/tags?post=268570"}],"curies":[{"name":"wp","href":"https:\/\/api.w.org\/{rel}","templated":true}]}}