{"id":268576,"date":"2026-09-03T17:58:37","date_gmt":"2026-09-03T17:58:37","guid":{"rendered":"https:\/\/www.europesays.com\/lt\/268576\/"},"modified":"2026-09-03T17:58:37","modified_gmt":"2026-09-03T17:58:37","slug":"alytaus-kavines-ir-restoranai-kvieciami-senjorus-pavaisinti-kava-ar-arbata","status":"publish","type":"post","link":"https:\/\/www.europesays.com\/lt\/268576\/","title":{"rendered":"Alytaus kavin\u0117s ir restoranai kvie\u010diami senjorus pavai\u0161inti kava ar arbata"},"content":{"rendered":"<p>Klausykite Jums patogiu metu \u2013 prenumeruokite podcast\u2019\u0105:<\/p>\n<p class=\"wp-block-paragraph\">Spalio 1-\u0105j\u0105 puodelis kavos ar arbatos Alytaus senjorams kai kuriose miesto kavin\u0117se ir restoranuose gali nieko nekainuoti. Alytaus miesto savivaldyb\u0117 ketvirtus metus i\u0161 eil\u0117s kvie\u010dia maitinimo \u012fstaigas prisid\u0117ti prie Tarptautinei pagyvenusi\u0173 \u017emoni\u0173 dienai skirtos iniciatyvos. Akcijos id\u0117ja paprasta \u2013 spalio 1 dien\u0105 senjorus nemokamai pavai\u0161inti puodeliu kavos arba arbatos.<\/p>\n<p><a href=\"https:\/\/www.europesays.com\/lt\/wp-content\/uploads\/2026\/09\/kavos-aparatas.jpg\"><img loading=\"lazy\" data-lazyloaded=\"1\" decoding=\"async\" width=\"1920\" height=\"1080\" data-id=\"234141\" src=\"https:\/\/www.europesays.com\/lt\/wp-content\/uploads\/2026\/09\/kavos-aparatas.jpg\" alt=\"Kavos Aparatas\" class=\"wp-image-234141\" data-fancybox=\"\"  data-\/><\/a><\/p>\n<p class=\"wp-block-paragraph\">Savivaldyb\u0117 iniciatyv\u0105 grind\u017eia siekiu paskatinti garbaus am\u017eiaus alyti\u0161kius da\u017eniau i\u0161eiti i\u0161 nam\u0173, susitikti su bendraam\u017eiais, pabendrauti ir pakeisti kasdien\u0119 aplink\u0105.<\/p>\n<p class=\"wp-block-paragraph\">Ne kiekvienam senjorui apsilankymas kavin\u0117je yra \u012fprasta kasdienyb\u0117s dalis. Vieniems tokias galimybes riboja finansai, kitiems gali b\u016bti nedr\u0105su vieniems praverti kavin\u0117s ar restorano duris. Spalio 1-osios akcija tur\u0117t\u0173 tapti proga susitikti prie kavos ar arbatos puodelio ir tiems, kurie \u012f kavines u\u017esuka retai.<\/p>\n<p><a href=\"https:\/\/www.europesays.com\/lt\/wp-content\/uploads\/2026\/09\/78f5849d7d0cffe9f1dcc8a1ca768f9ac1ee629072ff2c7f829de4eb91415beb.png\"><img loading=\"lazy\" data-lazyloaded=\"1\" decoding=\"async\" width=\"770\" height=\"400\" src=\"https:\/\/www.europesays.com\/lt\/wp-content\/uploads\/2026\/09\/78f5849d7d0cffe9f1dcc8a1ca768f9ac1ee629072ff2c7f829de4eb91415beb.png\" alt=\"\" class=\"wp-image-252615\" data-fancybox=\"\"  data-\/><\/a><\/p>\n<p class=\"wp-block-paragraph\">\u0160iemet tai bus jau ketvirtas kartas, kai Alytaus miesto savivaldyb\u0117 organizuoja toki\u0105 iniciatyv\u0105.<\/p>\n<p class=\"wp-block-paragraph\">Kol kas konkre\u010di\u0173 kavini\u0173 ir restoran\u0173, kuriuose spalio 1-\u0105j\u0105 senjorai bus vai\u0161inami nemokamai, s\u0105ra\u0161as nepateikiamas \u2013 pirmiausia kvie\u010diami atsiliepti prie akcijos norintys prisijungti verslai.<\/p>\n<p class=\"wp-block-paragraph\">Kavin\u0117s ir restoranai apie nor\u0105 dalyvauti iniciatyvoje Alytaus miesto savivaldyb\u0117s administracijos Verslo skyri\u0173 tur\u0117t\u0173 informuoti iki rugs\u0117jo 25 dienos. Kurios Alytaus maitinimo \u012fstaigos prisid\u0117s prie akcijos, paai\u0161k\u0117s pasibaigus registracijai.<\/p>\n<p class=\"wp-block-paragraph\">Parengta pagal Alytaus miesto savivaldyb\u0117s Komunikacijos skyriaus informacij\u0105.<\/p>\n","protected":false},"excerpt":{"rendered":"Klausykite Jums patogiu metu \u2013 prenumeruokite podcast\u2019\u0105: Spalio 1-\u0105j\u0105 puodelis kavos ar arbatos Alytaus senjorams kai kuriose miesto&hellip;\n","protected":false},"author":2,"featured_media":268577,"comment_status":"","ping_status":"","sticky":false,"template":"","format":"standard","meta":{"footnotes":"","_share_on_mastodon":"0"},"categories":[17],"tags":[7005,2550,81,7006,37,39,36,38,40,46],"class_list":["post-268576","post","type-post","status-publish","format-standard","has-post-thumbnail","category-verslas","tag-alytaus-radijas","tag-alytus","tag-business","tag-fm99","tag-lietuva","tag-lietuviu","tag-lithuania","tag-lithuanian","tag-lt","tag-verslas"],"share_on_mastodon":{"url":"https:\/\/pubeurope.com\/@lt\/117208410845589363","error":""},"_links":{"self":[{"href":"https:\/\/www.europesays.com\/lt\/wp-json\/wp\/v2\/posts\/268576","targetHints":{"allow":["GET"]}}],"collection":[{"href":"https:\/\/www.europesays.com\/lt\/wp-json\/wp\/v2\/posts"}],"about":[{"href":"https:\/\/www.europesays.com\/lt\/wp-json\/wp\/v2\/types\/post"}],"author":[{"embeddable":true,"href":"https:\/\/www.europesays.com\/lt\/wp-json\/wp\/v2\/users\/2"}],"replies":[{"embeddable":true,"href":"https:\/\/www.europesays.com\/lt\/wp-json\/wp\/v2\/comments?post=268576"}],"version-history":[{"count":0,"href":"https:\/\/www.europesays.com\/lt\/wp-json\/wp\/v2\/posts\/268576\/revisions"}],"wp:featuredmedia":[{"embeddable":true,"href":"https:\/\/www.europesays.com\/lt\/wp-json\/wp\/v2\/media\/268577"}],"wp:attachment":[{"href":"https:\/\/www.europesays.com\/lt\/wp-json\/wp\/v2\/media?parent=268576"}],"wp:term":[{"taxonomy":"category","embeddable":true,"href":"https:\/\/www.europesays.com\/lt\/wp-json\/wp\/v2\/categories?post=268576"},{"taxonomy":"post_tag","embeddable":true,"href":"https:\/\/www.europesays.com\/lt\/wp-json\/wp\/v2\/tags?post=268576"}],"curies":[{"name":"wp","href":"https:\/\/api.w.org\/{rel}","templated":true}]}}