{"id":268600,"date":"2026-09-03T18:36:40","date_gmt":"2026-09-03T18:36:40","guid":{"rendered":"https:\/\/www.europesays.com\/lt\/268600\/"},"modified":"2026-09-03T18:36:40","modified_gmt":"2026-09-03T18:36:40","slug":"rusijai-lietuvos-griezto-protesto-notos-respublika-lt","status":"publish","type":"post","link":"https:\/\/www.europesays.com\/lt\/268600\/","title":{"rendered":"Rusijai &#8211; Lietuvos grie\u017eto protesto notos &#8211; Respublika.lt"},"content":{"rendered":"<p><img loading=\"lazy\" decoding=\"async\" src=\"https:\/\/www.respublika.lt\/lt\/naujienos\/lietuva\/lietuvos_politika\/rusijai---lietuvos-griezto-protesto-notos\/images\/ico_camera_white.gif\" class=\"camera\" width=\"22\" height=\"15\" alt=\"nuotr.\" style=\"position:relative; top:-2px; right:2px;\"\/> 1 nuotr.<\/p>\n<p>U\u017esienio reikal\u0173 ministerija. Irmanto Sidarevi\u010diaus nuotr.<\/p>\n<p style=\"text-align: justify;\" class=\"desktop_banner\">\u00a0<\/p>\n<p style=\"text-align: left;\">\u00a0<\/p>\n<p style=\"text-align: left;\">Pirm\u0105ja nota Lietuva i\u0161rei\u0161k\u0117 solidarum\u0105 su Vokietija bei grie\u017etai pasmerk\u0117 Rusijos ketinimus surengti dron\u0173 atak\u0105 Leipcigo-Hal\u0117s oro uoste.<\/p>\n<p style=\"text-align: left;\">\u201eLietuva kartu su savo s\u0105jungininkais ry\u017etingai reaguos \u012f kiekvien\u0105 Rusijos m\u0117ginim\u0105 vykdyti hibridines atakas ar kitus tarptautin\u0119 teis\u0119 pa\u017eeid\u017eian\u010dius veiksmus, \u012fskaitant diversijas, sabota\u017e\u0105, kibernetinius ir kitokio pob\u016bd\u017eio i\u0161puolius. Bet kokie tokio pob\u016bd\u017eio veiksmai prie\u0161 vien\u0105 i\u0161 s\u0105junginink\u0173 laikytini i\u0161puoliu prie\u0161 visos euroatlantin\u0117s bendruomen\u0117s saugum\u0105\u201c, \u2013 pabr\u0117\u017e\u0117 URM.<\/p>\n<p style=\"text-align: left;\">Antroji protesto nota Rusijos atstovui buvo \u012fteikta d\u0117l nesiliaujan\u010di\u0173 agresor\u0117s i\u0161puoli\u0173 prie\u0161 Ukrainos civilius.\u00a0<\/p>\n<p style=\"text-align: left;\">Notoje pabr\u0117\u017etas rugs\u0117jo 1 dien\u0105 Rusijos surengtas oro antpuolis prie\u0161 Kijev\u0105 ir jo srit\u012f, per kur\u012f \u017euvo ma\u017eiausiai 12 civili\u0173, o kelios de\u0161imtys \u017emoni\u0173, \u012fskaitant ir tris vaikus, buvo su\u017eeisti. \u00a0<\/p>\n<p style=\"text-align: left;\">Per kombinuot\u0105 atak\u0105 taip pat buvo sugriauti ir apgadinti gyvenamieji namai, nukent\u0117jo civilin\u0117 infrastrukt\u016bra.<\/p>\n<p style=\"text-align: left;\">Lietuva oficialiai pareikalavo, kad Rusija nedelsdama nutraukt\u0173 hibridines atakas Europos valstyb\u0117se, sustabdyt\u0173 karin\u0119 agresij\u0105 prie\u0161 Ukrain\u0105 bei joje vykdomus karo ir i\u0161vest\u0173 savo okupacines paj\u0117gas i\u0161 visos tarptautiniu mastu pripa\u017eintos Ukrainos teritorijos.<\/p>\n<p style=\"text-align: left;\">Kaip skelbta, Vokietija antradien\u012f parei\u0161k\u0117, kad Rusija yra atsakinga u\u017e rugpj\u016b\u010dio 4 dien\u0105 \u012fvykus\u012f drono i\u0161puol\u012f Leipcigo oro uoste, kai tarp Ukrainos krovini\u0173 l\u0117ktuv\u0173 buvo aptiktas dronas su sprogmenimis ir detonavimo mechanizmu.<\/p>\n<p style=\"text-align: left;\">Nepilotuojamoji skraidykl\u0117 nesprogo.<\/p>\n<p style=\"text-align: left;\">Palaikym\u0105 Vokietijai i\u0161rei\u0161k\u0117 Lietuvos bei Europos lyderiai.\u00a0<\/p>\n","protected":false},"excerpt":{"rendered":"1 nuotr. U\u017esienio reikal\u0173 ministerija. Irmanto Sidarevi\u010diaus nuotr. \u00a0 \u00a0 Pirm\u0105ja nota Lietuva i\u0161rei\u0161k\u0117 solidarum\u0105 su Vokietija bei&hellip;\n","protected":false},"author":2,"featured_media":268601,"comment_status":"","ping_status":"","sticky":false,"template":"","format":"standard","meta":{"footnotes":"","_share_on_mastodon":"0"},"categories":[6],"tags":[25,30,31,34,35,24,32,33,37,39,36,38,40,23,22,13301,28,29,27847,119,26,27,360,1502,320],"class_list":["post-268600","post","type-post","status-publish","format-standard","has-post-thumbnail","category-antrastes","tag-antrastes","tag-breaking-news","tag-breakingnews","tag-featured-news","tag-featurednews","tag-headlines","tag-latest-news","tag-latestnews","tag-lietuva","tag-lietuviu","tag-lithuania","tag-lithuanian","tag-lt","tag-naujienos","tag-news","tag-nota","tag-populiariausios-naujienos","tag-populiariausiosnaujienos","tag-protesto","tag-rusija","tag-top-stories","tag-topstories","tag-ukraina","tag-urm","tag-vokietija"],"share_on_mastodon":{"url":"https:\/\/pubeurope.com\/@lt\/117208560127182656","error":""},"_links":{"self":[{"href":"https:\/\/www.europesays.com\/lt\/wp-json\/wp\/v2\/posts\/268600","targetHints":{"allow":["GET"]}}],"collection":[{"href":"https:\/\/www.europesays.com\/lt\/wp-json\/wp\/v2\/posts"}],"about":[{"href":"https:\/\/www.europesays.com\/lt\/wp-json\/wp\/v2\/types\/post"}],"author":[{"embeddable":true,"href":"https:\/\/www.europesays.com\/lt\/wp-json\/wp\/v2\/users\/2"}],"replies":[{"embeddable":true,"href":"https:\/\/www.europesays.com\/lt\/wp-json\/wp\/v2\/comments?post=268600"}],"version-history":[{"count":0,"href":"https:\/\/www.europesays.com\/lt\/wp-json\/wp\/v2\/posts\/268600\/revisions"}],"wp:featuredmedia":[{"embeddable":true,"href":"https:\/\/www.europesays.com\/lt\/wp-json\/wp\/v2\/media\/268601"}],"wp:attachment":[{"href":"https:\/\/www.europesays.com\/lt\/wp-json\/wp\/v2\/media?parent=268600"}],"wp:term":[{"taxonomy":"category","embeddable":true,"href":"https:\/\/www.europesays.com\/lt\/wp-json\/wp\/v2\/categories?post=268600"},{"taxonomy":"post_tag","embeddable":true,"href":"https:\/\/www.europesays.com\/lt\/wp-json\/wp\/v2\/tags?post=268600"}],"curies":[{"name":"wp","href":"https:\/\/api.w.org\/{rel}","templated":true}]}}